{"id":580350,"date":"2025-12-05T17:43:24","date_gmt":"2025-12-05T17:43:24","guid":{"rendered":"https:\/\/www.europesays.com\/fr\/580350\/"},"modified":"2025-12-05T17:43:24","modified_gmt":"2025-12-05T17:43:24","slug":"la-ressourcerie-lilloise-les-recoupettes-ferme-et-liquide-ses-stocks-a-petits-prix-ce-samedi-05-12-2025","status":"publish","type":"post","link":"https:\/\/www.europesays.com\/fr\/580350\/","title":{"rendered":"La ressourcerie lilloise Les r\u00e9coupettes ferme et liquide ses stocks \u00e0 petits prix ce samedi &#8211; 05\/12\/2025"},"content":{"rendered":"<p>\n        Qui dit fermeture d&rsquo;un spot, dit souvent liquidation. La ressourcerie Les R\u00e9coupettes d\u00e9cide d&rsquo;arr\u00eater son activit\u00e9 et de faire partir son stock \u00e0 des prix brad\u00e9s ce samedi 6 d\u00e9cembre. Tissus, outils, d\u00e9co, meubles&#8230; tout y passe. On vous en dit plus.<\/p>\n<p>On a une bonne et une mauvaise nouvelle pour vous. On va commencer par la mauvaise : la ressourcerie lilloise <a target=\"_blank\" href=\"https:\/\/www.vozer.fr\/2020\/08\/10\/slow-fashion-lupcycling-cest-chouette-avec-les-recoupettes\/\" rel=\"noopener\">Les Re\u0301coupettes<\/a>, situ\u00e9e entre les stations Montebello et\u00a0Cormontaigne\u00a0ouverte depuis 2018, ferme d\u00e9finitivement. \u00ab\u00a0Il n&rsquo;y a aucune raison \u00e9conomique dans cette d\u00e9cision. On voulait finir dans quelque chose qui se passe bien. C&rsquo;est juste que j&rsquo;ai fait mon temps, je veux changer d&rsquo;air\u00a0\u00bb explique Laeticia, la porteuse de projet.\u00a0<\/p>\n<p>Les R\u00e9coupettes c&rsquo;\u00e9tait une ressourcerie\u00a0pour tout ce qui touche aux tissus et aux fils, mais aussi une asso. Elle comptait 100 adh\u00e9rent\u00b7es, 30 b\u00e9n\u00e9voles actif\u00b7ves et un conseil d&rsquo;administration de 7 personnes. Les activit\u00e9s du c\u00f4t\u00e9 asso des R\u00e9coupettes s&rsquo;arr\u00eatent donc aussi.<\/p>\n<p>  Tissus, d\u00e9co et meubles brad\u00e9s<\/p>\n<p>La bonne nouvelle, c&rsquo;est que pour liquider ses stocks, elle organise une journ\u00e9e o\u00f9 tout sera brad\u00e9, samedi 6 d\u00e9cembre\u00a0: \u00ab\u00a0Il y aura des \u00e9l\u00e9ments de d\u00e9co, des tissus, de la mercerie et des meubles.\u00a0Les tissus sont \u00e0 6 euros le kilo, et pour le reste, \u00e7a ira de 1 \u00e0 10 euros. Pour les meubles, \u00e7a d\u00e9pendra\u00a0des mod\u00e8les\u00a0\u00bb\u00a0poursuit\u00a0Laeticia.<\/p>\n<p>      <a data-fslightbox=\"lightbox-74382\" data-caption=\"\" href=\"https:\/\/vozer.s3.eu-west-3.amazonaws.com\/production\/1764940918\/1m770lsevq9tjjjpd0bd7mbpxlsm\/les_recoupettes_l4-scaled.jpg\" target=\"_blank\" rel=\"noopener\"><br \/>\n        <img decoding=\"async\" class=\"mw-100 lazy\" alt=\"\" lazy=\"true\" src=\"https:\/\/www.europesays.com\/fr\/wp-content\/uploads\/2025\/12\/les_recoupettes_l4-scaled.webp.webp\"\/><br \/>\n      <\/a><\/p>\n<p>De 10h \u00e0 18h vous pourrez donc passer une derni\u00e8re fois la porte du spot. Laeticia ne sait pas encore ce qu&rsquo;elle va faire apr\u00e8s, mais\u00a0pour l&rsquo;instant, elle compte prendre un petit\u00a0temps pour elle.<\/p>\n","protected":false},"excerpt":{"rendered":"Qui dit fermeture d&rsquo;un spot, dit souvent liquidation. La ressourcerie Les R\u00e9coupettes d\u00e9cide d&rsquo;arr\u00eater son activit\u00e9 et de&hellip;\n","protected":false},"author":2,"featured_media":580351,"comment_status":"","ping_status":"","sticky":false,"template":"","format":"standard","meta":{"footnotes":""},"categories":[2815],"tags":[1111,11,1777,674,1011,27,811,1307,12,25],"class_list":{"0":"post-580350","1":"post","2":"type-post","3":"status-publish","4":"format-standard","5":"has-post-thumbnail","7":"category-lille","8":"tag-actu","9":"tag-actualites","10":"tag-eu","11":"tag-europe","12":"tag-fr","13":"tag-france","14":"tag-hauts-de-france","15":"tag-lille","16":"tag-news","17":"tag-republique-francaise"},"share_on_mastodon":{"url":"https:\/\/pubeurope.com\/@fr\/115668203880960763","error":""},"_links":{"self":[{"href":"https:\/\/www.europesays.com\/fr\/wp-json\/wp\/v2\/posts\/580350","targetHints":{"allow":["GET"]}}],"collection":[{"href":"https:\/\/www.europesays.com\/fr\/wp-json\/wp\/v2\/posts"}],"about":[{"href":"https:\/\/www.europesays.com\/fr\/wp-json\/wp\/v2\/types\/post"}],"author":[{"embeddable":true,"href":"https:\/\/www.europesays.com\/fr\/wp-json\/wp\/v2\/users\/2"}],"replies":[{"embeddable":true,"href":"https:\/\/www.europesays.com\/fr\/wp-json\/wp\/v2\/comments?post=580350"}],"version-history":[{"count":0,"href":"https:\/\/www.europesays.com\/fr\/wp-json\/wp\/v2\/posts\/580350\/revisions"}],"wp:featuredmedia":[{"embeddable":true,"href":"https:\/\/www.europesays.com\/fr\/wp-json\/wp\/v2\/media\/580351"}],"wp:attachment":[{"href":"https:\/\/www.europesays.com\/fr\/wp-json\/wp\/v2\/media?parent=580350"}],"wp:term":[{"taxonomy":"category","embeddable":true,"href":"https:\/\/www.europesays.com\/fr\/wp-json\/wp\/v2\/categories?post=580350"},{"taxonomy":"post_tag","embeddable":true,"href":"https:\/\/www.europesays.com\/fr\/wp-json\/wp\/v2\/tags?post=580350"}],"curies":[{"name":"wp","href":"https:\/\/api.w.org\/{rel}","templated":true}]}}