{"id":580353,"date":"2025-12-05T17:45:15","date_gmt":"2025-12-05T17:45:15","guid":{"rendered":"https:\/\/www.europesays.com\/fr\/580353\/"},"modified":"2025-12-05T17:45:15","modified_gmt":"2025-12-05T17:45:15","slug":"payan-en-tete-vassal-et-allisio-a-laffut-notre-sondage-exclusif-a-100-jours-du-scrutin","status":"publish","type":"post","link":"https:\/\/www.europesays.com\/fr\/580353\/","title":{"rendered":"Payan en t\u00eate, Vassal et Allisio \u00e0 l&rsquo;aff\u00fbt, notre sondage exclusif \u00e0 100 jours du scrutin"},"content":{"rendered":"<p>Sur le papier, tout est encore possible. C\u2019est le principal enseignement \u00e0 tirer \u00e0 100 jours de l\u2019\u00e9lection municipale \u00e0 Marseille de ce sondage Ifop-Fiducial pour <a href=\"https:\/\/www.laprovence.com\/elections\/municipales\" target=\"_blank\" rel=\"noopener\">La Provence<\/a> et Sud Radio. \u00ab\u00a0Beno\u00eet Payan peut \u00eatre r\u00e9\u00e9lu, Martine Vassal prendre sa revanche de\u00a02020 et Franck Allisio gagner la ville\u00a0\u00bb, estime Fr\u00e9d\u00e9ric Dabi, directeur g\u00e9n\u00e9ral de l\u2019institut.<\/p>\n<p>Chez les 829 Marseillais interrog\u00e9s*, trois blocs se dessinent clairement : celui d\u2019une gauche rassembl\u00e9e autour du maire sortant \u00e0 30% des intentions de vote, suivi de pr\u00e8s par le candidat du Rassemblement national \u00e0 27% et de la candidate de la droite et du centre unis \u00e0 26%. \u00ab\u00a0Le rapport de force se dessine, mais l\u2019incertitude demeure\u00a0\u00bb, insiste le sondeur. Et pour cause, avec 4 points d\u2019\u00e9cart entre les trois candidats et une marge d\u2019erreur entre 2,5 et 3 points, le match est serr\u00e9\u2026<\/p>\n<p>De fa\u00e7on purement arithm\u00e9tique, pas besoin de sortir les calculettes, tout est effectivement encore possible. D\u2019autant qu\u2019\u00e0 trois mois du scrutin, \u00ab\u00a0un tiers des \u00e9lecteurs peut encore changer d\u2019avis\u00a0\u00bb, pr\u00e9vient Fr\u00e9d\u00e9ric Dabi. Avec notamment \u00ab\u00a0une grande volatilit\u00e9 chez l\u2019\u00e9lectorat de\u00a0Beno\u00eet Payan et de Martine Vassal\u00a0\u00bb : seuls 40% des Marseillais qui ont l\u2019intention de voter pour ces candidats sont certains de leur choix. Voil\u00e0 pour la photo \u00e0 l\u2019instant T au plan arithm\u00e9tique mais qui ne dit rien de la dynamique &#8211; facteur d\u00e9cisif en politique.<\/p>\n<p>Payan sur ses acquis<\/p>\n<p>Rien n\u2019assure \u00e0 ce stade \u00e0 <a href=\"https:\/\/www.laprovence.com\/article\/elections\/4411600353183314\/municipales-2026-a-marseille-si-on-gagne-martine-vassal-ne-sera-plus-presidente-de-la-metropole-lache-benoit-payan-dvg\" target=\"_blank\" rel=\"noopener\">Beno\u00eet Payan<\/a> une victoire \u00e9clatante. Pour autant, apr\u00e8s l\u2019assassinat de <a href=\"https:\/\/www.laprovence.com\/article\/faits-divers-justice\/9994803228348\/assassinat-de-mehdi-kessaci-a-marseille-la-piste-d-un-commando-professionnel-se-precise-apres-l-autopsie\" target=\"_blank\" rel=\"noopener\">Mehdi Kessaci<\/a>, dans un contexte tendu sur la question s\u00e9curitaire \u00e0 Marseille &#8211; sujet dont s\u2019est empar\u00e9e la droite et l\u2019extr\u00eame droite entr\u00e9es en campagne il y a d\u00e9j\u00e0 plusieurs semaines d\u00e9j\u00e0 &#8211; le maire sortant vire en t\u00eate sans avoir d\u00e9clar\u00e9 sa candidature, ni esquiss\u00e9 le d\u00e9but d\u2019un acte de campagne. \u00ab\u00a0Le socle de 30% de Beno\u00eet Payan est int\u00e9ressant. Il est parfaitement dans l\u2019\u00e9tiage des maires sortants et au-dessus du score de premier tour du Printemps marseillais en\u00a02020, analyse Fr\u00e9d\u00e9ric Dabi. Il fait des scores tr\u00e8s \u00e9lev\u00e9s chez les cadres sup\u00e9rieurs et chez les 35-49\u00a0ans.\u00a0On peut dire que le Marseille du travail est favorable \u00e0 Beno\u00eet Payan\u00a0\u00bb.<\/p>\n<p>\u00c0 ce stade, il rassemble d\u00e9j\u00e0 60% des \u00e9lecteurs de Mich\u00e8le Rubirola et de S\u00e9bastien Barles en 2020 &#8211; \u00ab\u00a0et peut faire encore mieux\u00a0\u00bb. Fait plus marquant, il\u00a0capte d\u2019entr\u00e9e de jeu 48% des \u00e9lecteurs de Jean-Luc M\u00e9lenchon \u00e0 l\u2019\u00e9lection pr\u00e9sidentielle de\u00a02022, affaiblissant de fait le candidat LFI, S\u00e9bastien Delogu.<\/p>\n<p>Martine Vassal et Franck Allisio au coude-\u00e0-coude<\/p>\n<p>Au gr\u00e9 des diff\u00e9rents sondages, comme dans une course de petits chevaux, <a href=\"https:\/\/www.laprovence.com\/article\/elections\/1001082518241915\/municipales-2026-a-marseille-je-veux-un-choc-dautorite-et-fiscal-notre-interview-exclusive-de-martine-vassal\" target=\"_blank\" rel=\"noopener\">Martine Vassal <\/a>et<a href=\"https:\/\/www.laprovence.com\/article\/elections\/273551463103214\/municipales-2026-a-marseille-mon-adversaire-c-est-benoit-payan-estime-franck-allisio-rn\" target=\"_blank\" rel=\"noopener\"> Franck Allisio<\/a> se disputent depuis plusieurs semaines la place de meilleur challenger. L\u2019enqu\u00eate de terrain ayant pris fin le 1er\u00a0d\u00e9cembre, les impacts de la pol\u00e9mique autour d\u2019une <a href=\"https:\/\/www.laprovence.com\/article\/elections\/16048613199679\/municipales-2026-a-marseille-en-ouvrant-la-porte-au-rn-martine-vassal-declenche-une-tempete\" target=\"_blank\" rel=\"noopener\">\u00e9ventuelle alliance entre la candidate de la droite et celui d\u2019extr\u00eame droite<\/a> dans l\u2019entre-deux tours ne peuvent pas \u00eatre \u00e9valu\u00e9s dans ce sondage.<\/p>\n<p>Pour autant, parti en campagne en juin dernier, le candidat du Rassemblement national appara\u00eet dans l\u2019enqu\u00eate avec un \u00ab\u00a0\u00e9lectorat mobilis\u00e9 et solide\u00a0\u00bb et une sociologie diff\u00e9rente de celle observ\u00e9e dans les autres villes, selon le sondeur. \u00ab\u00a0La structure \u00e9lectorale de Franck Allisio est diff\u00e9rente du vote RN national, d\u00e9crypte Fr\u00e9d\u00e9ric Dabi. Il fait de bien meilleur score chez les 50 ans et plus. Le vote par cat\u00e9gorie sociale est assez \u00e9quilibr\u00e9 avec un meilleur score chez les retrait\u00e9s. Cela refl\u00e8te la surrepr\u00e9sentation d\u2019anciens \u00e9lecteurs de droite dans l\u2019\u00e9lectorat du candidat.\u00a0\u00bb<\/p>\n<p>Le glissement d\u2019un \u00e9lectorat de droite traditionnelle affirm\u00e9e vers un Rassemblement national d\u00e9diabolis\u00e9 se confirme : 28% des Marseillais ayant vot\u00e9 Martine Vassal en 2020 se portent directement pour 2026 vers Franck Allisio. Lequel ne rebute pas, malgr\u00e9 son pass\u00e9 \u00e0 l\u2019UMP et la mise \u00e0 l\u2019\u00e9cart de St\u00e9phane Ravier, les frontistes historiques : 93% des \u00e9lecteurs de St\u00e9phane Ravier en 2020 lui donnent leur suffrage.<\/p>\n<p>Port\u00e9 par le climat anxiog\u00e8ne apr\u00e8s l\u2019assassinat de Mehdi Kessaci, Franck Allisio m\u00e8ne l\u2019extr\u00eame droite \u00e0 un niveau in\u00e9dit au plan municipal \u00e0 Marseille sans pour autant distancer compl\u00e8tement Martine Vassal qui \u00ab\u00a0reste dans la course\u00a0\u00bb apr\u00e8s avoir essentiellement centr\u00e9 son d\u00e9but de campagne sur la question de la s\u00e9curit\u00e9. La candidate garde la confiance de\u00a054% de son \u00e9lectorat de\u00a02020, de la grande majorit\u00e9 des \u00e9lecteurs macronistes de la pr\u00e9sidentielle de\u00a02022 et capte, aussi, 40% de l\u2019\u00e9lectorat d\u2019Eric Zemmour.<\/p>\n<p>L\u2019histoire ne dit pas encore dans quelle mesure<a href=\"https:\/\/www.laprovence.com\/article\/elections\/1022749052412814\/municipales-2026-a-marseille-nora-preziosi-candidate-en-binome-avec-erwan-davoux-laccusateur-de-martine-vassal\" target=\"_blank\" rel=\"noopener\"> Erwan Davoux<\/a> aujourd\u2019hui cr\u00e9dit\u00e9 de 2% pourrait parasiter sa candidature. L\u2019ancien fonctionnaire du D\u00e9partement, alli\u00e9 \u00e0 Nora Preziosi, ancienne pr\u00e9sidente de 13 Habitat, est \u00e0 l\u2019origine de l\u2019ouverture d\u2019une enqu\u00eate pour d\u00e9tournement de fonds publics visant Martine Vassal.<\/p>\n<p>Delogu (d\u00e9)faiseur de roi<\/p>\n<p>En embuscade derri\u00e8re ces trois blocs, <a href=\"https:\/\/www.laprovence.com\/article\/region\/2133863685105415\/municipales-2026-a-marseille-a-saint-mauront-sebastien-delogu-appelle-le-peuple-a-aller-voter\" target=\"_blank\" rel=\"noopener\">S\u00e9bastien Delogu<\/a> appara\u00eet comme \u00ab\u00a0faiseur ou d\u00e9faiseur de roi\u00a0\u00bb. \u00ab\u00a0Son score est significatif mais pas \u00e9crasant\u00a0\u00bb, note Fr\u00e9d\u00e9ric Dabi. Le candidat de La France insoumise ne drague pas l\u2019essentiel de l\u2019\u00e9lectorat m\u00e9lenchoniste de 2022 &#8211; seulement 39% &#8211; mais entre, lui aussi, \u00e0 peine en campagne. Il tiendra ce samedi son premier grand meeting \u00e0 Marseille en compagnie de Manuel Bompard et Assa Traor\u00e9. Le d\u00e9put\u00e9 des quartiers Nord aux postures d\u2019influenceur sur les r\u00e9seaux sociaux fait jeu \u00e9gal avec Beno\u00eet Payan et Franck Allisio au sein des cat\u00e9gories populaires mais fait peur aux retrait\u00e9s.<\/p>\n<p>\u00ab\u00a0On observe trois forces \u00e9quivalentes. Et, \u00e0 la diff\u00e9rence d\u2019une ville lambda, le terrain de jeu sociologique des candidats est assez proche. Aucun candidat ne fait le break clairement dans aucune des cat\u00e9gories\u00a0\u00bb, rel\u00e8ve Fr\u00e9d\u00e9ric Dabi. Le jeu se r\u00e9v\u00e9lant d\u2019autant plus ouvert, les candidats vont devoir couvrir plusieurs li\u00e8vres \u00e0 la fois\u2026<\/p>\n<p><strong>*Enqu\u00eate Ifop-Fiducial pour La Provence et Sud Radio, men\u00e9e aupr\u00e8s d\u2019un \u00e9chantillon de 829 personnes inscrites sur les listes \u00e9lectorales, repr\u00e9sentatif de la population marseillaise \u00e2g\u00e9e de 18 ans et plus, selon la m\u00e9thode des quotas apr\u00e8s stratification par secteur. Les interviews ont \u00e9t\u00e9 men\u00e9es par t\u00e9l\u00e9phone du 25 novembre au 1er d\u00e9cembre 2025.<\/strong><\/p>\n","protected":false},"excerpt":{"rendered":"Sur le papier, tout est encore possible. C\u2019est le principal enseignement \u00e0 tirer \u00e0 100 jours de l\u2019\u00e9lection&hellip;\n","protected":false},"author":2,"featured_media":580354,"comment_status":"","ping_status":"","sticky":false,"template":"","format":"standard","meta":{"footnotes":""},"categories":[2814],"tags":[17,5734,1111,11,19140,5949,1777,674,1011,27,884,3554,12,19988,882,25,17643,14243],"class_list":{"0":"post-580353","1":"post","2":"type-post","3":"status-publish","4":"format-standard","5":"has-post-thumbnail","7":"category-marseille","8":"tag-17","9":"tag-5734","10":"tag-actu","11":"tag-actualites","12":"tag-allisio","13":"tag-elections","14":"tag-eu","15":"tag-europe","16":"tag-fr","17":"tag-france","18":"tag-marseille","19":"tag-municipales","20":"tag-news","21":"tag-payan","22":"tag-provence-alpes-cote-dazur","23":"tag-republique-francaise","24":"tag-tete","25":"tag-vassal"},"share_on_mastodon":{"url":"https:\/\/pubeurope.com\/@fr\/115668210607941345","error":""},"_links":{"self":[{"href":"https:\/\/www.europesays.com\/fr\/wp-json\/wp\/v2\/posts\/580353","targetHints":{"allow":["GET"]}}],"collection":[{"href":"https:\/\/www.europesays.com\/fr\/wp-json\/wp\/v2\/posts"}],"about":[{"href":"https:\/\/www.europesays.com\/fr\/wp-json\/wp\/v2\/types\/post"}],"author":[{"embeddable":true,"href":"https:\/\/www.europesays.com\/fr\/wp-json\/wp\/v2\/users\/2"}],"replies":[{"embeddable":true,"href":"https:\/\/www.europesays.com\/fr\/wp-json\/wp\/v2\/comments?post=580353"}],"version-history":[{"count":0,"href":"https:\/\/www.europesays.com\/fr\/wp-json\/wp\/v2\/posts\/580353\/revisions"}],"wp:featuredmedia":[{"embeddable":true,"href":"https:\/\/www.europesays.com\/fr\/wp-json\/wp\/v2\/media\/580354"}],"wp:attachment":[{"href":"https:\/\/www.europesays.com\/fr\/wp-json\/wp\/v2\/media?parent=580353"}],"wp:term":[{"taxonomy":"category","embeddable":true,"href":"https:\/\/www.europesays.com\/fr\/wp-json\/wp\/v2\/categories?post=580353"},{"taxonomy":"post_tag","embeddable":true,"href":"https:\/\/www.europesays.com\/fr\/wp-json\/wp\/v2\/tags?post=580353"}],"curies":[{"name":"wp","href":"https:\/\/api.w.org\/{rel}","templated":true}]}}