{"id":580355,"date":"2025-12-05T17:46:16","date_gmt":"2025-12-05T17:46:16","guid":{"rendered":"https:\/\/www.europesays.com\/fr\/580355\/"},"modified":"2025-12-05T17:46:16","modified_gmt":"2025-12-05T17:46:16","slug":"un-dixieme-policier-mis-en-examen-pour-violences-aggravees-liberation","status":"publish","type":"post","link":"https:\/\/www.europesays.com\/fr\/580355\/","title":{"rendered":"un dixi\u00e8me policier mis en examen, pour \u00abviolences aggrav\u00e9es\u00bb \u2013 Lib\u00e9ration"},"content":{"rendered":"<p class=\"sc-cPiKLX AiZTS text-element\">Un policier a \u00e9t\u00e9 mis en examen pour \u00abviolences aggrav\u00e9es\u00bb pour le passage \u00e0 tabac d\u2019une jeune femme par les forces de l\u2019ordre en marge d\u2019<a href=\"https:\/\/www.liberation.fr\/societe\/police-justice\/marseille-plusieurs-policiers-en-garde-a-vue-le-tabassage-dune-jeune-femme-en-2018-pendant-les-gilets-jaunes-20251002_WLSHP2NXOFBCBFITDCGK6X3FRQ\/\" target=\"_blank\" rel=\"noreferrer noopener\" title=\"https:\/\/www.liberation.fr\/societe\/police-justice\/marseille-plusieurs-policiers-en-garde-a-vue-le-tabassage-dune-jeune-femme-en-2018-pendant-les-gilets-jaunes-20251002_WLSHP2NXOFBCBFITDCGK6X3FRQ\/\">une manifestation \u00e0 Marseille en 2018<\/a>, a annonc\u00e9 ce vendredi 5 d\u00e9cembre le parquet de la ville. Sept ans apr\u00e8s les faits, il s\u2019agit du premier policier directement incrimin\u00e9 pour les violents coups re\u00e7us par Angelina, jeune femme de 19 ans qui se faisait jusqu\u2019alors appeler \u00abMaria\u00bb : le 8 d\u00e9cembre 2018, elle avait eu le cr\u00e2ne fractur\u00e9, lui occasionnant d\u2019importantes s\u00e9quelles.<\/p>\n<p class=\"sc-cPiKLX AiZTS text-element\">Le policier a \u00e9t\u00e9 mis en examen pour \u00abviolences aggrav\u00e9es par trois circonstances (arme, r\u00e9union et par une personne d\u00e9positaire de l\u2019autorit\u00e9 publique)\u00bb mais aussi pour \u00abnon-assistance \u00e0 personne en danger\u00bb, selon un communiqu\u00e9 du parquet. Le parquet avait requis un placement en d\u00e9tention provisoire, mais le juge des libert\u00e9s a d\u00e9cid\u00e9 de placer le fonctionnaire \u00absous contr\u00f4le judiciaire avec interdiction d\u2019exercer\u00bb, ce dont le parquet a indiqu\u00e9 n\u2019avoir pas intention de faire appel \u00ab\u00e0 ce stade\u00bb.<\/p>\n<p class=\"sc-cPiKLX AiZTS text-element\">Un second fonctionnaire de police a \u00e9galement \u00e9t\u00e9 mis en examen pour \u00abnon-assistance \u00e0 personne en danger\u00bb, selon la m\u00eame source, qui pr\u00e9cise qu\u2019il avait lui aussi \u00e9t\u00e9 plac\u00e9 sous contr\u00f4le judiciaire. Selon <a href=\"https:\/\/www.mediapart.fr\/journal\/france\/051225\/marseille-un-policier-mis-en-examen-pour-avoir-fracasse-le-crane-d-angelina\" target=\"_blank\" rel=\"noreferrer noopener\" title=\"https:\/\/www.mediapart.fr\/journal\/france\/051225\/marseille-un-policier-mis-en-examen-pour-avoir-fracasse-le-crane-d-angelina\">Mediapart<\/a>, le fonctionnaire \u00e9tait affect\u00e9 au moment des faits \u00e0 la Bac nord de Marseille et a depuis \u00e9t\u00e9 mut\u00e9 \u00e0 Toulon. Avec ces nouvelles mises en cause, cela porte \u00e0 dix le nombre de policiers mis en examen. Outre les deux cas pr\u00e9cit\u00e9s, les huit autres fonctionnaires sont poursuivis pour \u00abnon-assistance \u00e0 personne en danger\u00bb, dont l\u2019un est \u00e9galement poursuivi pour violences aggrav\u00e9es sur le petit ami d\u2019Angelina, qui se trouvait avec elle au moment des faits.<\/p>\n<p class=\"sc-cPiKLX AiZTS text-element\">Ce 8 d\u00e9cembre 2018, lors d\u2019un jour de manifestations \u00e0 Marseille, la jeune vendeuse, qui rentrait du travail accompagn\u00e9 de celui qui \u00e9tait son petit ami \u00e0 l\u2019\u00e9poque, avait \u00e9t\u00e9 atteinte par un tir de LBD \u00e0 la cuisse, dans une ruelle du c\u0153ur commer\u00e7ant de la ville. Elle avait \u00e9t\u00e9 ensuite violemment frapp\u00e9e au sol par une quinzaine de policiers, \u00e0 coups de pied et de matraques. En voulant la prot\u00e9ger, son petit ami avait \u00e9galement \u00e9t\u00e9 violent\u00e9 par les forces de l\u2019ordre.<\/p>\n<p class=\"sc-cPiKLX AiZTS text-element\">Ce jour-l\u00e0, plusieurs manifestations s\u2019\u00e9taient rejointes dans le centre-ville, o\u00f9 un dispositif de s\u00e9curit\u00e9 mobilisait 500 policiers : une marche contre l\u2019habitat indigne, un mois apr\u00e8s l\u2019effondrement meurtrier des immeubles de <a href=\"https:\/\/www.liberation.fr\/dossier\/effondrements-rue-aubagne-marseille\/\" target=\"_blank\" rel=\"noreferrer noopener\" title=\"https:\/\/www.liberation.fr\/dossier\/effondrements-rue-aubagne-marseille\/\">la rue d\u2019Aubagne,<\/a> une marche pour le climat et une manifestation de gilets jaunes.<\/p>\n","protected":false},"excerpt":{"rendered":"Un policier a \u00e9t\u00e9 mis en examen pour \u00abviolences aggrav\u00e9es\u00bb pour le passage \u00e0 tabac d\u2019une jeune femme&hellip;\n","protected":false},"author":2,"featured_media":580356,"comment_status":"","ping_status":"","sticky":false,"template":"","format":"standard","meta":{"footnotes":""},"categories":[2814],"tags":[1111,11,1777,674,1011,27,23169,884,12,882,25,7374],"class_list":{"0":"post-580355","1":"post","2":"type-post","3":"status-publish","4":"format-standard","5":"has-post-thumbnail","7":"category-marseille","8":"tag-actu","9":"tag-actualites","10":"tag-eu","11":"tag-europe","12":"tag-fr","13":"tag-france","14":"tag-gilets-jaunes","15":"tag-marseille","16":"tag-news","17":"tag-provence-alpes-cote-dazur","18":"tag-republique-francaise","19":"tag-violences-policieres"},"share_on_mastodon":{"url":"https:\/\/pubeurope.com\/@fr\/115668214423549582","error":""},"_links":{"self":[{"href":"https:\/\/www.europesays.com\/fr\/wp-json\/wp\/v2\/posts\/580355","targetHints":{"allow":["GET"]}}],"collection":[{"href":"https:\/\/www.europesays.com\/fr\/wp-json\/wp\/v2\/posts"}],"about":[{"href":"https:\/\/www.europesays.com\/fr\/wp-json\/wp\/v2\/types\/post"}],"author":[{"embeddable":true,"href":"https:\/\/www.europesays.com\/fr\/wp-json\/wp\/v2\/users\/2"}],"replies":[{"embeddable":true,"href":"https:\/\/www.europesays.com\/fr\/wp-json\/wp\/v2\/comments?post=580355"}],"version-history":[{"count":0,"href":"https:\/\/www.europesays.com\/fr\/wp-json\/wp\/v2\/posts\/580355\/revisions"}],"wp:featuredmedia":[{"embeddable":true,"href":"https:\/\/www.europesays.com\/fr\/wp-json\/wp\/v2\/media\/580356"}],"wp:attachment":[{"href":"https:\/\/www.europesays.com\/fr\/wp-json\/wp\/v2\/media?parent=580355"}],"wp:term":[{"taxonomy":"category","embeddable":true,"href":"https:\/\/www.europesays.com\/fr\/wp-json\/wp\/v2\/categories?post=580355"},{"taxonomy":"post_tag","embeddable":true,"href":"https:\/\/www.europesays.com\/fr\/wp-json\/wp\/v2\/tags?post=580355"}],"curies":[{"name":"wp","href":"https:\/\/api.w.org\/{rel}","templated":true}]}}