{"id":580357,"date":"2025-12-05T17:47:13","date_gmt":"2025-12-05T17:47:13","guid":{"rendered":"https:\/\/www.europesays.com\/fr\/580357\/"},"modified":"2025-12-05T17:47:13","modified_gmt":"2025-12-05T17:47:13","slug":"elles-partaient-de-lyon-par-bateau","status":"publish","type":"post","link":"https:\/\/www.europesays.com\/fr\/580357\/","title":{"rendered":"elles partaient de Lyon par bateau"},"content":{"rendered":"<p>Une op\u00e9ration judiciaire men\u00e9e par la section de recherches de Lyon (SR) de Lyon ce lundi 1er\u00a0d\u00e9cembre a permis le d\u00e9mant\u00e8lement d\u2019un r\u00e9seau international de trafic de v\u00e9hicules de luxe. Vol\u00e9s en Suisse et dans le Rh\u00f4ne, ils \u00e9taient achemin\u00e9s par container maritime vers l\u2019Afrique.\u00a0<\/p>\n<p>L\u2019enqu\u00eate des gendarmes a d\u00e9marr\u00e9 il y a cinq mois. D\u00e9but juillet\u00a02025, la section de recherches de Lyon s\u2019est int\u00e9ress\u00e9e \u00e0 la pr\u00e9sence, sur la commune de Solaize, d\u2019une voiture de luxe d\u00e9rob\u00e9e en Suisse. Les enqu\u00eateurs ont pu identifier une \u00e9quipe de malfaiteurs qu\u2019ils soup\u00e7onnent d\u2019exporter des v\u00e9hicules par conteneurs maritimes depuis le port de Lyon.<\/p>\n<p>Mi-juillet, les gendarmes de la brigade fluviale et nautique de Port-Saint-Louis-du-Rh\u00f4ne (13) ont intercept\u00e9, de leur c\u00f4t\u00e9, sur le Rh\u00f4ne, un conteneur charg\u00e9 \u00e0 destination de l\u2019Afrique. \u00c0 l\u2019int\u00e9rieur, sont d\u00e9couverts trois v\u00e9hicules de luxe de marque Mercedes, Audi et Range Rover ainsi que du mat\u00e9riel de sonorisation pour une valeur de 450\u00a0000\u00a0euros.<\/p>\n<p>  Les cinq suspects seront jug\u00e9s en f\u00e9vrier<\/p>\n<p>Le 1er\u00a0d\u00e9cembre, lors d\u2019une op\u00e9ration judiciaire d\u00e9clench\u00e9e simultan\u00e9ment dans le Rh\u00f4ne, la Loire et la Dr\u00f4me, cinq individus, tous soup\u00e7onn\u00e9s d\u2019\u00eatre impliqu\u00e9s \u00e0 des degr\u00e9s divers dans le trafic ont \u00e9t\u00e9 arr\u00eat\u00e9s. Les gendarmes ont mis la main sur d\u2019autres de grosses cylindr\u00e9es et des objets de marque (montres, chaussures notamment).<\/p>\n<p>\u00c0 l\u2019issue de leur garde \u00e0 vue, les suspects ont \u00e9t\u00e9 d\u00e9f\u00e9r\u00e9s et poursuivis par le parquet de Lyon. Ils seront jug\u00e9s\u00a0le 2\u00a0f\u00e9vrier 2026\u00a0selon la proc\u00e9dure de comparution \u00e0 d\u00e9lai diff\u00e9r\u00e9. Dans l\u2019attente de leur jugement, quatre ont \u00e9t\u00e9 plac\u00e9s en d\u00e9tention provisoire, le cinqui\u00e8me a \u00e9t\u00e9\u00a0plac\u00e9 sous contr\u00f4le judiciaire.<\/p>\n","protected":false},"excerpt":{"rendered":"Une op\u00e9ration judiciaire men\u00e9e par la section de recherches de Lyon (SR) de Lyon ce lundi 1er\u00a0d\u00e9cembre a&hellip;\n","protected":false},"author":2,"featured_media":580358,"comment_status":"","ping_status":"","sticky":false,"template":"","format":"standard","meta":{"footnotes":""},"categories":[1889],"tags":[1111,11,2430,271,272,2730,3152,2757,1777,674,274,107,1011,27,3367,2428,2756,12,25,2429,13170],"class_list":{"0":"post-580357","1":"post","2":"type-post","3":"status-publish","4":"format-standard","5":"has-post-thumbnail","7":"category-lyon","8":"tag-actu","9":"tag-actualites","10":"tag-auvergne-rhone-alpes","11":"tag-crime","12":"tag-delit-et-contravention","13":"tag-drome","14":"tag-edition-est-lyonnais","15":"tag-edition-lyon-villeurbanne","16":"tag-eu","17":"tag-europe","18":"tag-faits-divers-justice","19":"tag-fil-info","20":"tag-fr","21":"tag-france","22":"tag-loire","23":"tag-lyon","24":"tag-lyon-bassin","25":"tag-news","26":"tag-republique-francaise","27":"tag-rhone","28":"tag-solaize"},"share_on_mastodon":{"url":"https:\/\/pubeurope.com\/@fr\/115668218390008161","error":""},"_links":{"self":[{"href":"https:\/\/www.europesays.com\/fr\/wp-json\/wp\/v2\/posts\/580357","targetHints":{"allow":["GET"]}}],"collection":[{"href":"https:\/\/www.europesays.com\/fr\/wp-json\/wp\/v2\/posts"}],"about":[{"href":"https:\/\/www.europesays.com\/fr\/wp-json\/wp\/v2\/types\/post"}],"author":[{"embeddable":true,"href":"https:\/\/www.europesays.com\/fr\/wp-json\/wp\/v2\/users\/2"}],"replies":[{"embeddable":true,"href":"https:\/\/www.europesays.com\/fr\/wp-json\/wp\/v2\/comments?post=580357"}],"version-history":[{"count":0,"href":"https:\/\/www.europesays.com\/fr\/wp-json\/wp\/v2\/posts\/580357\/revisions"}],"wp:featuredmedia":[{"embeddable":true,"href":"https:\/\/www.europesays.com\/fr\/wp-json\/wp\/v2\/media\/580358"}],"wp:attachment":[{"href":"https:\/\/www.europesays.com\/fr\/wp-json\/wp\/v2\/media?parent=580357"}],"wp:term":[{"taxonomy":"category","embeddable":true,"href":"https:\/\/www.europesays.com\/fr\/wp-json\/wp\/v2\/categories?post=580357"},{"taxonomy":"post_tag","embeddable":true,"href":"https:\/\/www.europesays.com\/fr\/wp-json\/wp\/v2\/tags?post=580357"}],"curies":[{"name":"wp","href":"https:\/\/api.w.org\/{rel}","templated":true}]}}