{"id":580359,"date":"2025-12-05T17:48:14","date_gmt":"2025-12-05T17:48:14","guid":{"rendered":"https:\/\/www.europesays.com\/fr\/580359\/"},"modified":"2025-12-05T17:48:14","modified_gmt":"2025-12-05T17:48:14","slug":"lyon-les-10-erreurs-a-eviter-pour-profiter-pleinement-de-la-fete-des-lumieres","status":"publish","type":"post","link":"https:\/\/www.europesays.com\/fr\/580359\/","title":{"rendered":"Lyon. Les 10 erreurs \u00e0 \u00e9viter pour profiter pleinement de la F\u00eate des Lumi\u00e8res"},"content":{"rendered":"<p>  1. Improviser son parcours<\/p>\n<p>Avec un programme resserr\u00e9 et des installations parfois \u00e9loign\u00e9es, mieux vaut pr\u00e9parer son itin\u00e9raire.<\/p>\n<p><a href=\"https:\/\/www.leprogres.fr\/culture-loisirs\/2025\/12\/03\/fete-des-lumieres-2025-planifiez-votre-parcours-a-lyon\" target=\"_blank\" rel=\"noopener\">Notre carte interactive<\/a> permet d\u2019identifier les \u0153uvres majeures, \u00e9viter les zones engorg\u00e9es. Cette ann\u00e9e encore, la r\u00e9daction du Progr\u00e8s propose plusieurs parcours th\u00e9matiques pour optimiser sa visite.<\/p>\n<p>  2. Arriver tard<\/p>\n<p>Les illuminations d\u00e9butent \u00e0 19 heures (18 heures le dimanche). Pour les lieux les plus pris\u00e9s, comme le spectacle a\u00e9rien de la T\u00eate d\u2019Or, arriver t\u00f4t permet d\u2019\u00e9viter les files et de se garantir une bonne visibilit\u00e9.<\/p>\n<p>  3. Venir en voiture, en trottinette\u2026 ou en poussette<\/p>\n<p>La Presqu\u2019\u00eele sera enti\u00e8rement pi\u00e9tonne chaque soir, tandis que <a href=\"https:\/\/www.leprogres.fr\/culture-loisirs\/2025\/12\/01\/fete-des-lumieres-le-centre-ville-et-la-tete-d-or-sous-haute-surveillance\" target=\"_blank\" rel=\"noopener\">deux p\u00e9rim\u00e8tres de s\u00e9curit\u00e9 seront mis en place durant les quatre jours de f\u00eate<\/a>. Voitures, v\u00e9los, trottinettes\u00a0: tout est interdit. Les poussettes restent tol\u00e9r\u00e9es mais fortement d\u00e9conseill\u00e9es. Les transports en commun restent la meilleure option d\u2019apr\u00e8s la Ville (\u00e9viter autant que possible la station Vieux Lyon &#8211; Saint-Jean\u00a0!), m\u00eame si des perturbations sont fortement envisag\u00e9es sur la ligne du m\u00e9tro D, les salari\u00e9s TCL ayant annonc\u00e9 faire gr\u00e8ve les 5, 6 et 7\u00a0d\u00e9cembre prochains.<\/p>\n<p>  4. \u00catre trop encombr\u00e9<\/p>\n<p>Les contr\u00f4les seront organis\u00e9s aux points d\u2019entr\u00e9e du p\u00e9rim\u00e8tre pi\u00e9ton\u00a0: fouilles visuelles, palpations, inspections des sacs. Les bagages volumineux et les gros sacs \u00e0 dos ralentiront votre entr\u00e9e. Mieux vaut all\u00e9ger au maximum et \u00e9viter tout r\u00e9cipient en verre, p\u00e9tard, et autre arme par destination (ou m\u00eame arme tout court), qui se verra refus\u00e9 \u00e0 l\u2019entr\u00e9e.<\/p>\n<p>  5. R\u00e9server son logement au dernier moment<\/p>\n<p>\u00c0 plusieurs semaines de l\u2019\u00e9v\u00e9nement, les <a href=\"https:\/\/www.leprogres.fr\/economie\/2025\/11\/17\/fete-des-lumieres-les-hotels-font-le-plein-le-taux-d-occupation-en-hausse-de-19\" target=\"_blank\" rel=\"noopener\">taux d\u2019occupation d\u00e9passent d\u00e9j\u00e0 les 83\u00a0%<\/a>. Il reste des alternatives\u00a0: h\u00e9bergements en p\u00e9riph\u00e9rie, chambres chez l\u2019habitant, ou communes bien desservies en transports en commun, mais les places sont ch\u00e8res.<\/p>\n<p>  6. Perdre ses enfants de vue<\/p>\n<p>Avec pr\u00e8s de deux millions de visiteurs attendus, d\u00e9finir un point de rassemblement avant d\u2019entrer dans le p\u00e9rim\u00e8tre semble indispensable. Dans le cas o\u00f9 la cohue emp\u00eacherait tout ralliement, 14 points d\u2019accueil de la Croix Rouge seront diss\u00e9min\u00e9s \u00e0 plusieurs endroits du p\u00e9rim\u00e8tre, tandis que les forces de l\u2019ordre seront pr\u00e9sentes aux points d\u2019entr\u00e9es et de sortie de ce dernier.<\/p>\n<p>  7. Ignorer le fl\u00e9chage<\/p>\n<p>Le sens de circulation mis en place par la Ville peut sembler contraignant. Pourtant, c\u2019est lui qui permet d\u2019\u00e9viter les goulots d\u2019\u00e9tranglement. Le suivre, c\u2019est gagner du temps et de la visibilit\u00e9 sur les installations, malgr\u00e9 l\u2019impression de d\u00e9tour.<\/p>\n<p>  8. Sous-estimer le froid, la pluie \u2014 ou les kilom\u00e8tres<\/p>\n<p>Entre la marche et les files d\u2019attente, les v\u00eatements chauds, bonnet, gants et surtout de bonnes chaussures sont essentiels. \u00c0 noter que cette ann\u00e9e, le spectacle de drones au-dessus du parc de la T\u00eate d\u2019Or sera renouvel\u00e9 toutes les 30 minutes, le temps de recharger les batteries des appareils. L\u2019attente risque donc d\u2019\u00eatre longue, mais le spectacle \u00e0 la hauteur du rendez-vous. Attention aussi \u00e0 la pluie, qui devrait s\u2019inviter.<\/p>\n<p>  9. \u00catre trop aventureux pour manger<\/p>\n<p>Un food court officiel est pr\u00e9vu \u00e0 Bellecour, il y a aussi les tr\u00e8s nombreux restaurateurs et les stands identifi\u00e9s. Si le vin chaud est un grand classique de la F\u00eate, les vendeurs ambulants non r\u00e9f\u00e9renc\u00e9s qui pr\u00e9parent \u00e0 manger, peuvent parfois ne pas offrir toutes les garanties de norme ou de s\u00e9curit\u00e9\u2026 \u00c0 vos risques et p\u00e9rils\u00a0!<\/p>\n<p>  10. Oublier de quoi patienter<\/p>\n<p>Les enfants et les adultes peuvent vite s\u2019ennuyer et s\u2019\u00e9nerver lors des longues marches et des files d\u2019attente dans le froid. Pr\u00e9voir un casque audio ou une simple liste de jeux peut s\u2019av\u00e9rer salvateur\u2026<\/p>\n","protected":false},"excerpt":{"rendered":"1. Improviser son parcours Avec un programme resserr\u00e9 et des installations parfois \u00e9loign\u00e9es, mieux vaut pr\u00e9parer son itin\u00e9raire.&hellip;\n","protected":false},"author":2,"featured_media":580360,"comment_status":"","ping_status":"","sticky":false,"template":"","format":"standard","meta":{"footnotes":""},"categories":[1889],"tags":[1111,11,2430,1687,2757,1777,674,3326,1011,27,2428,2756,12,25],"class_list":{"0":"post-580359","1":"post","2":"type-post","3":"status-publish","4":"format-standard","5":"has-post-thumbnail","7":"category-lyon","8":"tag-actu","9":"tag-actualites","10":"tag-auvergne-rhone-alpes","11":"tag-culture-loisirs","12":"tag-edition-lyon-villeurbanne","13":"tag-eu","14":"tag-europe","15":"tag-fete-locale","16":"tag-fr","17":"tag-france","18":"tag-lyon","19":"tag-lyon-bassin","20":"tag-news","21":"tag-republique-francaise"},"share_on_mastodon":{"url":"https:\/\/pubeurope.com\/@fr\/115668222157838186","error":""},"_links":{"self":[{"href":"https:\/\/www.europesays.com\/fr\/wp-json\/wp\/v2\/posts\/580359","targetHints":{"allow":["GET"]}}],"collection":[{"href":"https:\/\/www.europesays.com\/fr\/wp-json\/wp\/v2\/posts"}],"about":[{"href":"https:\/\/www.europesays.com\/fr\/wp-json\/wp\/v2\/types\/post"}],"author":[{"embeddable":true,"href":"https:\/\/www.europesays.com\/fr\/wp-json\/wp\/v2\/users\/2"}],"replies":[{"embeddable":true,"href":"https:\/\/www.europesays.com\/fr\/wp-json\/wp\/v2\/comments?post=580359"}],"version-history":[{"count":0,"href":"https:\/\/www.europesays.com\/fr\/wp-json\/wp\/v2\/posts\/580359\/revisions"}],"wp:featuredmedia":[{"embeddable":true,"href":"https:\/\/www.europesays.com\/fr\/wp-json\/wp\/v2\/media\/580360"}],"wp:attachment":[{"href":"https:\/\/www.europesays.com\/fr\/wp-json\/wp\/v2\/media?parent=580359"}],"wp:term":[{"taxonomy":"category","embeddable":true,"href":"https:\/\/www.europesays.com\/fr\/wp-json\/wp\/v2\/categories?post=580359"},{"taxonomy":"post_tag","embeddable":true,"href":"https:\/\/www.europesays.com\/fr\/wp-json\/wp\/v2\/tags?post=580359"}],"curies":[{"name":"wp","href":"https:\/\/api.w.org\/{rel}","templated":true}]}}