{"id":580370,"date":"2025-12-05T17:55:13","date_gmt":"2025-12-05T17:55:13","guid":{"rendered":"https:\/\/www.europesays.com\/fr\/580370\/"},"modified":"2025-12-05T17:55:13","modified_gmt":"2025-12-05T17:55:13","slug":"les-yeux-et-les-oreilles-de-lotan-la-norvege-commande-des-sous-marins-et-des-missiles-face-au-regain-de-tensions-avec-la-russie","status":"publish","type":"post","link":"https:\/\/www.europesays.com\/fr\/580370\/","title":{"rendered":"\u00ab\u00a0Les\u00a0Yeux et les oreilles de l\u2019Otan\u00a0\u00bb\u00a0: la Norv\u00e8ge commande des sous-marins et des missiles face au regain de tensions avec la Russie"},"content":{"rendered":"<p class=\"paragraph text_align_left lp-f-body-02\">La tension monte en Atlantique nord. <a href=\"https:\/\/www.leparisien.fr\/international\/norvege-ces-mysterieux-survols-de-drones-imputes-a-la-russie-qui-irritent-les-autorites-19-10-2022-4P26TFMKRZGYZHHJDL66PTJ5PA.php\" target=\"_self\" rel=\"noopener\">Pays frontalier de la Russie<\/a>, la Norv\u00e8ge va commander deux nouveaux sous-marins allemands, \u00ab absolument essentiels \u00bb \u00e0 sa dissuasion, et des missiles longue port\u00e9e, a annonc\u00e9 vendredi le gouvernement.<\/p>\n<p class=\"paragraph text_align_left lp-f-body-02\">Oslo avait d\u00e9j\u00e0 command\u00e9 en 2021 quatre sous-marins au fournisseur allemand ThyssenKrupp Marine Systems (tkMS), souligne le minist\u00e8re de la D\u00e9fense dans un communiqu\u00e9. Le premier devrait \u00eatre livr\u00e9 en 2029.<\/p>\n<p class=\"paragraph text_align_left lp-f-body-02\">\u00ab La Norv\u00e8ge est une nation c\u00f4ti\u00e8re et maritime, et les sous-marins sont absolument essentiels \u00e0 la d\u00e9fense de notre pays. Nous constatons une <a href=\"https:\/\/www.leparisien.fr\/international\/armes-nucleaires-sous-marins-espionnage-dans-le-cercle-polaire-arctique-la-menace-russe-sur-lotan-27-10-2025-TPH7YFFPYRA23FBH7ZIOAL7ZG4.php\" target=\"_self\" rel=\"noopener\">hausse de l\u2019activit\u00e9 des forces russes dans l\u2019Atlantique Nord<\/a> et la mer de Barents \u00bb, a d\u00e9clar\u00e9 le ministre de la D\u00e9fense Tore O. Sandvik, cit\u00e9 dans le communiqu\u00e9.<\/p>\n<p class=\"paragraph text_align_left lp-f-body-02\">\u00ab En tant que <a href=\"https:\/\/www.leparisien.fr\/international\/ukraine\/on-voit-tout-a-bord-dun-avion-sentinelle-de-lotan-aux-frontieres-de-lukraine-09-11-2025-RVLRLQBI7BGQ3FK6T7AWV4P6AQ.php\" target=\"_self\" rel=\"noopener\">yeux et oreilles de l\u2019Otan<\/a> dans le Nord, cela exige une plus grande capacit\u00e9 \u00e0 montrer notre pr\u00e9sence, \u00e0 surveiller et \u00e0 dissuader dans nos zones proches. Dans ce contexte, les sous-marins sont totalement indispensables \u00bb.<\/p>\n<p>Plusieurs milliards d\u2019investissements<\/p>\n<p class=\"paragraph text_align_left lp-f-body-02\">L\u2019addition est sal\u00e9e : pour financer cette acquisition, le gouvernement propose d\u2019augmenter le budget de 46 milliards de couronnes (3,9 milliards d\u2019euros), pr\u00e9cisant que \u00ab le prix unitaire des sous-marins et de leurs syst\u00e8mes d\u2019armes \u00bb avait augment\u00e9 en raison de la hausse du co\u00fbt des mati\u00e8res premi\u00e8res critiques ainsi que du mat\u00e9riel de d\u00e9fense.<\/p>\n<p class=\"paragraph text_align_left lp-f-body-02\">Dans un communiqu\u00e9 s\u00e9par\u00e9, le minist\u00e8re de la D\u00e9fense a aussi annonc\u00e9 l\u2019achat de missiles longue port\u00e9e, pour une valeur de 19 milliards de couronnes.<\/p>\n<p class=\"paragraph text_align_left lp-f-body-02\">Ces armes permettront d\u2019atteindre, \u00ab avec une grande pr\u00e9cision \u00bb, des cibles \u00e0 des distances pouvant atteindre 500 km, a relev\u00e9 le ministre.<\/p>\n<p class=\"paragraph text_align_left lp-f-body-02\">La Russie et le pays nordique partagent dans le Grand Nord 198 km de fronti\u00e8re terrestre ainsi qu\u2019une fronti\u00e8re maritime en mer de Barents.<\/p>\n","protected":false},"excerpt":{"rendered":"La tension monte en Atlantique nord. Pays frontalier de la Russie, la Norv\u00e8ge va commander deux nouveaux sous-marins&hellip;\n","protected":false},"author":2,"featured_media":580371,"comment_status":"","ping_status":"","sticky":false,"template":"","format":"standard","meta":{"footnotes":""},"categories":[1591],"tags":[11,1887,14,12,1885,1886,132],"class_list":{"0":"post-580370","1":"post","2":"type-post","3":"status-publish","4":"format-standard","5":"has-post-thumbnail","7":"category-russie","8":"tag-actualites","9":"tag-federation-de-russie","10":"tag-international","11":"tag-news","12":"tag-russia","13":"tag-russian-federation","14":"tag-russie"},"share_on_mastodon":{"url":"https:\/\/pubeurope.com\/@fr\/115668249951933189","error":""},"_links":{"self":[{"href":"https:\/\/www.europesays.com\/fr\/wp-json\/wp\/v2\/posts\/580370","targetHints":{"allow":["GET"]}}],"collection":[{"href":"https:\/\/www.europesays.com\/fr\/wp-json\/wp\/v2\/posts"}],"about":[{"href":"https:\/\/www.europesays.com\/fr\/wp-json\/wp\/v2\/types\/post"}],"author":[{"embeddable":true,"href":"https:\/\/www.europesays.com\/fr\/wp-json\/wp\/v2\/users\/2"}],"replies":[{"embeddable":true,"href":"https:\/\/www.europesays.com\/fr\/wp-json\/wp\/v2\/comments?post=580370"}],"version-history":[{"count":0,"href":"https:\/\/www.europesays.com\/fr\/wp-json\/wp\/v2\/posts\/580370\/revisions"}],"wp:featuredmedia":[{"embeddable":true,"href":"https:\/\/www.europesays.com\/fr\/wp-json\/wp\/v2\/media\/580371"}],"wp:attachment":[{"href":"https:\/\/www.europesays.com\/fr\/wp-json\/wp\/v2\/media?parent=580370"}],"wp:term":[{"taxonomy":"category","embeddable":true,"href":"https:\/\/www.europesays.com\/fr\/wp-json\/wp\/v2\/categories?post=580370"},{"taxonomy":"post_tag","embeddable":true,"href":"https:\/\/www.europesays.com\/fr\/wp-json\/wp\/v2\/tags?post=580370"}],"curies":[{"name":"wp","href":"https:\/\/api.w.org\/{rel}","templated":true}]}}