{"id":580372,"date":"2025-12-05T17:56:27","date_gmt":"2025-12-05T17:56:27","guid":{"rendered":"https:\/\/www.europesays.com\/fr\/580372\/"},"modified":"2025-12-05T17:56:27","modified_gmt":"2025-12-05T17:56:27","slug":"guerre-en-ukraine-pourquoi-la-belgique-est-elle-reticente-a-lidee-de-degeler-des-avoirs-russes","status":"publish","type":"post","link":"https:\/\/www.europesays.com\/fr\/580372\/","title":{"rendered":"Guerre en Ukraine : pourquoi la Belgique est-elle r\u00e9ticente \u00e0 l&rsquo;id\u00e9e de d\u00e9geler des avoirs russes ?"},"content":{"rendered":"<ul class=\"jsx-862013697 ArticleChapo__List\">\n<li class=\"jsx-862013697 ArticleChapo__List_Item flex\">La Commission europ\u00e9enne a pr\u00e9sent\u00e9 mercredi son plan pour financer l&rsquo;Ukraine, avec la piste de recourir aux avoirs russes.<\/li>\n<li class=\"jsx-862013697 ArticleChapo__List_Item flex\">La quasi-totalit\u00e9 d&rsquo;entre eux sont sous le contr\u00f4le d&rsquo;une soci\u00e9t\u00e9 en Belgique.<\/li>\n<li class=\"jsx-862013697 ArticleChapo__List_Item flex\">Pour l&rsquo;heure, Bruxelles refuse de c\u00e9der, notamment par crainte de repr\u00e9sailles.<\/li>\n<\/ul>\n<p><a href=\"https:\/\/www.tf1info.fr\/actualite\/guerre-ukraine-russie-une-rencontre-donald-trump-vladimir-poutine-historique-le-vendredi-15-aout-2025-en-alaska-sans-volodymyr-zelensky-14326\/\" rel=\"noopener\" class=\"jsx-484472199 Link jsx-1428418400 jsx-554215408\" target=\"_blank\"><\/p>\n<p style=\"font-weight:400\" class=\"jsx-1837267516\">Suivez la couverture compl\u00e8te<\/p>\n<p style=\"font-weight:800\" class=\"jsx-1837267516\">Ukraine-Russie : la perspective de n\u00e9gociations relanc\u00e9e ?<\/p>\n<p><\/a><\/p>\n<p data-module=\"article-paragraph\" class=\"jsx-3046738180 Paragraph\">La Belgique fait cavalier solitaire. Si les alli\u00e9s europ\u00e9ens de Kiev parviennent \u00e0 faire front commun pour soutenir le pays en guerre, ils se heurtent n\u00e9anmoins aux r\u00e9ticences de Bruxelles sur un seul point : le recours aux avoirs russes, gel\u00e9s depuis 2022. Et pour cause, ces derniers se trouvent presque int\u00e9gralement dans le plat pays.<\/p>\n<p data-module=\"article-paragraph\" class=\"jsx-3046738180 Paragraph Paragraph__End\">Serpent de mer de la diplomatie europ\u00e9enne depuis le d\u00e9but du conflit, la question des avoirs russes et leur devenir a surtout \u00e9merg\u00e9 fin octobre quand les membres de la Commission se sont engag\u00e9s \u00e0 trouver des solutions pour financer l&rsquo;Ukraine lors des deux prochaines ann\u00e9es. Objectif ? Garantir que Kiev ne se retrouve pas \u00e0 court de ressources malgr\u00e9 le retrait progressif des Am\u00e9ricains. D&rsquo;o\u00f9 l&rsquo;id\u00e9e de piocher dans les avoirs russes.\u00a0<\/p>\n<p><a href=\"https:\/\/www.tf1info.fr\/international\/en-direct-guerre-ukraine-russie-washington-sanctionne-deux-groupes-petroliers-russes-a-cause-du-refus-de-poutine-d-arreter-cette-guerre-insensee-volodymyr-zelesnky-donald-trump-vladimir-poutine-les-dernieres-informations-de-ce-jeudi-23-octobre-2025-2402233.html\" rel=\"noopener\" class=\"jsx-3308031228 Link flex\" target=\"_blank\"><img decoding=\"async\" src=\"https:\/\/www.europesays.com\/fr\/wp-content\/uploads\/2025\/10\/zelensky-onu-23-septembre-2025-7eea7a-0@1x.jpeg\" alt=\"Volodymyr Zelensky au si\u00e8ge de l'ONU \u00e0 New York le 23 septembre 2025.\" loading=\"lazy\" importance=\"low\" fetchpriority=\"low\" class=\"\" aria-hidden=\"true\"\/><\/p>\n<p class=\"jsx-3657663356 ReadMoreArticle__Title\">Lire aussi<\/p>\n<p class=\"jsx-3657663356\">Ukraine : Zelensky salue les \u00ab\u00a0bons r\u00e9sultats\u00a0\u00bb du sommet \u00e0 Bruxelles sur les avoirs russes gel\u00e9s<\/p>\n<p><\/a><\/p>\n<p data-module=\"article-paragraph\" class=\"jsx-3046738180 Paragraph\">Tous les regards se sont alors tourn\u00e9s vers Euroclear, un organisme international de d\u00e9p\u00f4ts de fonds \u00e9tabli en Belgique. Cette soci\u00e9t\u00e9 d\u00e9tient quelque 210 milliards d&rsquo;euros de ces avoirs\u2026 sur 235 milliards en tout dans l&rsquo;UE. Bloqu\u00e9s depuis 2022, ces avoirs n&rsquo;en ont pas moins produit des int\u00e9r\u00eats entre 1,5 et 2 milliards d&rsquo;euros par an, que les Europ\u00e9ens ont d&rsquo;ailleurs d\u00e9cid\u00e9 d&rsquo;utiliser pour financer un pr\u00eat de 45 milliards d&rsquo;euros \u00e0 l&rsquo;Ukraine. Plusieurs versements ont d\u00e9j\u00e0 \u00e9t\u00e9 effectu\u00e9s.<\/p>\n<p data-module=\"article-paragraph\" class=\"jsx-3046738180 Paragraph Paragraph__End\">Pour le gouvernement belge, un pr\u00e9l\u00e8vement de dizaines de milliards est per\u00e7u comme une source d&rsquo;inqui\u00e9tude. Pourquoi ? Tout d&rsquo;abord, des turbulences sur les march\u00e9s financiers, notamment en raison d&rsquo;une possible d\u00e9stabilisation de l&rsquo;euro. Le Premier ministre belge Bart De Wever redoute, lui, <a href=\"https:\/\/www.tf1info.fr\/international\/en-direct-guerre-ukraine-russie-la-situation-aujourd-hui-entre-zelensky-et-poutine-trump-europe-les-informations-du-vendredi-5-septembre-2025-2392775.html\" target=\"_blank\" rel=\"noopener\">que son pays paie seul les pots cass\u00e9s en cas de probl\u00e8me<\/a>, en particulier des repr\u00e9sailles russes. \u00ab\u00a0Je ne ferai jamais porter \u00e0 la Belgique seule les risques et les dangers qui d\u00e9couleraient de l&rsquo;option d&rsquo;un pr\u00eat de r\u00e9paration\u00a0\u00bb, a \u00e9crit fin novembre le Premier ministre dans une lettre. Bart De Wever mart\u00e8le au passage qu&rsquo;il ne validera le dispositif que si des garanties contraignantes \u00ab\u00a0sont fournies et sign\u00e9es par les \u00c9tats membres au moment de la d\u00e9cision\u00a0\u00bb.<\/p>\n<blockquote class=\"jsx-2786790838 Quote__Text\"><p>\u00c9viter des cons\u00e9quences potentiellement d\u00e9sastreuses<\/p><\/blockquote>\n<p>Maxime Pr\u00e9vot<\/p>\n<p data-module=\"article-paragraph\" class=\"jsx-3046738180 Paragraph\">\u00ab\u00a0Ce n&rsquo;est pas acceptable d&rsquo;utiliser l&rsquo;argent (les avoirs russes, ndlr) et de nous laisser seuls assumer les risques\u00a0\u00bb, a abond\u00e9 Maxime Pr\u00e9vot, le chef de la diplomatie belge. Si les autres \u00c9tats de l&rsquo;UE persistaient \u00e0 vouloir mettre en \u0153uvre un tel montage financier, \u00ab\u00a0nous demandons que les risques encourus par la Belgique soient enti\u00e8rement couverts\u00a0\u00bb, a-t-il insist\u00e9 mercredi, disant vouloir \u00ab\u00a0simplement \u00e9viter des cons\u00e9quences potentiellement d\u00e9sastreuses pour un pays membre \u00e0 qui on demande de faire preuve de solidarit\u00e9, sans qu&rsquo;on lui offre la m\u00eame solidarit\u00e9\u00a0\u00bb. Le gouvernement a d&rsquo;ailleurs pr\u00e9cis\u00e9 que le dirigeant d&rsquo;Euroclear vivait d\u00e9sormais sous \u00ab\u00a0protection rapproch\u00e9e\u00a0\u00bb.<\/p>\n<p data-module=\"article-paragraph\" class=\"jsx-3046738180 Paragraph Paragraph__End\">Depuis plusieurs semaines, <a href=\"https:\/\/www.tf1info.fr\/international\/video-quelles-garanties-de-securite-veulent-offrir-les-europeens-a-l-ukraine-face-a-la-russie-2392718.html\" target=\"_blank\" rel=\"noopener\">diplomates et responsables europ\u00e9ens s&rsquo;activent en coulisses pour r\u00e9pondre \u00e0 ces inqui\u00e9tudes<\/a>. Ils ont trois semaines pour tenter de convaincre la Belgique de la viabilit\u00e9 du projet. Concr\u00e8tement, une grande partie de ces avoirs, soit quelque 185 milliards d&rsquo;euros, sont ou vont arriver \u00e0 maturit\u00e9 cette ann\u00e9e. Ils sont donc disponibles sous forme liquide. L&rsquo;Union europ\u00e9enne veut utiliser une partie de ces liquidit\u00e9s pour financer un nouveau pr\u00eat de 140 milliards d&rsquo;euros \u00e0 l&rsquo;Ukraine.<\/p>\n<p><a href=\"https:\/\/www.tf1info.fr\/international\/en-direct-guerre-ukraine-russie-la-situation-aujourd-hui-entre-zelensky-et-poutine-trump-europe-les-informations-du-vendredi-5-septembre-2025-2392775.html\" rel=\"noopener\" class=\"jsx-3308031228 Link flex\" target=\"_blank\"><img decoding=\"async\" src=\"https:\/\/www.europesays.com\/fr\/wp-content\/uploads\/2025\/12\/ukraine-union-europenne-europe-illus-df050b-3@1x.jpeg\" alt=\"iStock\/artJazz\" loading=\"lazy\" importance=\"low\" fetchpriority=\"low\" class=\"\" aria-hidden=\"true\"\/><\/p>\n<p class=\"jsx-3657663356 ReadMoreArticle__Title\">Lire aussi<\/p>\n<p class=\"jsx-3657663356\">Ukraine : la saisie des avoirs russes gel\u00e9s provoquerait un \u00ab\u00a0choc syst\u00e9mique terrible\u00a0\u00bb, estime un ministre belge<\/p>\n<p><\/a><\/p>\n<p data-module=\"article-paragraph\" class=\"jsx-3046738180 Paragraph\">L&rsquo;id\u00e9e est d&#8217;emprunter cette somme aupr\u00e8s d&rsquo;Euroclear et de la pr\u00eater \u00e0 <a href=\"https:\/\/www.tf1info.fr\/actualite\/invasion-de-l-ukraine-par-la-russie-une-guerre-qui-dure-12951\/\" target=\"_blank\" rel=\"noopener\">l&rsquo;Ukraine<\/a>. Celle-ci ne remboursera que si la Russie lui paie des r\u00e9parations de guerre. Si Moscou s&rsquo;y refuse, les sanctions ne seront pas lev\u00e9es, les actifs resteront immobilis\u00e9s et l&rsquo;Ukraine n&rsquo;aura pas besoin de rembourser. <a href=\"https:\/\/www.tf1info.fr\/actualite\/union-europeenne-11309\/\" target=\"_blank\" rel=\"noopener\">La Commission europ\u00e9enne<\/a> assure qu&rsquo;un tel m\u00e9canisme n&rsquo;est nullement une \u00ab\u00a0confiscation\u00a0\u00bb. La saisie pure et simple de ces avoirs serait une ligne rouge pour de nombreux pays de l&rsquo;UE et pour la Banque centrale europ\u00e9enne, qui redoutent une temp\u00eate sur les march\u00e9s, une fuite des capitaux \u00e9trangers et une d\u00e9stabilisation de l&rsquo;euro.<\/p>\n<p data-module=\"article-paragraph\" class=\"jsx-3046738180 Paragraph Paragraph__End\">Le temps presse pour convaincre Bruxelles : le feu vert doit \u00eatre accord\u00e9 avant un sommet crucial, pr\u00e9vu le 18 d\u00e9cembre. Le chancelier Friedrich Merz s&rsquo;est d&rsquo;ailleurs rendu ce vendredi sur place pour \u00ab\u00a0convaincre\u00a0\u00bb son homologue belge du bien-fond\u00e9 du plan. \u00ab\u00a0Je ne veux pas le persuader\u00a0\u00bb, a dit reconnu le chancelier \u00e0 propos de son homologue belge, mais \u00ab\u00a0le convaincre que la voie que nous proposons ici est la bonne\u00a0\u00bb pour \u00ab\u00a0aider l&rsquo;Ukraine\u00a0\u00bb.<\/p>\n<p>Thomas GUIEN<\/p>\n","protected":false},"excerpt":{"rendered":"La Commission europ\u00e9enne a pr\u00e9sent\u00e9 mercredi son plan pour financer l&rsquo;Ukraine, avec la piste de recourir aux avoirs&hellip;\n","protected":false},"author":2,"featured_media":580373,"comment_status":"","ping_status":"","sticky":false,"template":"","format":"standard","meta":{"footnotes":""},"categories":[1590],"tags":[1111,11,1921,828,1777,674,1922,12,132,220,1917,67457,364,133,1920],"class_list":{"0":"post-580372","1":"post","2":"type-post","3":"status-publish","4":"format-standard","5":"has-post-thumbnail","7":"category-ukraine","8":"tag-actu","9":"tag-actualites","10":"tag-article-video","11":"tag-belgique","12":"tag-eu","13":"tag-europe","14":"tag-info","15":"tag-news","16":"tag-russie","17":"tag-ukraine","18":"tag-ukraine-4-annee-de-guerre","19":"tag-ukraine-russie-la-perspective-de-negociations-relancee","20":"tag-union-europeenne","21":"tag-video","22":"tag-video-international"},"share_on_mastodon":{"url":"https:\/\/pubeurope.com\/@fr\/115668254670882941","error":""},"_links":{"self":[{"href":"https:\/\/www.europesays.com\/fr\/wp-json\/wp\/v2\/posts\/580372","targetHints":{"allow":["GET"]}}],"collection":[{"href":"https:\/\/www.europesays.com\/fr\/wp-json\/wp\/v2\/posts"}],"about":[{"href":"https:\/\/www.europesays.com\/fr\/wp-json\/wp\/v2\/types\/post"}],"author":[{"embeddable":true,"href":"https:\/\/www.europesays.com\/fr\/wp-json\/wp\/v2\/users\/2"}],"replies":[{"embeddable":true,"href":"https:\/\/www.europesays.com\/fr\/wp-json\/wp\/v2\/comments?post=580372"}],"version-history":[{"count":0,"href":"https:\/\/www.europesays.com\/fr\/wp-json\/wp\/v2\/posts\/580372\/revisions"}],"wp:featuredmedia":[{"embeddable":true,"href":"https:\/\/www.europesays.com\/fr\/wp-json\/wp\/v2\/media\/580373"}],"wp:attachment":[{"href":"https:\/\/www.europesays.com\/fr\/wp-json\/wp\/v2\/media?parent=580372"}],"wp:term":[{"taxonomy":"category","embeddable":true,"href":"https:\/\/www.europesays.com\/fr\/wp-json\/wp\/v2\/categories?post=580372"},{"taxonomy":"post_tag","embeddable":true,"href":"https:\/\/www.europesays.com\/fr\/wp-json\/wp\/v2\/tags?post=580372"}],"curies":[{"name":"wp","href":"https:\/\/api.w.org\/{rel}","templated":true}]}}