{"id":580374,"date":"2025-12-05T17:57:12","date_gmt":"2025-12-05T17:57:12","guid":{"rendered":"https:\/\/www.europesays.com\/fr\/580374\/"},"modified":"2025-12-05T17:57:12","modified_gmt":"2025-12-05T17:57:12","slug":"des-experts-nommes-sous-trump-preconisent-de-plus-vacciner-les-bebes-contre-lhepatite-b","status":"publish","type":"post","link":"https:\/\/www.europesays.com\/fr\/580374\/","title":{"rendered":"Des experts nomm\u00e9s sous Trump pr\u00e9conisent de plus vacciner les b\u00e9b\u00e9s contre l\u2019h\u00e9patite B"},"content":{"rendered":"<p>Le comit\u00e9 consultatif sur les pratiques de vaccination, r\u00e9cemment remani\u00e9 par <a href=\"https:\/\/www.20minutes.fr\/monde\/robert-kennedy-jr\/\" target=\"_blank\" class=\"c-link c-link--is-underlined\" rel=\"noopener\">Robert Kennedy Jr.<\/a>, a boulevers\u00e9 vendredi la strat\u00e9gie am\u00e9ricaine de pr\u00e9vention de l\u2019h\u00e9patite B en votant l\u2019arr\u00eat de la recommandation universelle du vaccin pour les <a href=\"https:\/\/www.20minutes.fr\/dossier\/bebe\" target=\"_blank\" class=\"c-link c-link--is-underlined\" rel=\"noopener\">nouveau-n\u00e9s<\/a>. Par huit voix contre trois, ses membres ont choisi de ne plus pr\u00e9coniser l\u2019injection syst\u00e9matique de la premi\u00e8re dose dans les heures suivant la naissance, une politique pourtant appliqu\u00e9e depuis plus de 30 ans et soutenue par une large partie du corps m\u00e9dical.<\/p>\n<p>Port\u00e9e par l\u2019administration <a href=\"https:\/\/www.20minutes.fr\/dossier\/donald_trump\" target=\"_blank\" class=\"c-link c-link--is-underlined\" rel=\"noopener\">Trump<\/a>, la nouvelle directive r\u00e9serve d\u00e9sormais cette premi\u00e8re dose aux seuls enfants dont la m\u00e8re est porteuse du <a href=\"https:\/\/www.20minutes.fr\/dossier\/virus\" target=\"_blank\" class=\"c-link c-link--is-underlined\" rel=\"noopener\">virus<\/a>. Pour tous les autres, le comit\u00e9 propose que les parents d\u00e9cident, avec un professionnel de sant\u00e9, \u00ab\u00a0s\u2019ils souhaitent faire vacciner leur enfant\u00a0\u00bb et \u00e0 quel moment. Un changement de cap d\u00e9nonc\u00e9 par les associations de <a href=\"https:\/\/www.20minutes.fr\/sante\/soignants\/\" target=\"_blank\" class=\"c-link c-link--is-underlined\" rel=\"noopener\">soignants<\/a>. Susan Kressly, pr\u00e9sidente de l\u2019Acad\u00e9mie am\u00e9ricaine de p\u00e9diatrie, estime que \u00ab\u00a0cette directive irresponsable et d\u00e9lib\u00e9r\u00e9ment trompeuse entra\u00eenera une augmentation des infections par l\u2019h\u00e9patite B chez les nourrissons et les enfants\u00a0\u00bb.<\/p>\n<\/p>\n<p>Une d\u00e9cision qui divise les experts<\/p>\n<p>Ce vote divise m\u00eame au sein du comit\u00e9. Trois experts se sont oppos\u00e9s \u00e0 la mesure, jugeant qu\u2019aucune donn\u00e9e ne justifie de modifier une strat\u00e9gie ayant largement fait ses preuves. Le docteur Cody Meissner, l\u2019une des voix dissidentes, a rappel\u00e9 que \u00ab\u00a0ne pas nuire est un imp\u00e9ratif moral\u00a0\u00bb, estimant qu\u2019en modifiant la recommandation, \u00ab\u00a0nous causons du tort\u00a0\u00bb. Cette fracture interne intervient alors que ce comit\u00e9 consultatif sur les pratiques de vaccination, d\u00e9sormais critiqu\u00e9 pour le manque d\u2019expertise de certains de ses membres, s\u2019\u00e9tait d\u00e9j\u00e0 attir\u00e9 de vives critiques apr\u00e8s avoir r\u00e9vis\u00e9 les recommandations vaccinales sur le Covid-19 et la rougeole.<\/p>\n<p><a href=\"https:\/\/www.20minutes.fr\/monde\/etats-unis\/\" target=\"_blank\" class=\"c-link c-btn c-btn--primary\" rel=\"noopener\">Notre dossier sur les Etats-Unis<\/a><\/p>\n<p>Les associations m\u00e9dicales rappellent que l\u2019h\u00e9patite B reste une infection virale grave, transmise par le sang ou voie sexuelle, pouvant \u00e9voluer vers une cirrhose ou un cancer du foie. Pour nombre de professionnels de sant\u00e9, la fin de la vaccination universelle des nouveau-n\u00e9s repr\u00e9sente un risque r\u00e9el de recrudescence de cas \u00e9vitables et un recul majeur dans la protection de la sant\u00e9 publique aux Etats-Unis.<\/p>\n","protected":false},"excerpt":{"rendered":"Le comit\u00e9 consultatif sur les pratiques de vaccination, r\u00e9cemment remani\u00e9 par Robert Kennedy Jr., a boulevers\u00e9 vendredi la&hellip;\n","protected":false},"author":2,"featured_media":580375,"comment_status":"","ping_status":"","sticky":false,"template":"","format":"standard","meta":{"footnotes":""},"categories":[1589],"tags":[47,11,75,73,1866,74,12,71,4513,1864,1865,1863,308,773,148],"class_list":{"0":"post-580374","1":"post","2":"type-post","3":"status-publish","4":"format-standard","5":"has-post-thumbnail","7":"category-etats-unis","8":"tag-actualite","9":"tag-actualites","10":"tag-donald-trump","11":"tag-etats-unis","12":"tag-etats-unis-damerique","13":"tag-monde","14":"tag-news","15":"tag-sante","16":"tag-scientifiques","17":"tag-united-states","18":"tag-united-states-of-america","19":"tag-us","20":"tag-usa","21":"tag-vaccin","22":"tag-vaccination"},"share_on_mastodon":{"url":"https:\/\/pubeurope.com\/@fr\/115668257740755637","error":""},"_links":{"self":[{"href":"https:\/\/www.europesays.com\/fr\/wp-json\/wp\/v2\/posts\/580374","targetHints":{"allow":["GET"]}}],"collection":[{"href":"https:\/\/www.europesays.com\/fr\/wp-json\/wp\/v2\/posts"}],"about":[{"href":"https:\/\/www.europesays.com\/fr\/wp-json\/wp\/v2\/types\/post"}],"author":[{"embeddable":true,"href":"https:\/\/www.europesays.com\/fr\/wp-json\/wp\/v2\/users\/2"}],"replies":[{"embeddable":true,"href":"https:\/\/www.europesays.com\/fr\/wp-json\/wp\/v2\/comments?post=580374"}],"version-history":[{"count":0,"href":"https:\/\/www.europesays.com\/fr\/wp-json\/wp\/v2\/posts\/580374\/revisions"}],"wp:featuredmedia":[{"embeddable":true,"href":"https:\/\/www.europesays.com\/fr\/wp-json\/wp\/v2\/media\/580375"}],"wp:attachment":[{"href":"https:\/\/www.europesays.com\/fr\/wp-json\/wp\/v2\/media?parent=580374"}],"wp:term":[{"taxonomy":"category","embeddable":true,"href":"https:\/\/www.europesays.com\/fr\/wp-json\/wp\/v2\/categories?post=580374"},{"taxonomy":"post_tag","embeddable":true,"href":"https:\/\/www.europesays.com\/fr\/wp-json\/wp\/v2\/tags?post=580374"}],"curies":[{"name":"wp","href":"https:\/\/api.w.org\/{rel}","templated":true}]}}