{"id":580378,"date":"2025-12-05T17:59:17","date_gmt":"2025-12-05T17:59:17","guid":{"rendered":"https:\/\/www.europesays.com\/fr\/580378\/"},"modified":"2025-12-05T17:59:17","modified_gmt":"2025-12-05T17:59:17","slug":"pour-regarnir-ses-troupes-face-a-la-menace-russe-lallemagne-reinstaure-le-service-militaire-sur-base-volontaire","status":"publish","type":"post","link":"https:\/\/www.europesays.com\/fr\/580378\/","title":{"rendered":"Pour regarnir ses troupes face \u00e0 la menace russe, l\u2019Allemagne r\u00e9instaure le service militaire sur base volontaire"},"content":{"rendered":"<p>    R\u00e9sum\u00e9 en 20 secondes<\/p>\n<p>        En savoir plus sur ce type de contenu<\/p>\n<p>Ce r\u00e9sum\u00e9 peut avoir \u00e9t\u00e9 \u00e9crit avec l&rsquo;assistance d\u2019une IA g\u00e9n\u00e9rative. <a href=\"https:\/\/www.letemps.ch\/cyber\/l-usage-de-l-ia-generative-par-les-journalistes-du-temps\" target=\"_blank\" rel=\"noopener\">En savoir plus<\/a><\/p>\n<p class=\"article__abstract-call-to-action\" data-ariato=\"TrackableElement\" data-trackable-element-type=\"article_abstract_cta\" data-trackable-element-location=\"article_header\" data-trackable-element-id=\"514211\">\n        <a data-event=\"click-&gt;clicked\" href=\"https:\/\/www.letemps.ch\/abonnements\" target=\"_blank\" rel=\"noopener\">Abonnez-vous<\/a> pour acc\u00e9der au r\u00e9sum\u00e9 en 20 secondes.\n      <\/p>\n<p>323 voix pour, 272 contre. Apr\u00e8s des mois de discussions et de controverses, la majorit\u00e9 gouvernementale, compos\u00e9e des chr\u00e9tiens-d\u00e9mocrates et des sociaux-d\u00e9mocrates, a approuv\u00e9 ce vendredi au Bundestag le retour du service militaire, quatorze\u00a0ans apr\u00e8s sa suspension. La formule est toutefois tr\u00e8s diff\u00e9rente de celle en vigueur jusqu\u2019en 2011, car elle se base sur le volontariat. A partir du 1er\u00a0janvier, les jeunes, hommes et femmes, n\u00e9s en 2008 et qui f\u00eateront leur 18e anniversaire l\u2019an prochain, recevront un questionnaire de la Bundeswehr que seuls les gar\u00e7ons seront contraints de remplir.<\/p>\n<p>Ils devront y d\u00e9tailler leurs dipl\u00f4mes, objectifs professionnels, loisirs et \u00e9ventuel int\u00e9r\u00eat envers l\u2019arm\u00e9e. D\u00e8s l\u2019\u00e9t\u00e9 2027, les jeunes hommes de cette m\u00eame classe d\u2019\u00e2ge passeront une visite m\u00e9dicale obligatoire qui permettra aux forces arm\u00e9es de se faire une id\u00e9e du potentiel de recrues et de faire de la publicit\u00e9 pour un service militaire volontaire, voire pour une formation professionnelle. Les jeunes qui choisiront de s\u2019engager pour une dur\u00e9e six \u00e0 vingt-trois mois recevront une solde relev\u00e9e \u00e0 2600\u00a0euros brut par mois (2435\u00a0francs), avec la possibilit\u00e9 de passer leur permis de conduire.<\/p>\n","protected":false},"excerpt":{"rendered":"R\u00e9sum\u00e9 en 20 secondes En savoir plus sur ce type de contenu Ce r\u00e9sum\u00e9 peut avoir \u00e9t\u00e9 \u00e9crit&hellip;\n","protected":false},"author":2,"featured_media":580379,"comment_status":"","ping_status":"","sticky":false,"template":"","format":"standard","meta":{"footnotes":""},"categories":[1587],"tags":[11,672,1813,1804,1805,1803,1777,674,1801,74,12,301,1802],"class_list":{"0":"post-580378","1":"post","2":"type-post","3":"status-publish","4":"format-standard","5":"has-post-thumbnail","7":"category-allemagne","8":"tag-actualites","9":"tag-allemagne","10":"tag-armee","11":"tag-bundesrepublik-deutschland","12":"tag-de","13":"tag-deutschland","14":"tag-eu","15":"tag-europe","16":"tag-germany","17":"tag-monde","18":"tag-news","19":"tag-premium","20":"tag-republique-federale-dallemagne"},"share_on_mastodon":{"url":"https:\/\/pubeurope.com\/@fr\/115668265529754888","error":""},"_links":{"self":[{"href":"https:\/\/www.europesays.com\/fr\/wp-json\/wp\/v2\/posts\/580378","targetHints":{"allow":["GET"]}}],"collection":[{"href":"https:\/\/www.europesays.com\/fr\/wp-json\/wp\/v2\/posts"}],"about":[{"href":"https:\/\/www.europesays.com\/fr\/wp-json\/wp\/v2\/types\/post"}],"author":[{"embeddable":true,"href":"https:\/\/www.europesays.com\/fr\/wp-json\/wp\/v2\/users\/2"}],"replies":[{"embeddable":true,"href":"https:\/\/www.europesays.com\/fr\/wp-json\/wp\/v2\/comments?post=580378"}],"version-history":[{"count":0,"href":"https:\/\/www.europesays.com\/fr\/wp-json\/wp\/v2\/posts\/580378\/revisions"}],"wp:featuredmedia":[{"embeddable":true,"href":"https:\/\/www.europesays.com\/fr\/wp-json\/wp\/v2\/media\/580379"}],"wp:attachment":[{"href":"https:\/\/www.europesays.com\/fr\/wp-json\/wp\/v2\/media?parent=580378"}],"wp:term":[{"taxonomy":"category","embeddable":true,"href":"https:\/\/www.europesays.com\/fr\/wp-json\/wp\/v2\/categories?post=580378"},{"taxonomy":"post_tag","embeddable":true,"href":"https:\/\/www.europesays.com\/fr\/wp-json\/wp\/v2\/tags?post=580378"}],"curies":[{"name":"wp","href":"https:\/\/api.w.org\/{rel}","templated":true}]}}