{"id":580386,"date":"2025-12-05T18:04:14","date_gmt":"2025-12-05T18:04:14","guid":{"rendered":"https:\/\/www.europesays.com\/fr\/580386\/"},"modified":"2025-12-05T18:04:14","modified_gmt":"2025-12-05T18:04:14","slug":"trois-morts-dans-un-accident-a-ales-conduite-sans-permis-phares-eteints-les-premieres-conclusions-de-lexpert-en-accidentologie","status":"publish","type":"post","link":"https:\/\/www.europesays.com\/fr\/580386\/","title":{"rendered":"Trois morts dans un accident \u00e0 Al\u00e8s\u00a0: conduite sans permis, phares \u00e9teints\u2026 Les premi\u00e8res conclusions de l\u2019expert en accidentologie"},"content":{"rendered":"<p>\n                                                                Le procureur de la R\u00e9publique Abdelkrim Grini a livr\u00e9 les premi\u00e8res conclusions de l\u2019expert en accidentologie. Le jeune \u00e2g\u00e9 de 19 ans \u00e9tait au volant du v\u00e9hicule au moment du choc.\n                            <\/p>\n<p>L\u2019enqu\u00eate sur les recherches des causes de la mort des trois jeunes dans un accident de la route\u00a0<a href=\"https:\/\/www.midilibre.fr\/2025\/12\/03\/trois-morts-dans-un-terrible-accident-a-ales-la-voiture-a-fini-sa-course-dans-la-piscine-dune-propriete-13087760.php\" target=\"_self\" rel=\"noopener\">\u00e0 Al\u00e8s, ce mercredi 3\u00a0d\u00e9cembre 2025<\/a>, progresse. Ce vendredi, le procureur de la R\u00e9publique d\u2019Al\u00e8s, <a href=\"https:\/\/www.midilibre.fr\/2025\/12\/03\/accident-mortel-a-ales-il-ny-a-pas-eu-de-course-poursuite-entre-les-jeunes-et-la-police-assene-le-procureur-13088976.php\" target=\"_self\" rel=\"noopener\">Abdelkrim Grini<\/a> a, en effet, livr\u00e9\u00a0les premi\u00e8res conclusions de l\u2019expert en accidentologie. Et il s\u2019av\u00e8re que le jeune homme \u00e2g\u00e9 de 19 ans \u00e9tait au volant du v\u00e9hicule au moment du choc. Il n\u2019avait pas le permis de conduire.<\/p>\n<p>\u00ab\u00a0L\u2019encha\u00eenement des circonstances qui a conduit \u00e0 ce drame, commence \u00e0 se pr\u00e9ciser\u00a0\u00bb, a\u00a0indiqu\u00e9\u00a0le chef du parquet Al\u00e9sien, avant de d\u00e9tailler\u00a0: \u00ab\u00a0apr\u00e8s l\u2019analyse du v\u00e9hicule, notamment la position du fauteuil du conducteur, nous avons acquis la certitude que le plus \u00e2g\u00e9 des jeunes, celui de 19 ans, \u00e9tait au volant. Il n\u2019avait pas le permis.\u00a0\u00bb<\/p>\n<p>\u00ab\u00a0La voiture roulait tous phares \u00e9teints\u00a0\u00bb<\/p>\n<p>Toujours selon le rapport de l\u2019expert, la voiture roulait tous\u00a0phares \u00e9teints.\u00a0\u00ab\u00a0Au moment du choc, la troisi\u00e8me\u00a0vitesse \u00e9tait engag\u00e9e, <a href=\"https:\/\/www.midilibre.fr\/2025\/01\/07\/abdelkrim-grini-lenfant-de-montpellier-devenu-procureur-temoigne-au-micro-de-paillade-campus-12430640.php\" target=\"_self\" rel=\"noopener\">a encore relay\u00e9\u00a0Abdelkrim Grini<\/a>. On peut en conclure que la voiture n\u2019\u00e9tait pas \u00e0 pleine puissance. L\u2019expert a not\u00e9 que les pneus \u00e9taient lisses. \u00c7a pourrait expliquer la perte de contr\u00f4le dans le virage. Le frein \u00e0 main n\u2019\u00e9tait pas tir\u00e9, il n\u2019a donc pas \u00e9t\u00e9 utilis\u00e9 pour prendre le virage.\u00a0\u00bb<\/p>\n<p class=\"std-elt__inline\">\n        <strong>\u00c0 lire aussi :<\/strong><br \/>\n        <a href=\"https:\/\/www.midilibre.fr\/2025\/12\/04\/accident-mortel-a-ales-cest-une-maison-dans-laquelle-on-ne-pourra-plus-vivre-le-temoignage-poignant-des-proprietaires-de-la-piscine-13090262.php\" target=\"_blank\" rel=\"noopener\">Accident mortel \u00e0 Al\u00e8s\u00a0: \u00ab\u00a0C\u2019est une maison dans laquelle on ne pourra plus vivre\u00a0\u00bb, le t\u00e9moignage poignant des propri\u00e9taires de la piscine<\/a>\n    <\/p>\n<p class=\"std-elt__inline\">\n        <strong>\u00c0 lire aussi :<\/strong><br \/>\n        <a href=\"https:\/\/www.midilibre.fr\/2025\/12\/04\/accident-mortel-a-ales-ce-que-lon-sait-du-resultat-des-autopsies-des-trois-jeunes-et-des-premieres-analyses-toxicologiques-13091027.php\" target=\"_blank\" rel=\"noopener\">Accident mortel \u00e0 Al\u00e8s\u00a0: ce que l\u2019on sait du r\u00e9sultat des autopsies des trois jeunes et des premi\u00e8res analyses toxicologiques<\/a>\n    <\/p>\n<p>\u00a0<\/p>\n<p>Pour rappel, ce mercredi 3\u00a0d\u00e9cembre \u00e0 Al\u00e8s, trois jeunes sont d\u00e9c\u00e9d\u00e9s apr\u00e8s la sortie de route de leur v\u00e9hicule.\u00a0Le conducteur avait, selon toute vraisemblance, perdu le contr\u00f4le du v\u00e9hicule sur la route rendue glissante par la pluie. La Peugeot 207\u00a0a d\u00e9fonc\u00e9 le muret d\u2019une propri\u00e9t\u00e9 d\u2019une propri\u00e9t\u00e9 du quartier de Tamaris et fini\u00a0sa course\u00a0sur\u00a0le toit, dans une piscine. Les trois occupants \u00e2g\u00e9s\u00a0de 19, 15 et 14 ans sont alors morts noy\u00e9s. Selon le procureur, \u00ab\u00a0d\u2019autres \u00e9l\u00e9ments sont attendus la semaine prochaine.\u00a0\u00bb<\/p>\n","protected":false},"excerpt":{"rendered":"Le procureur de la R\u00e9publique Abdelkrim Grini a livr\u00e9 les premi\u00e8res conclusions de l\u2019expert en accidentologie. Le jeune&hellip;\n","protected":false},"author":2,"featured_media":580387,"comment_status":"","ping_status":"","sticky":false,"template":"","format":"standard","meta":{"footnotes":""},"categories":[2],"tags":[11,2678,118,1011,27,2679,12,25],"class_list":{"0":"post-580386","1":"post","2":"type-post","3":"status-publish","4":"format-standard","5":"has-post-thumbnail","7":"category-actualites","8":"tag-actualites","9":"tag-ales","10":"tag-faits-divers","11":"tag-fr","12":"tag-france","13":"tag-gard","14":"tag-news","15":"tag-republique-francaise"},"share_on_mastodon":{"url":"https:\/\/pubeurope.com\/@fr\/115668285099132076","error":""},"_links":{"self":[{"href":"https:\/\/www.europesays.com\/fr\/wp-json\/wp\/v2\/posts\/580386","targetHints":{"allow":["GET"]}}],"collection":[{"href":"https:\/\/www.europesays.com\/fr\/wp-json\/wp\/v2\/posts"}],"about":[{"href":"https:\/\/www.europesays.com\/fr\/wp-json\/wp\/v2\/types\/post"}],"author":[{"embeddable":true,"href":"https:\/\/www.europesays.com\/fr\/wp-json\/wp\/v2\/users\/2"}],"replies":[{"embeddable":true,"href":"https:\/\/www.europesays.com\/fr\/wp-json\/wp\/v2\/comments?post=580386"}],"version-history":[{"count":0,"href":"https:\/\/www.europesays.com\/fr\/wp-json\/wp\/v2\/posts\/580386\/revisions"}],"wp:featuredmedia":[{"embeddable":true,"href":"https:\/\/www.europesays.com\/fr\/wp-json\/wp\/v2\/media\/580387"}],"wp:attachment":[{"href":"https:\/\/www.europesays.com\/fr\/wp-json\/wp\/v2\/media?parent=580386"}],"wp:term":[{"taxonomy":"category","embeddable":true,"href":"https:\/\/www.europesays.com\/fr\/wp-json\/wp\/v2\/categories?post=580386"},{"taxonomy":"post_tag","embeddable":true,"href":"https:\/\/www.europesays.com\/fr\/wp-json\/wp\/v2\/tags?post=580386"}],"curies":[{"name":"wp","href":"https:\/\/api.w.org\/{rel}","templated":true}]}}