{"id":580390,"date":"2025-12-05T18:10:13","date_gmt":"2025-12-05T18:10:13","guid":{"rendered":"https:\/\/www.europesays.com\/fr\/580390\/"},"modified":"2025-12-05T18:10:13","modified_gmt":"2025-12-05T18:10:13","slug":"les-5-infos-rugby-quil-ne-fallait-pas-louper-2","status":"publish","type":"post","link":"https:\/\/www.europesays.com\/fr\/580390\/","title":{"rendered":"Les 5 infos rugby qu&rsquo;il ne fallait pas louper"},"content":{"rendered":"<p>                    Par<br \/>\n        <strong><br \/>\n            <a href=\"https:\/\/actu.fr\/auteur\/emilie-dudonfournier\" title=\"Consulter tous les articles de Emilie Dudon-Fournier\" target=\"_blank\" rel=\"noopener\">Emilie Dudon-Fournier<\/a><br \/>\n                    <\/strong><\/p>\n<p>        Publi\u00e9 le<\/p>\n<p>            5 d\u00e9c. 2025 \u00e0 17h17        <\/p>\n<p>Ce n\u2019est pas encore aujourd\u2019hui que la plan\u00e8te <strong>rugby<\/strong> s\u2019est arr\u00eat\u00e9e de tourner. <a href=\"https:\/\/actu.fr\/rugby\/\" target=\"_blank\" rel=\"noopener\">Actu Rugby<\/a> vous \u00e9vite de passer des heures \u00e0 scroller pour \u00eatre au parfum de tout ce qu\u2019il fallait savoir aujourd\u2019hui. Voici les 5 infos \u00e0 retenir en ce vendredi 5 d\u00e9cembre.<\/p>\n<p>Bordeaux : Moefana titulaire face aux Bulls<\/p>\n<p class=\" wall-content\">Le centre international de l\u2019UBB Yoram Moefana (25 ans, 36 s\u00e9lections) va faire son retour \u00e0 la comp\u00e9tition ce samedi. Il sera titulaire contre les Blue Bulls samedi \u00e0 Pretoria dans le cadre de la 1ere journ\u00e9e de Champions Cup. Op\u00e9r\u00e9 d\u2019une luxation d\u2019une \u00e9paule avant la reprise du Top 14, le champion d\u2019Europe n\u2019avait pu \u00eatre align\u00e9 depuis le d\u00e9but de la saison.<\/p>\n<p>Perpignan : Des grosses recrues \u00e0 venir ?<\/p>\n<p class=\" wall-content\">Le pr\u00e9sident de Perpignan Fran\u00e7ois Rivi\u00e8re est venu devant la presse ce vendredi pour faire le point sur l\u2019effectif et le recrutement de l\u2019Usap. Apr\u00e8s les arriv\u00e9es de Reus et Urdapilleta \u00e0 l\u2019ouverture, il a d\u00e9clar\u00e9 qu\u2019aucun autre joker m\u00e9dical ne serait enr\u00f4l\u00e9 pour l\u2019instant.<\/p>\n<p class=\" wall-content\">Il a par ailleurs teas\u00e9 une grosse annonce d\u2019ici la fin de l\u2019ann\u00e9e : \u00ab\u00a0Entre No\u00ebl et le Jour de l\u2019An, on va vous annoncer notamment une recrue qui, je pense, va en scier plus d\u2019un\u00a0\u00bb, d\u00e9clare-t-il dans L\u2019Ind\u00e9pendant. \u00ab\u00a0Ce qui prouve que l\u2019USAP reste un club qui attire beaucoup. Recrue internationale, non-Jiff\u2026 On a d\u00e9j\u00e0 de tr\u00e8s, tr\u00e8s belles signatures pour la saison prochaine. Sachez qu\u2019on r\u00e9serve une \u00e0 deux signatures exceptionnelles du niveau de Jamie Ritchie. Donc on continue \u00e0 se d\u00e9velopper\u2026\u00a0\u00bb<\/p>\n<p>Toulouse : Fracture pour Remue<\/p>\n<p class=\" wall-content\">Victime d\u2019une fracture d\u2019un poignet en cours de rencontre face au Racing 92 avant m\u00eame de marquer son essai en 2e p\u00e9riode, l\u2019arri\u00e8re toulousain Matias Remue va \u00eatre \u00e9loign\u00e9 des terrains pendant 2 \u00e0 3 mois.<\/p>\n<p>Montauban : Bu\u00e9 part au Stade fran\u00e7ais<\/p>\n<p class=\" wall-content\">Le pilier gauche de Montauban Thomas Bu\u00e9 va jouer au Stade fran\u00e7ais la saison prochaine. Le joueur de 23 ans, qui \u00e9tait courtis\u00e9 par d\u2019autres clubs de Top 14, s\u2019est engag\u00e9 pour 2 saisons avec le club de la capitale, selon L\u2019\u00c9quipe.<\/p>\n<p>Votre r\u00e9gion, votre actu !<\/p>\n<p>Recevez chaque jour les infos qui comptent pour vous.<\/p>\n<p>\t<a href=\"https:\/\/actu.fr\/newsletter\" class=\"ac-btn ac-btn--corner ac-btn--medium ac-btn--blue800\" target=\"_blank\" rel=\"noopener\">S&rsquo;incrire<\/a><br \/>\nAfrique du Sud : Erasmus jusqu\u2019en 2031<\/p>\n<p class=\" wall-content\">Comme escompt\u00e9, Rassie Erasmus sera \u00e0 la t\u00eate des Springboks lors des deux prochaines Coupes du monde. Le s\u00e9lectionneur sud-africain \u00e9tait d\u00e9j\u00e0 sous contrat jusqu\u2019en 2027 mais il s\u2019est engag\u00e9 pour 4 ann\u00e9es suppl\u00e9mentaires. Sous son \u00e9gide, l\u2019Afrique du Sud, num\u00e9ro 1 mondiale incontest\u00e9e \u00e0 l\u2019heure actuelle, a remport\u00e9 2 titres cons\u00e9cutifs de championne du monde, en 2019 et 2023.<\/p>\n<p class=\" wall-content\">Personnalisez votre actualit\u00e9 en ajoutant vos villes et m\u00e9dias en favori avec <a href=\"https:\/\/moncompte.actu.fr\" title=\"D\u00e9couvez Mon Actu\" rel=\"nofollow noopener\" data-trk=\"{&quot;cta&quot;:{&quot;action&quot;:&quot;https:\\\/\\\/moncompte.actu.fr&quot;,&quot;category&quot;:&quot;mon compte&quot;,&quot;from&quot;:&quot;article footer&quot;,&quot;name&quot;:&quot;Mon actu&quot;,&quot;type&quot;:&quot;cta&quot;}}\" target=\"_blank\">Mon Actu<\/a>.<\/p>\n","protected":false},"excerpt":{"rendered":"Par Emilie Dudon-Fournier Publi\u00e9 le 5 d\u00e9c. 2025 \u00e0 17h17 Ce n\u2019est pas encore aujourd\u2019hui que la plan\u00e8te&hellip;\n","protected":false},"author":2,"featured_media":580391,"comment_status":"","ping_status":"","sticky":false,"template":"","format":"standard","meta":{"footnotes":""},"categories":[1416],"tags":[1011,27,3788,479,1468,60],"class_list":{"0":"post-580390","1":"post","2":"type-post","3":"status-publish","4":"format-standard","5":"has-post-thumbnail","7":"category-rugby","8":"tag-fr","9":"tag-france","10":"tag-pro","11":"tag-rugby","12":"tag-rugby-football","13":"tag-sports"},"share_on_mastodon":{"url":"https:\/\/pubeurope.com\/@fr\/115668308766802595","error":""},"_links":{"self":[{"href":"https:\/\/www.europesays.com\/fr\/wp-json\/wp\/v2\/posts\/580390","targetHints":{"allow":["GET"]}}],"collection":[{"href":"https:\/\/www.europesays.com\/fr\/wp-json\/wp\/v2\/posts"}],"about":[{"href":"https:\/\/www.europesays.com\/fr\/wp-json\/wp\/v2\/types\/post"}],"author":[{"embeddable":true,"href":"https:\/\/www.europesays.com\/fr\/wp-json\/wp\/v2\/users\/2"}],"replies":[{"embeddable":true,"href":"https:\/\/www.europesays.com\/fr\/wp-json\/wp\/v2\/comments?post=580390"}],"version-history":[{"count":0,"href":"https:\/\/www.europesays.com\/fr\/wp-json\/wp\/v2\/posts\/580390\/revisions"}],"wp:featuredmedia":[{"embeddable":true,"href":"https:\/\/www.europesays.com\/fr\/wp-json\/wp\/v2\/media\/580391"}],"wp:attachment":[{"href":"https:\/\/www.europesays.com\/fr\/wp-json\/wp\/v2\/media?parent=580390"}],"wp:term":[{"taxonomy":"category","embeddable":true,"href":"https:\/\/www.europesays.com\/fr\/wp-json\/wp\/v2\/categories?post=580390"},{"taxonomy":"post_tag","embeddable":true,"href":"https:\/\/www.europesays.com\/fr\/wp-json\/wp\/v2\/tags?post=580390"}],"curies":[{"name":"wp","href":"https:\/\/api.w.org\/{rel}","templated":true}]}}