{"id":580392,"date":"2025-12-05T18:11:14","date_gmt":"2025-12-05T18:11:14","guid":{"rendered":"https:\/\/www.europesays.com\/fr\/580392\/"},"modified":"2025-12-05T18:11:14","modified_gmt":"2025-12-05T18:11:14","slug":"atp-france-philippe-weiss-sur-la-fameuse-negociation-du-contrat-nike-avec-monfils-on-passe-la-nuit-entiere-a-discuter-ce-nest-qua-laube-que-lon-se-tape-dans-la-main-et-je-nen-navais-pas","status":"publish","type":"post","link":"https:\/\/www.europesays.com\/fr\/580392\/","title":{"rendered":"ATP, France > Philippe Weiss, sur la fameuse n\u00e9gociation du contrat Nike avec Monfils : \u00ab\u00a0On passe la nuit enti\u00e8re \u00e0 discuter, ce n&rsquo;est qu&rsquo;\u00e0 l&rsquo;aube que l&rsquo;on se tape dans la main. Et je n&rsquo;en n&rsquo;avais pas encore vraiment parl\u00e9 au board\u00a0\u00bb"},"content":{"rendered":"<p>Dans notre dernier num\u00e9ro de We Love Tennis Magazine, nous avons d\u00e9cid\u00e9 de revenir sur la carri\u00e8re de Ga\u00ebl Monfils. Philippe Weiss, qui bossait \u00e0 l\u2019\u00e9poque chez Nike, avait v\u00e9cu une nuit m\u00e9mo\u00adrable avec \u00ab\u202fLa Monf\u202f\u00bb, comme il nous l\u2019a expliqu\u00e9 avec un brin de nostalgie.<\/p>\n<p><img fetchpriority=\"high\" decoding=\"async\" width=\"740\" height=\"1024\" src=\"https:\/\/www.welovetennis.fr\/wp-content\/uploads\/2025\/11\/N\u00b091.jpg\" alt=\"\" class=\"wp-image-573960\"  \/><\/p>\n<p><strong>Peut\u2010on nous parler de la fameuse n\u00e9go\u00adcia\u00adtion quand tu as voulu le signer pour Nike\u2026<\/strong><br \/>\u00ab\u202fEn fait, Ga\u00ebl obtient une invi\u00adta\u00adtion pour le tournoi de Bercy, il a 17 ans. Il perd contre Hewitt apr\u00e8s avoir gagn\u00e9 son premier match face \u00e0 Enqvist. On est en 2004, il avait gagn\u00e9 3 des tour\u00adnois du Grand Chelem sur les 4\u202fen junior (Open d\u2019Australie, Roland\u2010Garros, Wimbledon). Suite \u00e0 ces bons d\u00e9buts chez les \u00ab\u202fgrands\u202f\u00bb, je d\u00e9cide donc d\u2019ac\u00adc\u00e9\u00adl\u00e9rer le process. Avec son agent de l\u2019\u00e9poque Cyril Buscaglione et Ga\u00ebl on passe la nuit enti\u00e8re \u00e0 discuter, ce n\u2019est qu\u2019\u00e0 l\u2019aube que l\u2019on se tape dans la main. C\u2019\u00e9tait la premi\u00e8re fois que je n\u00e9go\u00adciais un contrat avec la pr\u00e9sence d\u2019un joueur. Une fois l\u2019ac\u00adcord scell\u00e9 je devais encore boucl\u00e9 l\u2019af\u00adfaire car je n\u2019en n\u2019avais pas encore vrai\u00adment parl\u00e9 au board. D\u2019habitude on fait les choses dans le sens inverse mais Ga\u00ebl m\u00e9ri\u00adtait bien ce chan\u00adge\u00adment des habi\u00adtudes. Le board de Nike a \u00e9t\u00e9 surpris par ma d\u00e9marche mais j\u2019\u00e9tais certain que Ga\u00ebl avait le charisme et les valeurs de la marque. Par la suite les diri\u00adgeants de Nike n\u2019ont jamais regrett\u00e9 ce deal m\u00eame si cela n\u2019a pas \u00e9t\u00e9 facile de vendre un petit fren\u00adchie aux cot\u00e9s de Rafael Nadal et Roger Federer\u202f\u00bb<\/p>\n<p class=\"post-published-date\" style=\"color: silver; font-size: 75%; text-align: left;\">Publi\u00e9 le vendredi 5 d\u00e9cembre 2025 \u00e0 12:20<\/p>\n","protected":false},"excerpt":{"rendered":"Dans notre dernier num\u00e9ro de We Love Tennis Magazine, nous avons d\u00e9cid\u00e9 de revenir sur la carri\u00e8re de&hellip;\n","protected":false},"author":2,"featured_media":580393,"comment_status":"","ping_status":"","sticky":false,"template":"","format":"standard","meta":{"footnotes":""},"categories":[1415],"tags":[2199,1011,27,3770,1960,60,1467],"class_list":{"0":"post-580392","1":"post","2":"type-post","3":"status-publish","4":"format-standard","5":"has-post-thumbnail","7":"category-tennis","8":"tag-federer","9":"tag-fr","10":"tag-france","11":"tag-monfils","12":"tag-nadal","13":"tag-sports","14":"tag-tennis"},"share_on_mastodon":{"url":"https:\/\/pubeurope.com\/@fr\/115668313844910870","error":""},"_links":{"self":[{"href":"https:\/\/www.europesays.com\/fr\/wp-json\/wp\/v2\/posts\/580392","targetHints":{"allow":["GET"]}}],"collection":[{"href":"https:\/\/www.europesays.com\/fr\/wp-json\/wp\/v2\/posts"}],"about":[{"href":"https:\/\/www.europesays.com\/fr\/wp-json\/wp\/v2\/types\/post"}],"author":[{"embeddable":true,"href":"https:\/\/www.europesays.com\/fr\/wp-json\/wp\/v2\/users\/2"}],"replies":[{"embeddable":true,"href":"https:\/\/www.europesays.com\/fr\/wp-json\/wp\/v2\/comments?post=580392"}],"version-history":[{"count":0,"href":"https:\/\/www.europesays.com\/fr\/wp-json\/wp\/v2\/posts\/580392\/revisions"}],"wp:featuredmedia":[{"embeddable":true,"href":"https:\/\/www.europesays.com\/fr\/wp-json\/wp\/v2\/media\/580393"}],"wp:attachment":[{"href":"https:\/\/www.europesays.com\/fr\/wp-json\/wp\/v2\/media?parent=580392"}],"wp:term":[{"taxonomy":"category","embeddable":true,"href":"https:\/\/www.europesays.com\/fr\/wp-json\/wp\/v2\/categories?post=580392"},{"taxonomy":"post_tag","embeddable":true,"href":"https:\/\/www.europesays.com\/fr\/wp-json\/wp\/v2\/tags?post=580392"}],"curies":[{"name":"wp","href":"https:\/\/api.w.org\/{rel}","templated":true}]}}