{"id":580398,"date":"2025-12-05T18:17:13","date_gmt":"2025-12-05T18:17:13","guid":{"rendered":"https:\/\/www.europesays.com\/fr\/580398\/"},"modified":"2025-12-05T18:17:13","modified_gmt":"2025-12-05T18:17:13","slug":"une-chanson-que-je-deteste-guy-le-frere-de-daniel-balavoine-critique-un-des-plus-gros-tubes-du-chanteur","status":"publish","type":"post","link":"https:\/\/www.europesays.com\/fr\/580398\/","title":{"rendered":"\u00ab\u00a0Une chanson que je d\u00e9teste\u00a0\u00bb : Guy, le fr\u00e8re de Daniel Balavoine critique un des plus gros tubes du chanteur"},"content":{"rendered":"<p>Guy Balavoine met \u00e0 l&rsquo;honneur son fr\u00e8re Daniel dans le spectacle Balavoine : ma bataille. Pour l&rsquo;occasion, il a accord\u00e9 une interview \u00e0 Paris Match dans laquelle il d\u00e9voile la chanson culte qu&rsquo;il d\u00e9teste.<\/p>\n<p>Une chanson qu&rsquo;il ne peut plus entendre. Guy Balavoine va rendre un bel hommage \u00e0 son fr\u00e8re Daniel. Il a pr\u00e9par\u00e9 le spectacle<a href=\"https:\/\/www.programme-tv.net\/news\/musique\/379226-d-anciens-gagnants-de-the-voice-reunis-pour-un-projet-tres-special-en-hommage-a-daniel-balavoine\/\" data-api-deeplink=\"teleloisirs:\/\/news\/379226\" target=\"_blank\" rel=\"noopener\"> Balavoine : ma bataille<\/a> d\u00e9di\u00e9 au chanteur d\u00e9c\u00e9d\u00e9 en 1986 dans <a href=\"https:\/\/www.programme-tv.net\/news\/musique\/388503-cest-le-choc-de-ma-vie-guy-le-frere-de-daniel-balavoine-revient-sur-la-mort-tragique-de-son-frere-dans-un-accident-d-helicoptere\/\" data-api-deeplink=\"teleloisirs:\/\/news\/388503\" target=\"_blank\" rel=\"noopener\">un accident d&rsquo;h\u00e9licopt\u00e8re<\/a>. Guy Balavoine va pr\u00e9senter ce spectacle dans toute la France \u00e0 partir du 14 janvier prochain. En attendant le d\u00e9but de sa tourn\u00e9e, le musicien de 79 ans fait la promotion de ce grand projet. Dans une interview accord\u00e9e \u00e0 Paris Match, il est revenu sur la vie de Daniel Balavoine, de ses amours \u00e0 sa carri\u00e8re.<\/p>\n<p>Guy Balavoine est notamment revenu sur<a href=\"https:\/\/www.programme-tv.net\/news\/musique\/393457-la-seule-femme-qu-il-ait-vraiment-aimee-guy-le-frere-de-daniel-balavoine-se-confie-sur-linda-lecomte-qu-il-a-quittee-pour-construire-sa-vie-de-famille\/\" data-api-deeplink=\"teleloisirs:\/\/news\/393457\" target=\"_blank\" rel=\"noopener\"> l&rsquo;idylle de son fr\u00e8re avec une certaine Linda Lecomte<\/a>, une programmatrice radio. \u00ab\u00a0Je pense que c&rsquo;est la seule femme qu&rsquo;il ait vraiment aim\u00e9e. Il \u00e9tait fou d&rsquo;elle. Avant, il y avait eu Catherine Ferry, mais c&rsquo;\u00e9tait un peu un amour de jeunesse. Le vrai drame de Daniel, c&rsquo;est qu&rsquo;il voulait des enfants et que Linda ne pouvait pas en avoir. Alors, il a trouv\u00e9 une g\u00e9nitrice\u00a0\u00bb, a-t-il d\u00e9clar\u00e9. C&rsquo;est donc avec Corinne Barcessat que Daniel Balavoine a donn\u00e9 naissance \u00e0 J\u00e9r\u00e9mie.<\/p>\n<p>                        Guy Balavoine avoue d\u00e9tester une chanson de son fr\u00e8re Daniel<\/p>\n<p>Apr\u00e8s \u00eatre revenu sur la vie de son fr\u00e8re, Guy Balavoine a fait quelques confidences personnelles. Interrog\u00e9 sur les d\u00e9fauts du chanteur, il a vite trouv\u00e9 celui qui le premier. \u00ab\u00a0Il a \u00e9crit L&rsquo;Aziza, une chanson que je d\u00e9teste\u00a0\u00bb, a avou\u00e9 Guy Balavoine. Une chanson pourtant \u00e9crite pour la m\u00e8re de son enfant : \u00ab\u00a0Soi-disant pour Corinne&#8230;\u00a0\u00bb S&rsquo;il ne dit pas pourquoi il n&rsquo;aime pas ce tube de Daniel Balavoine, le musicien a rep\u00e9r\u00e9 d&rsquo;autres petits d\u00e9fauts \u00e0 son d\u00e9funt fr\u00e8re.<\/p>\n<p>\u00ab\u00a0Sinon, Daniel fumait un peu, il aimait bien le vin rouge, il aimait bien manger, il aimait bien vivre&#8230;\u00a0\u00bb, a confi\u00e9 Guy Balavoine. Cependant, son fr\u00e8re avait aussi beaucoup de qualit\u00e9s. \u00ab\u00a0<a href=\"https:\/\/www.programme-tv.net\/biographie\/47453-gall-france\/\" data-link-people=\"e4bec612-0e86-41fa-90d3-91a811be0b3c\" target=\"_blank\" rel=\"noopener\">France Gall<\/a> disait qu&rsquo;il \u00e9tait l&rsquo;homme qui l&rsquo;avait fait le plus rire de sa vie, elle n&rsquo;avait pas tort\u00a0\u00bb, a-t-il ajout\u00e9. Finalement, ce sont bien ces derni\u00e8res qui ont le plus marqu\u00e9 les gens qui ont connu le chanteur. Sa m\u00e9moire sera honor\u00e9e lors du spectacle pr\u00e9par\u00e9 par son fr\u00e8re.<\/p>\n","protected":false},"excerpt":{"rendered":"Guy Balavoine met \u00e0 l&rsquo;honneur son fr\u00e8re Daniel dans le spectacle Balavoine : ma bataille. Pour l&rsquo;occasion, il&hellip;\n","protected":false},"author":2,"featured_media":580399,"comment_status":"","ping_status":"","sticky":false,"template":"","format":"standard","meta":{"footnotes":""},"categories":[1359],"tags":[4548,244,45098,58,3349,59,1473,1011,27,69442,873,973,69443],"class_list":{"0":"post-580398","1":"post","2":"type-post","3":"status-publish","4":"format-standard","5":"has-post-thumbnail","7":"category-people","8":"tag-channel_tl-story","9":"tag-commentaire","10":"tag-daniel-balavoine","11":"tag-divertissement","12":"tag-du00e9cu00e8s","13":"tag-entertainment","14":"tag-europe-1","15":"tag-fr","16":"tag-france","17":"tag-guid_6122494033001","18":"tag-musique","19":"tag-people","20":"tag-uuid_28b990f3-fcb4-46c5-9f73-284c33e6c2b4"},"share_on_mastodon":{"url":"https:\/\/pubeurope.com\/@fr\/115668336361147820","error":""},"_links":{"self":[{"href":"https:\/\/www.europesays.com\/fr\/wp-json\/wp\/v2\/posts\/580398","targetHints":{"allow":["GET"]}}],"collection":[{"href":"https:\/\/www.europesays.com\/fr\/wp-json\/wp\/v2\/posts"}],"about":[{"href":"https:\/\/www.europesays.com\/fr\/wp-json\/wp\/v2\/types\/post"}],"author":[{"embeddable":true,"href":"https:\/\/www.europesays.com\/fr\/wp-json\/wp\/v2\/users\/2"}],"replies":[{"embeddable":true,"href":"https:\/\/www.europesays.com\/fr\/wp-json\/wp\/v2\/comments?post=580398"}],"version-history":[{"count":0,"href":"https:\/\/www.europesays.com\/fr\/wp-json\/wp\/v2\/posts\/580398\/revisions"}],"wp:featuredmedia":[{"embeddable":true,"href":"https:\/\/www.europesays.com\/fr\/wp-json\/wp\/v2\/media\/580399"}],"wp:attachment":[{"href":"https:\/\/www.europesays.com\/fr\/wp-json\/wp\/v2\/media?parent=580398"}],"wp:term":[{"taxonomy":"category","embeddable":true,"href":"https:\/\/www.europesays.com\/fr\/wp-json\/wp\/v2\/categories?post=580398"},{"taxonomy":"post_tag","embeddable":true,"href":"https:\/\/www.europesays.com\/fr\/wp-json\/wp\/v2\/tags?post=580398"}],"curies":[{"name":"wp","href":"https:\/\/api.w.org\/{rel}","templated":true}]}}