{"id":580407,"date":"2025-12-05T18:24:16","date_gmt":"2025-12-05T18:24:16","guid":{"rendered":"https:\/\/www.europesays.com\/fr\/580407\/"},"modified":"2025-12-05T18:24:16","modified_gmt":"2025-12-05T18:24:16","slug":"nommes-sous-donald-trump-des-experts-recommandent-de-ne-plus-vacciner-lensemble-des-nouveaux-nes-contre-lhepatite-b","status":"publish","type":"post","link":"https:\/\/www.europesays.com\/fr\/580407\/","title":{"rendered":"nomm\u00e9s sous Donald Trump, des experts recommandent de ne plus vacciner l\u2019ensemble des nouveaux-n\u00e9s contre l&rsquo;h\u00e9patite B"},"content":{"rendered":"<p>                             Par Le Figaro avec AFP<\/p>\n<p>                Le 5 d\u00e9cembre 2025 \u00e0 17h39<\/p>\n<p>    Le Comit\u00e9 consultatif sur les pratiques d\u2019immunisation (ACIP) vote sur la recommandation du calendrier de vaccination contre l\u2019h\u00e9patite B chez les enfants, \u00e0 Atlanta aux \u00c9tats-Unis, le 5 d\u00e9cembre 2025.<br \/>\n                Alyssa POINTER \/ REUTERS<\/p>\n<p>\n    Selon la nouvelle directive, l\u2019administration d\u2019une premi\u00e8re dose de vaccin contre l\u2019h\u00e9patite B &#8211; sur trois &#8211; dans les premi\u00e8res heures de la vie d\u2019un enfant serait dor\u00e9navant recommand\u00e9e pour les seuls individus dont la m\u00e8re a \u00e9t\u00e9 diagnostiqu\u00e9e comme porteuse du virus.<\/p>\n<p class=\"fig-paragraph\">Nomm\u00e9 par le\u00a0<a href=\"http:\/\/www.lefigaro.fr\/international\/une-ferme-determination-a-privilegier-la-pseudoscience-et-le-complotisme-robert-kennedy-jr-epingle-pour-sa-politique-antivaccins-20250905\" target=\"_blank\" data-fig-type=\"Article\" rel=\"noopener\" data-gtm-custom-categorie=\"navigation\" data-gtm-custom-action=\"crossclick\" data-gtm-custom-label=\"Contextuel\" data-gtm-event=\"customEventSPE\" data-fig-domain=\"LEFIGARO\">ministre de la Sant\u00e9<\/a>\u00a0vaccinosceptique de\u00a0<a href=\"http:\/\/www.lefigaro.fr\/flash-actu\/donald-trump-recrute-un-nouvel-architecte-pour-eriger-son-enorme-salle-de-bal-20251205\" target=\"_blank\" data-fig-type=\"NewsFlash\" rel=\"noopener\" data-gtm-custom-categorie=\"navigation\" data-gtm-custom-action=\"crossclick\" data-gtm-custom-label=\"Contextuel\" data-gtm-event=\"customEventSPE\" data-fig-domain=\"LEFIGARO\">Donald Trump<\/a>, un groupe d&rsquo;experts a d\u00e9cid\u00e9 vendredi de cesser de recommander le vaccin contre\u00a0<a href=\"https:\/\/sante.lefigaro.fr\/sante\/maladie\/hepatite-b\/quest-ce-que-cest\" target=\"_blank\" data-fig-type=\"Keyword\" rel=\"noopener\" data-gtm-custom-categorie=\"navigation\" data-gtm-custom-action=\"crossclick\" data-gtm-custom-label=\"Contextuel\" data-gtm-event=\"customEventSPE\" data-fig-domain=\"SANTE\">l&rsquo;h\u00e9patite B<\/a>\u00a0\u00e0 l&rsquo;ensemble des nouveaux-n\u00e9s, contre l&rsquo;avis de nombreux soignants. Cette d\u00e9cision, qui devrait \u00eatre suivie par les autorit\u00e9s f\u00e9d\u00e9rales am\u00e9ricaines, mettrait fin \u00e0 l&rsquo;actuelle politique de pr\u00e9vention du pays, en vigueur depuis plus de 30 ans.<\/p>\n<p class=\"fig-paragraph\">Selon la nouvelle directive, l\u2019administration d\u2019une premi\u00e8re dose de vaccin contre l\u2019h\u00e9patite B &#8211; sur trois &#8211; dans les premi\u00e8res heures de la vie d\u2019un enfant serait dor\u00e9navant recommand\u00e9e pour les seuls individus dont la m\u00e8re a \u00e9t\u00e9 diagnostiqu\u00e9e comme porteuse du virus.<\/p>\n<p>                                                                <a class=\"fig-a11y-skip\" href=\"#fig-a11y-skip-main-inarticle\" data-module=\"a11y-skip\" data-context=\"was @visible\"><br \/>\n    Passer la publicit\u00e9<br \/>\n<\/a>            <\/p>\n<p class=\"fig-paragraph\">Pour ceux dont la m\u00e8re a \u00e9t\u00e9 test\u00e9e n\u00e9gative, le comit\u00e9 conseille d\u00e9sormais aux parents de discuter avec un professionnel de sant\u00e9 pour d\u00e9terminer \u00abs\u2019ils souhaitent faire vacciner leur enfant\u00bb et quand.<\/p>\n<p>                                                                Une \u00abdirective irresponsable et d\u00e9lib\u00e9r\u00e9ment trompeuse\u00bb<\/p>\n<p class=\"fig-paragraph\">Ce changement a \u00e9t\u00e9 imm\u00e9diatement d\u00e9nonc\u00e9 par des associations de soignants. \u00abCette directive irresponsable et d\u00e9lib\u00e9r\u00e9ment trompeuse entra\u00eenera une augmentation des infections par l\u2019h\u00e9patite B chez les nourrissons et les enfants\u00bb a ainsi fustig\u00e9 Susan Kressly, pr\u00e9sidente de l\u2019Acad\u00e9mie am\u00e9ricaine de p\u00e9diatrie.<\/p>\n<p class=\"fig-paragraph\">Trois membres du groupe s\u2019y \u00e9taient \u00e9galement oppos\u00e9s, pointant l\u2019absence d\u2019\u00e9l\u00e9ments justifiant le b\u00e9n\u00e9fice d\u2019un tel changement. \u00abNe pas nuire est un imp\u00e9ratif moral. En modifiant la formulation de cette recommandation, nous causons du tort\u00bb, a alert\u00e9 le docteur Cody Meissner en amont du vote, l\u2019une des rares voix dissidentes du comit\u00e9, qu\u2019a enti\u00e8rement remani\u00e9 le ministre Robert Kennedy Jr.<\/p>\n","protected":false},"excerpt":{"rendered":"Par Le Figaro avec AFP Le 5 d\u00e9cembre 2025 \u00e0 17h39 Le Comit\u00e9 consultatif sur les pratiques d\u2019immunisation&hellip;\n","protected":false},"author":2,"featured_media":580408,"comment_status":"","ping_status":"","sticky":false,"template":"","format":"standard","meta":{"footnotes":""},"categories":[10],"tags":[8704,47,8699,8707,8706,73,4988,1011,27,8705,72,40363,8700,5362,226,224,8701,225,8702,298,71,8703,801,227,148],"class_list":{"0":"post-580407","1":"post","2":"type-post","3":"status-publish","4":"format-standard","5":"has-post-thumbnail","7":"category-sante","8":"tag-actu-sante","9":"tag-actualite","10":"tag-actualite-sante","11":"tag-conseil-medical","12":"tag-conseils-medicaux","13":"tag-etats-unis","14":"tag-forme","15":"tag-fr","16":"tag-france","17":"tag-guide-des-medicaments","18":"tag-health","19":"tag-hepatite","20":"tag-info-sante","21":"tag-magazine-sante","22":"tag-maladie","23":"tag-medecine","24":"tag-medical","25":"tag-medicament","26":"tag-nutrition-et-sante","27":"tag-psychologie","28":"tag-sante","29":"tag-sexualite","30":"tag-social","31":"tag-traitement","32":"tag-vaccination"},"share_on_mastodon":{"url":"https:\/\/pubeurope.com\/@fr\/115668363861969576","error":""},"_links":{"self":[{"href":"https:\/\/www.europesays.com\/fr\/wp-json\/wp\/v2\/posts\/580407","targetHints":{"allow":["GET"]}}],"collection":[{"href":"https:\/\/www.europesays.com\/fr\/wp-json\/wp\/v2\/posts"}],"about":[{"href":"https:\/\/www.europesays.com\/fr\/wp-json\/wp\/v2\/types\/post"}],"author":[{"embeddable":true,"href":"https:\/\/www.europesays.com\/fr\/wp-json\/wp\/v2\/users\/2"}],"replies":[{"embeddable":true,"href":"https:\/\/www.europesays.com\/fr\/wp-json\/wp\/v2\/comments?post=580407"}],"version-history":[{"count":0,"href":"https:\/\/www.europesays.com\/fr\/wp-json\/wp\/v2\/posts\/580407\/revisions"}],"wp:featuredmedia":[{"embeddable":true,"href":"https:\/\/www.europesays.com\/fr\/wp-json\/wp\/v2\/media\/580408"}],"wp:attachment":[{"href":"https:\/\/www.europesays.com\/fr\/wp-json\/wp\/v2\/media?parent=580407"}],"wp:term":[{"taxonomy":"category","embeddable":true,"href":"https:\/\/www.europesays.com\/fr\/wp-json\/wp\/v2\/categories?post=580407"},{"taxonomy":"post_tag","embeddable":true,"href":"https:\/\/www.europesays.com\/fr\/wp-json\/wp\/v2\/tags?post=580407"}],"curies":[{"name":"wp","href":"https:\/\/api.w.org\/{rel}","templated":true}]}}