{"id":580412,"date":"2025-12-05T18:27:18","date_gmt":"2025-12-05T18:27:18","guid":{"rendered":"https:\/\/www.europesays.com\/fr\/580412\/"},"modified":"2025-12-05T18:27:18","modified_gmt":"2025-12-05T18:27:18","slug":"primark-fait-une-grande-annonce-qui-va-ravir-les-fans-de-mode-avant-les-fetes-de-noel-2025","status":"publish","type":"post","link":"https:\/\/www.europesays.com\/fr\/580412\/","title":{"rendered":"Primark fait une grande annonce qui va ravir les fans de mode avant les f\u00eates de No\u00ebl 2025 !"},"content":{"rendered":"<p><a href=\"https:\/\/www.mariefrance.fr\/mode\/enseigne-mode-primark-ouvre-premier-magasin-decoration-primark-home-1119172.html\" target=\"_blank\" rel=\"noopener\"><br \/>\nPrimark ne conna\u00eet pas la crise<\/a>. L\u00a0\u00bbenseigne de pr\u00eat-\u00e0-porter \u00e0<br \/>\npetits prix s&rsquo;offre m\u00eame le luxe de grimper sur le podium des<br \/>\nmarques de mode les plus populaires aupr\u00e8s des Fran\u00e7ais. Selon un<br \/>\npalmar\u00e8s Kantar publi\u00e9 en septembre dernier, la marque anglaise se<br \/>\nclasse <strong>en seconde position<\/strong>, juste entre les deux<br \/>\ng\u00e9ants fran\u00e7ais <a href=\"https:\/\/www.mariefrance.fr\/mode\/kiabi-village-enseigne-mode-adoree-francaises-magasin-adresse-1130762.html\" target=\"_blank\" rel=\"noopener\"><br \/>\nKiabi et Decathlon<\/a>, respectivement premier et troisi\u00e8me de ce<br \/>\nclassement.<\/p>\n<p>Chez Primark, les paniers sont particuli\u00e8rement garnis. En<br \/>\nmoyenne, chaque client ach\u00e8te <strong>4,8 articles par passage en<br \/>\ncaisse<\/strong>.\u00a0Outre l&rsquo;attractivit\u00e9 de leurs offres \u00e0 prix<br \/>\ncass\u00e9s, <a href=\"https:\/\/www.mariefrance.fr\/insolite\/elle-filme-letat-chaotique-des-rayons-dun-magasin-primark-les-gens-sont-honteux-1150949.html\" target=\"_blank\" rel=\"noopener\"><br \/>\nces magasins d\u00e9sordonn\u00e9s<\/a> offrent un service client<br \/>\nparticuli\u00e8rement adapt\u00e9 \u00e0 une client\u00e8le ind\u00e9cise.<\/p>\n<p>Les produits Primark achet\u00e9s le 14 octobre 2025 ou apr\u00e8s<br \/>\npeuvent \u00eatre retourn\u00e9s jusqu&rsquo;au 30 janvier 2026<\/p>\n<p>\u00c0 l&rsquo;approche des f\u00eates de fin d&rsquo;ann\u00e9e, Primark se pr\u00e9pare \u00e0<br \/>\nr\u00e9pondre \u00e0 <strong>une demande accrue<\/strong>. Afin d&rsquo;accompagner<br \/>\nau mieux des clients souvent un peu plus stress\u00e9s \u00e0 cette p\u00e9riode<br \/>\nde l&rsquo;ann\u00e9e, l\u2019enseigne va leur permettre de r\u00e9aliser quelques<br \/>\nachats \u00ab\u00a0loup\u00e9s\u00a0\u00bb avant de trouver les cadeaux parfaits.<\/p>\n<p>Primark a r\u00e9cemment annonc\u00e9 un changement important concernant<br \/>\nsa politique de retours pour No\u00ebl 2025. Le g\u00e9ant de la mode \u00e0 bas<br \/>\nprix a d\u00e9cid\u00e9 de prolonger son d\u00e9lai habituel de retour de 28 jours<br \/>\npour les achats effectu\u00e9s pendant la p\u00e9riode de fin<br \/>\nd&rsquo;ann\u00e9e.\u00a0Primark \u00e9tend d\u00e9sormais ce d\u00e9lai <strong>du 14<br \/>\noctobre 2025 au 30 janvier 2026<\/strong>. Pendant cette p\u00e9riode,<br \/>\nl&rsquo;enseigne \u00e9changera ou remboursera (presque) tous les articles<br \/>\nachet\u00e9s.<\/p>\n<p><img loading=\"lazy\" decoding=\"async\" aria-describedby=\"caption-attachment-1156958\" itemprop=\"thumbnailUrl\" class=\"wp-image-1156958 img-responsive size-full\" src=\"https:\/\/www.europesays.com\/fr\/wp-content\/uploads\/2025\/12\/ed-app-smartpone-2025-04-28t062023.827.jpg\" alt=\"primark\" width=\"1280\" height=\"720\"\/> \u00a9<br \/>\nshutterstock<\/p>\n<p id=\"caption-attachment-1156958\" class=\"wp-caption-text\">\nL&rsquo;enseigne Primark a d\u00e9cid\u00e9 de prolonger son d\u00e9lai habituel de<br \/>\nretour de 28 jours pour les achats effectu\u00e9s pendant la p\u00e9riode de<br \/>\nfin d&rsquo;ann\u00e9e.<\/p>\n<p>Les conditions de retour des articles Primark<\/p>\n<p data-pm-slice=\"1 1 []\">\u00c9videmment, tout ne pourra pas \u00eatre<br \/>\nretourn\u00e9 comme si de rien n\u2019\u00e9tait. Primark acceptera les retours<br \/>\nuniquement si <strong>les articles sont en bon \u00e9tat<\/strong>, pr\u00eats<br \/>\n\u00e0 \u00eatre remis en rayon. En outre, vous devrez <strong>pr\u00e9senter le<br \/>\nticket de caisse<\/strong>.<\/p>\n<p data-pm-slice=\"1 1 []\">Si vous retournez un article dans les 28<br \/>\njours suivant l&rsquo;achat, Primark effectuera le remboursement<br \/>\n<strong>via le mode de paiement initial<\/strong>.\u00a0Si vous<br \/>\nn&rsquo;avez plus la carte utilis\u00e9e pour l&rsquo;achat, Primark proposera un<br \/>\n\u00e9change \u00e0 la place. Pass\u00e9 ce d\u00e9lai de 28 jours, Primark n&rsquo;acceptera<br \/>\nles retours que sous forme d\u2019\u00e9change.<\/p>\n<p><img loading=\"lazy\" decoding=\"async\" aria-describedby=\"caption-attachment-1147667\" class=\"size-full wp-image-1147667 img-responsive\" src=\"https:\/\/www.europesays.com\/fr\/wp-content\/uploads\/2025\/12\/d.jpg\" alt=\"Primark\" width=\"1280\" height=\"720\"\/> \u00a9<br \/>\nShutterstock<\/p>\n<p id=\"caption-attachment-1147667\" class=\"wp-caption-text\">Primark<br \/>\nacceptera les retours si les articles sont en bon \u00e9tat et<br \/>\naccompagn\u00e9s du ticket de caisse.<\/p>\n<p>L&rsquo;enseigne<br \/>\nn&rsquo;accepte ni les \u00e9changes ni les remboursements pour certains<br \/>\nproduits<\/p>\n<p>Primark pr\u00e9cise sur son site internet : \u00ab\u00a0Certains produits<br \/>\nne peuvent \u00eatre <strong>ni \u00e9chang\u00e9s, ni rembours\u00e9s<\/strong>,<br \/>\nnotamment les sous-v\u00eatements (culottes, boxers ou ensembles), les<br \/>\nbijoux de type piercing, et les produits de beaut\u00e9 ou de bien-\u00eatre<br \/>\nqui ont \u00e9t\u00e9 ouverts. Mais \u00e9galement les cartes cadeaux (y<br \/>\ncompris les versions num\u00e9riques et celles provenant d&rsquo;un tiers),<br \/>\nles masques pour le visage, et les maillots de bain dont<br \/>\nl&rsquo;\u00e9tiquette d&rsquo;hygi\u00e8ne n&rsquo;est pas intacte.\u00a0\u00bb<\/p>\n<blockquote class=\"tiktok-embed\" cite=\"https:\/\/www.tiktok.com\/@primarkenfrance\/video\/7561767385183620374\" data-video-id=\"7561767385183620374\" style=\"max-width: 605px;min-width: 325px;\"><p>\n<a target=\"_blank\" href=\"https:\/\/www.tiktok.com\/@primarkenfrance\/video\/7561767385183620374\" rel=\"noopener\"><br \/>\n<img decoding=\"async\" src=\"https:\/\/www.tiktok.com\/img\/logo.png\" alt=\"TikTok Logo\"\/><\/a>\n<\/p><\/blockquote>\n<p>L&rsquo;enseigne pr\u00e9vient \u00e9galement qu&rsquo;elle ne propose ni retours ni<br \/>\n\u00e9changes par voie postale pour les articles non d\u00e9fectueux ou les<br \/>\nachats effectu\u00e9s en magasin. Par contre, si vous recevez un article<br \/>\nd\u00e9fectueux, vous devrez vous rendre directement dans l&rsquo;un des<br \/>\nmagasins pour effectuer le retour ou l\u2019\u00e9change. En France, Primark<br \/>\ncompte <strong>28 points de vente<\/strong> r\u00e9partis sur tout le<br \/>\nterritoire. Le dernier magasin a ouvert \u00e0 Caen en septembre<br \/>\ndernier. \u00c0 noter qu&rsquo;il n&rsquo;y a toujours pas de magasin Primark \u00e0<br \/>\nParis intra-muros, mais plusieurs sont situ\u00e9s en \u00cele-de-France,<br \/>\nnotamment \u00e0 Cr\u00e9teil (centre commercial Cr\u00e9teil Soleil) et \u00e0<br \/>\nVilleneuve-la-Garenne (centre commercial Qwartz).<\/p>\n<p><script async src=\"\/\/www.tiktok.com\/embed.js\"><\/script><\/p>\n","protected":false},"excerpt":{"rendered":"Primark ne conna\u00eet pas la crise. L\u00a0\u00bbenseigne de pr\u00eat-\u00e0-porter \u00e0 petits prix s&rsquo;offre m\u00eame le luxe de grimper&hellip;\n","protected":false},"author":2,"featured_media":580413,"comment_status":"","ping_status":"","sticky":false,"template":"","format":"standard","meta":{"footnotes":""},"categories":[7],"tags":[1011,27,6055,43,40,41,39,42,44],"class_list":{"0":"post-580412","1":"post","2":"type-post","3":"status-publish","4":"format-standard","5":"has-post-thumbnail","7":"category-sciences-et-technologies","8":"tag-fr","9":"tag-france","10":"tag-republishing","11":"tag-science","12":"tag-science-and-technology","13":"tag-sciences","14":"tag-sciences-et-technologies","15":"tag-technologies","16":"tag-technology"},"share_on_mastodon":{"url":"https:\/\/pubeurope.com\/@fr\/115668376866586326","error":""},"_links":{"self":[{"href":"https:\/\/www.europesays.com\/fr\/wp-json\/wp\/v2\/posts\/580412","targetHints":{"allow":["GET"]}}],"collection":[{"href":"https:\/\/www.europesays.com\/fr\/wp-json\/wp\/v2\/posts"}],"about":[{"href":"https:\/\/www.europesays.com\/fr\/wp-json\/wp\/v2\/types\/post"}],"author":[{"embeddable":true,"href":"https:\/\/www.europesays.com\/fr\/wp-json\/wp\/v2\/users\/2"}],"replies":[{"embeddable":true,"href":"https:\/\/www.europesays.com\/fr\/wp-json\/wp\/v2\/comments?post=580412"}],"version-history":[{"count":0,"href":"https:\/\/www.europesays.com\/fr\/wp-json\/wp\/v2\/posts\/580412\/revisions"}],"wp:featuredmedia":[{"embeddable":true,"href":"https:\/\/www.europesays.com\/fr\/wp-json\/wp\/v2\/media\/580413"}],"wp:attachment":[{"href":"https:\/\/www.europesays.com\/fr\/wp-json\/wp\/v2\/media?parent=580412"}],"wp:term":[{"taxonomy":"category","embeddable":true,"href":"https:\/\/www.europesays.com\/fr\/wp-json\/wp\/v2\/categories?post=580412"},{"taxonomy":"post_tag","embeddable":true,"href":"https:\/\/www.europesays.com\/fr\/wp-json\/wp\/v2\/tags?post=580412"}],"curies":[{"name":"wp","href":"https:\/\/api.w.org\/{rel}","templated":true}]}}