{"id":580414,"date":"2025-12-05T18:28:19","date_gmt":"2025-12-05T18:28:19","guid":{"rendered":"https:\/\/www.europesays.com\/fr\/580414\/"},"modified":"2025-12-05T18:28:19","modified_gmt":"2025-12-05T18:28:19","slug":"voici-combien-les-femmes-touchent-en-moins-a-la-retraite-par-rapport-aux-hommes","status":"publish","type":"post","link":"https:\/\/www.europesays.com\/fr\/580414\/","title":{"rendered":"voici combien les femmes touchent en moins \u00e0 la retraite par rapport aux hommes"},"content":{"rendered":"<p>En France comme ailleurs, les in\u00e9galit\u00e9s persistent au moment de<br \/>\nla retraite, m\u00eame apr\u00e8s des ann\u00e9es d\u2019\u00e9volutions sociales et<br \/>\nprofessionnelles. Un nouveau rapport de l\u2019OCDE vient rappeler<br \/>\nl\u2019ampleur du probl\u00e8me. Les chiffres d\u00e9voil\u00e9s montrent que<br \/>\n<strong>les femmes per\u00e7oivent toujours une pension bien<br \/>\ninf\u00e9rieure<\/strong> \u00e0 celle des hommes.<\/p>\n<p>Les causes sont connues, mais les effets restent lourds pour des<br \/>\nmillions de retrait\u00e9es. Selon le magazine <a href=\"https:\/\/www.capital.fr\/votre-retraite\/retraites-pourquoi-les-femmes-percoivent-encore-27-de-moins-que-les-hommes-en-france-1521597\" target=\"_blank\" rel=\"nofollow noopener\">Capital<\/a>, cette<br \/>\nnouvelle analyse <strong>relance donc le d\u00e9bat sur la justice<br \/>\nsociale<\/strong> et l\u2019\u00e9quit\u00e9 \u00e0 l\u2019heure de la retraite.<\/p>\n<p>Un \u00e9cart de retraite toujours tr\u00e8s important en France<\/p>\n<p>Selon l\u2019OCDE, <a href=\"https:\/\/www.mariefrance.fr\/actualite\/societe\/region-francaise-femmes-gagnent-moins-hommes-triste-record-1207075.html\" target=\"_blank\" rel=\"noopener\">les femmes fran\u00e7aises<\/a> touchent<br \/>\nen moyenne 27 % de moins que les hommes \u00e0 la retraite. Cet \u00e9cart<br \/>\nest sup\u00e9rieur \u00e0 la moyenne des pays de l\u2019OCDE, qui se situe \u00e0 23 %.<br \/>\nCertes, la France n\u2019est pas le pays le plus in\u00e9galitaire, loin<br \/>\nderri\u00e8re le Japon o\u00f9 l\u2019\u00e9cart atteint 47 %. Cependant, <strong>elle<br \/>\nn\u2019est pas non plus parmi les pays les plus \u00e9galitaires<\/strong>,<br \/>\ncomme la R\u00e9publique tch\u00e8que o\u00f9 il descend sous les 10 %. Cela<br \/>\nmontre que malgr\u00e9 les mesures existantes, le syst\u00e8me fran\u00e7ais peine<br \/>\nencore \u00e0 r\u00e9duire les diff\u00e9rences entre les pensions des femmes et<br \/>\ndes hommes.<\/p>\n<p>L\u2019OCDE rappelle que cet \u00e9cart s\u2019explique d\u2019abord par les<br \/>\ndiff\u00e9rences de carri\u00e8re. <strong>Les femmes gagnent en moyenne des<br \/>\nsalaires horaires plus bas<\/strong>. En effet, elles sont<br \/>\nsurrepr\u00e9sent\u00e9es dans les m\u00e9tiers les moins r\u00e9mun\u00e9r\u00e9s. Elles<br \/>\ninterrompent aussi plus souvent leur activit\u00e9 ou la ralentissent,<br \/>\nnotamment pour la maternit\u00e9. Cong\u00e9s parentaux, temps partiels subis<br \/>\nou choix familiaux : autant de situations qui r\u00e9duisent leurs<br \/>\ndroits \u00e0 la retraite. Ces constats sont partag\u00e9s par de nombreux<br \/>\nexperts.<\/p>\n<p><img loading=\"lazy\" decoding=\"async\" aria-describedby=\"caption-attachment-1221152\" itemprop=\"thumbnailUrl\" class=\"size-full wp-image-1221152 img-responsive\" src=\"https:\/\/www.europesays.com\/fr\/wp-content\/uploads\/2025\/12\/illu-2-2.jpg\" alt=\"Senior d\u00e9vast\u00e9\" width=\"1280\" height=\"720\"\/> \u00a9<br \/>\nshutterstock<\/p>\n<p id=\"caption-attachment-1221152\" class=\"wp-caption-text\">Les<br \/>\nfemmes ont une pension de retraite bien moins importante que celle<br \/>\ndes hommes.<\/p>\n<p>La maternit\u00e9, un poids important dans les droits \u00e0 la<br \/>\nretraite<\/p>\n<p>Le rapport rappelle que <a href=\"https:\/\/www.mariefrance.fr\/actualite\/societe\/prime-1000-euros-bon-cadeau-femmes-accouchent-maternite-ville-francaise-menacee-nombre-naissances-insuffisant-1224670.html\" target=\"_blank\" rel=\"noopener\">la maternit\u00e9<\/a> joue un r\u00f4le<br \/>\nessentiel dans l\u2019\u00e9cart de retraite. Dans la plupart des pays de<br \/>\nl\u2019OCDE, les femmes s\u2019arr\u00eatent plus souvent de travailler ou<br \/>\nr\u00e9duisent leur volume horaire pour s\u2019occuper de leurs enfants. Ce<br \/>\nph\u00e9nom\u00e8ne reste tr\u00e8s r\u00e9pandu en France, o\u00f9 <strong>la charge de<br \/>\nl\u2019\u00e9ducation repose encore majoritairement sur les femmes<\/strong>.<br \/>\nCes interruptions ou ralentissements d\u2019activit\u00e9 ont un impact<br \/>\ndirect sur les pensions. Car le syst\u00e8me fran\u00e7ais valorise avant<br \/>\ntout le nombre d\u2019ann\u00e9es de cotisation.<\/p>\n<p>L\u2019OCDE note toutefois que la France fait partie des pays qui<br \/>\nprot\u00e8gent le mieux les m\u00e8res. Comme l\u2019Allemagne ou l\u2019Italie, elle<br \/>\naccorde des cr\u00e9dits ou majorations de pension uniquement pour le<br \/>\nfait d\u2019avoir eu des enfants. M\u00eame lorsqu\u2019il n\u2019y a pas eu<br \/>\nd\u2019interruption professionnelle. <strong>Ces dispositifs permettent<br \/>\nde limiter la baisse de pension<\/strong>. Mais ils ne compensent<br \/>\npas l\u2019ensemble des in\u00e9galit\u00e9s de carri\u00e8re. Le caract\u00e8re structurel<br \/>\ndu probl\u00e8me reste donc tr\u00e8s visible : \u00e0 cause du calcul des<br \/>\npensions bas\u00e9 sur la dur\u00e9e cotis\u00e9e, les femmes partent plus souvent<br \/>\navec une d\u00e9cote et b\u00e9n\u00e9ficient rarement d\u2019une surcote.<\/p>\n<p><img loading=\"lazy\" decoding=\"async\" aria-describedby=\"caption-attachment-1217046\" class=\"size-full wp-image-1217046 img-responsive\" src=\"https:\/\/www.europesays.com\/fr\/wp-content\/uploads\/2025\/12\/copie-de-sans-titre-2.jpg\" alt=\"Maman avec son enfant\" width=\"1280\" height=\"720\"\/><br \/>\n\u00a9<br \/>\nShutterstock<\/p>\n<p id=\"caption-attachment-1217046\" class=\"wp-caption-text\">La<br \/>\nmaternit\u00e9 joue un r\u00f4le important dans la retraite des femmes.<\/p>\n<p>Un syst\u00e8me de retraite qui renforce<br \/>\ncertaines in\u00e9galit\u00e9s<\/p>\n<p>Donc, le fonctionnement m\u00eame du <a href=\"https:\/\/www.mariefrance.fr\/actualite\/florent-pagny-accuse-de-profiter-du-systeme-de-soin-francais-pour-traiter-son-cancer-cest-dune-stupidite-745798.html\" target=\"_blank\" rel=\"noopener\">syst\u00e8me fran\u00e7ais<\/a> explique une<br \/>\npartie de ces \u00e9carts de retraite. La pension d\u00e9pend directement du<br \/>\nnombre de trimestres valid\u00e9s et du salaire moyen. Les femmes, qui<br \/>\nalternent plus souvent temps plein et temps partiel, interruptions<br \/>\net reprises, se retrouvent m\u00e9caniquement d\u00e9savantag\u00e9es.<br \/>\n<strong>Elles cotisent moins longtemps ou moins<br \/>\nr\u00e9guli\u00e8rement<\/strong>. Ce qui r\u00e9duit la pension finale.<\/p>\n<blockquote class=\"twitter-tweet\"><p><a class=\"twitter-link\" rel=\"noindex, nofollow noopener\" href=\"https:\/\/twitter.com\/mariefrancemag\/status\/1996648515632599430\" target=\"_blank\"><\/p><\/blockquote>\n<p>L\u2019\u00e9cart de 27 % ne surprend pas les sp\u00e9cialistes, car il r\u00e9sulte<br \/>\nde toute une vie de diff\u00e9rences professionnelles. Pour les femmes,<br \/>\nles cons\u00e9quences sont lourdes : pensions plus faibles, moins de<br \/>\nmarges financi\u00e8res et parfois une plus grande pr\u00e9carit\u00e9 une fois \u00e0<br \/>\nla retraite. L\u2019OCDE rappelle que <strong>toute am\u00e9lioration durable<br \/>\npassera par une r\u00e9duction r\u00e9elle des in\u00e9galit\u00e9s<br \/>\nsalariales<\/strong>, une meilleure r\u00e9partition des charges<br \/>\nfamiliales et des syst\u00e8mes de compensation encore plus efficaces.<br \/>\nTant que ces progr\u00e8s ne seront pas pleinement r\u00e9alis\u00e9s, l\u2019\u00e9cart<br \/>\nrestera \u00ab scandaleux \u00bb pour beaucoup de retrait\u00e9es qui voient<br \/>\nchaque mois la diff\u00e9rence avec leurs homologues masculins.<\/p>\n<p><script async src=\"https:\/\/platform.twitter.com\/widgets.js\" charset=\"utf-8\"><\/script><\/p>\n","protected":false},"excerpt":{"rendered":"En France comme ailleurs, les in\u00e9galit\u00e9s persistent au moment de la retraite, m\u00eame apr\u00e8s des ann\u00e9es d\u2019\u00e9volutions sociales&hellip;\n","protected":false},"author":2,"featured_media":580415,"comment_status":"","ping_status":"","sticky":false,"template":"","format":"standard","meta":{"footnotes":""},"categories":[6],"tags":[35,21303,33,34,1011,27],"class_list":{"0":"post-580414","1":"post","2":"type-post","3":"status-publish","4":"format-standard","5":"has-post-thumbnail","7":"category-economie","8":"tag-business","9":"tag-buzz_nonli","10":"tag-economie","11":"tag-economy","12":"tag-fr","13":"tag-france"},"share_on_mastodon":{"url":"https:\/\/pubeurope.com\/@fr\/115668380595712669","error":""},"_links":{"self":[{"href":"https:\/\/www.europesays.com\/fr\/wp-json\/wp\/v2\/posts\/580414","targetHints":{"allow":["GET"]}}],"collection":[{"href":"https:\/\/www.europesays.com\/fr\/wp-json\/wp\/v2\/posts"}],"about":[{"href":"https:\/\/www.europesays.com\/fr\/wp-json\/wp\/v2\/types\/post"}],"author":[{"embeddable":true,"href":"https:\/\/www.europesays.com\/fr\/wp-json\/wp\/v2\/users\/2"}],"replies":[{"embeddable":true,"href":"https:\/\/www.europesays.com\/fr\/wp-json\/wp\/v2\/comments?post=580414"}],"version-history":[{"count":0,"href":"https:\/\/www.europesays.com\/fr\/wp-json\/wp\/v2\/posts\/580414\/revisions"}],"wp:featuredmedia":[{"embeddable":true,"href":"https:\/\/www.europesays.com\/fr\/wp-json\/wp\/v2\/media\/580415"}],"wp:attachment":[{"href":"https:\/\/www.europesays.com\/fr\/wp-json\/wp\/v2\/media?parent=580414"}],"wp:term":[{"taxonomy":"category","embeddable":true,"href":"https:\/\/www.europesays.com\/fr\/wp-json\/wp\/v2\/categories?post=580414"},{"taxonomy":"post_tag","embeddable":true,"href":"https:\/\/www.europesays.com\/fr\/wp-json\/wp\/v2\/tags?post=580414"}],"curies":[{"name":"wp","href":"https:\/\/api.w.org\/{rel}","templated":true}]}}