{"id":580416,"date":"2025-12-05T18:29:12","date_gmt":"2025-12-05T18:29:12","guid":{"rendered":"https:\/\/www.europesays.com\/fr\/580416\/"},"modified":"2025-12-05T18:29:12","modified_gmt":"2025-12-05T18:29:12","slug":"lecrivain-bernard-henri-levy-condamne-par-contumace-a-33-ans-de-prison-pour-complot","status":"publish","type":"post","link":"https:\/\/www.europesays.com\/fr\/580416\/","title":{"rendered":"l\u2019\u00e9crivain Bernard-Henri L\u00e9vy condamn\u00e9 par contumace \u00e0 33 ans de prison pour complot"},"content":{"rendered":"<p>\n    Le philosophe, absent lors du proc\u00e8s, se retrouve au c\u0153ur d\u2019une affaire devenue le symbole du durcissement politique tunisien. Une d\u00e9cision rendue dans des conditions contest\u00e9es.<\/p>\n<p class=\"fig-paragraph\">La justice tunisienne a confirm\u00e9, le 27 novembre, la condamnation \u00e0 33 ans de prison de\u00a0<a href=\"http:\/\/www.lefigaro.fr\/vox\/monde\/bernard-henri-levy-faut-il-avoir-tellement-plus-peur-de-la-russie-que-de-l-iran-20250624\" data-fig-type=\"Article\" data-gtm-custom-categorie=\"navigation\" data-gtm-custom-action=\"crossclick\" data-gtm-custom-label=\"Contextuel\" data-gtm-event=\"customEventSPE\" data-fig-domain=\"LEFIGARO\" target=\"_blank\" rel=\"noopener\">Bernard-Henri L\u00e9vy<\/a>\u00a0dans l\u2019affaire dite du\u00a0<a href=\"http:\/\/www.lefigaro.fr\/international\/tunisie-jusqu-a-45-ans-de-prison-en-appel-dans-le-proces-des-opposants-pour-complot-20251128\" data-fig-type=\"NewsFlash\" data-gtm-custom-categorie=\"navigation\" data-gtm-custom-action=\"crossclick\" data-gtm-custom-label=\"Contextuel\" data-gtm-event=\"customEventSPE\" data-fig-domain=\"LEFIGARO\" target=\"_blank\" rel=\"noopener\">\u00ab complot contre la s\u00fbret\u00e9 de l\u2019\u00c9tat\u00a0\u00bb<\/a> . Le verdict, rendu \u00e0 huis clos et sans acc\u00e8s aux observateurs \u00e9trangers, prolonge un dossier tentaculaire visant une quarantaine d\u2019opposants et de figures publiques tunisiennes.<\/p>\n<p class=\"fig-paragraph\">L\u2019enqu\u00eate remonte \u00e0 2023, lorsqu\u2019un d\u00e9jeuner entre opposants dans la banlieue de Tunis est interpr\u00e9t\u00e9 par les autorit\u00e9s comme le point de d\u00e9part d\u2019une entreprise concert\u00e9e de d\u00e9stabilisation, rappelle\u00a0<a href=\"https:\/\/bernard-henri-levy.com\/fr\/un-jugement-ubuesque-la-condamnation-aberrante-de-bernard-henri-levy-a-33-ans-de-prison-en-tunisie\/\" target=\"_blank\" rel=\"sponsored noopener\" data-gtm-custom-categorie=\"navigation\" data-gtm-custom-action=\"crossclick\" data-gtm-custom-label=\"Contextuel\" data-gtm-event=\"customEventSPE\">Le Point<\/a> . S\u2019y croisent des responsables politiques, des militants et des personnalit\u00e9s connues pour leur hostilit\u00e9 croissante face au tournant institutionnel engag\u00e9 par le pr\u00e9sident\u00a0<a href=\"http:\/\/www.lefigaro.fr\/international\/tunisie-kais-saied-fustige-une-ingerence-flagrante-apres-une-resolution-du-parlement-europeen-20251128\" data-fig-type=\"NewsFlash\" data-gtm-custom-categorie=\"navigation\" data-gtm-custom-action=\"crossclick\" data-gtm-custom-label=\"Contextuel\" data-gtm-event=\"customEventSPE\" data-fig-domain=\"LEFIGARO\" target=\"_blank\" rel=\"noopener\">Ka\u00efs Sa\u00efed<\/a>. S\u2019en suivra en f\u00e9vrier une s\u00e9rie d\u2019arrestations sans pr\u00e9c\u00e9dent.<\/p>\n<p>                                            <a class=\"fig-a11y-skip\" href=\"#fig-a11y-skip-main-inarticle\" data-module=\"a11y-skip\" data-context=\"was @visible\"><br \/>\n    Passer la publicit\u00e9<br \/>\n<\/a>            <\/p>\n<p class=\"fig-paragraph\">Les audiences du proc\u00e8s, tenues en 2024 puis en 2025, se d\u00e9roulent dans des conditions contest\u00e9es. Plusieurs ONG font \u00e9tat d\u2019un huis clos strict, de restrictions d\u2019acc\u00e8s pour la presse et de difficult\u00e9s rencontr\u00e9es par les avocats pour consulter pleinement le dossier. Amnesty International \u00e9voque un \u00ab proc\u00e8s in\u00e9quitable\u00a0\u00bb, tandis qu\u2019Human Rights Watch d\u00e9nonce \u00ab des proc\u00e9dures qui ne respecteraient pas les garanties d\u2019un jugement ind\u00e9pendant\u00a0\u00bb.<\/p>\n<p>                                            \u00ab Staline, Kafka et Orwell se donnent la main\u00a0\u00bb<\/p>\n<p class=\"fig-paragraph\">Dans ce dossier, la pr\u00e9sence de Bernard-Henri L\u00e9vy reste marginale et les contours des faits qui lui sont reproch\u00e9s particuli\u00e8rement flous. Le philosophe est accus\u00e9 de contribuer, par ses liens suppos\u00e9s avec certains acteurs tunisiens et \u00e9trangers, \u00e0 un complot visant la s\u00e9curit\u00e9 int\u00e9rieure du pays, rappelle-t-il dans son<a href=\"https:\/\/www.lepoint.fr\/editos-du-point\/bhl-chagrin-et-pitie-en-tunisie-24-04-2025-2588107_32.php\" target=\"_blank\" rel=\"sponsored noopener\" data-gtm-custom-categorie=\"navigation\" data-gtm-custom-action=\"crossclick\" data-gtm-custom-label=\"Contextuel\" data-gtm-event=\"customEventSPE\">\u00a0bloc-notes<\/a> \u00a0publi\u00e9 au printemps dans Le Point. Aucune preuve mat\u00e9rielle n\u2019a toutefois \u00e9t\u00e9 rendue publique par les autorit\u00e9s, et aucun \u00e9l\u00e9ment direct ne le relie aux principaux inculp\u00e9s.<\/p>\n<p class=\"fig-paragraph\">L\u2019int\u00e9ress\u00e9 \u00e9crit \u00eatre poursuivi sur la base d\u2019un \u00ab fatras\u00a0\u00bb d\u2019\u00e9l\u00e9ments incoh\u00e9rents et de suppositions qu\u2019il estime d\u00e9nu\u00e9es de r\u00e9alit\u00e9. Il rappelle n\u2019avoir \u00ab pas mis les pieds en Tunisie depuis dix ans\u00a0\u00bb apr\u00e8s<a href=\"https:\/\/video.lefigaro.fr\/figaro\/bhl-degage-bernard-henri-levy-se-heurte-a-des-manifestants-en-tunisie-20141105\" data-fig-type=\"Video\" data-gtm-custom-categorie=\"navigation\" data-gtm-custom-action=\"crossclick\" data-gtm-custom-label=\"Contextuel\" data-gtm-event=\"customEventSPE\" data-fig-domain=\"LEFIGARO\" target=\"_blank\" rel=\"noopener\">\u00a0un dernier voyage houleux<\/a>\u00a0et affirme ne pas conna\u00eetre la majorit\u00e9 des personnes cit\u00e9es dans le dossier. Il d\u00e9crit un jugement o\u00f9, selon ses mots, \u00ab Staline, Kafka et Orwell se donnent la main\u00a0\u00bb, soulignant surtout la situation des co-accus\u00e9s d\u00e9tenus, pour la plupart des\u00a0<a href=\"http:\/\/www.lefigaro.fr\/international\/en-tunisie-le-proces-du-complot-contre-le-regime-s-ouvre-sous-haute-tension-20250304\" data-fig-type=\"Article\" data-gtm-custom-categorie=\"navigation\" data-gtm-custom-action=\"crossclick\" data-gtm-custom-label=\"Contextuel\" data-gtm-event=\"customEventSPE\" data-fig-domain=\"LEFIGARO\" target=\"_blank\" rel=\"noopener\">opposants politiques et militant des droits humains<\/a>\u00a0\u00e9copant de peines allant de 2 \u00e0 45 ans de prison. Sollicit\u00e9 par Le Figaro, le philosophe n\u2019a pas souhait\u00e9 commenter publiquement la d\u00e9cision.<\/p>\n","protected":false},"excerpt":{"rendered":"Le philosophe, absent lors du proc\u00e8s, se retrouve au c\u0153ur d\u2019une affaire devenue le symbole du durcissement politique&hellip;\n","protected":false},"author":2,"featured_media":580417,"comment_status":"","ping_status":"","sticky":false,"template":"","format":"standard","meta":{"footnotes":""},"categories":[5],"tags":[11,34008,1011,27,14,12,2694,2028,28],"class_list":{"0":"post-580416","1":"post","2":"type-post","3":"status-publish","4":"format-standard","5":"has-post-thumbnail","7":"category-international","8":"tag-actualites","9":"tag-bernard-henri-levy","10":"tag-fr","11":"tag-france","12":"tag-international","13":"tag-news","14":"tag-proces","15":"tag-tunisie","16":"tag-world"},"share_on_mastodon":{"url":"https:\/\/pubeurope.com\/@fr\/115668383389032491","error":""},"_links":{"self":[{"href":"https:\/\/www.europesays.com\/fr\/wp-json\/wp\/v2\/posts\/580416","targetHints":{"allow":["GET"]}}],"collection":[{"href":"https:\/\/www.europesays.com\/fr\/wp-json\/wp\/v2\/posts"}],"about":[{"href":"https:\/\/www.europesays.com\/fr\/wp-json\/wp\/v2\/types\/post"}],"author":[{"embeddable":true,"href":"https:\/\/www.europesays.com\/fr\/wp-json\/wp\/v2\/users\/2"}],"replies":[{"embeddable":true,"href":"https:\/\/www.europesays.com\/fr\/wp-json\/wp\/v2\/comments?post=580416"}],"version-history":[{"count":0,"href":"https:\/\/www.europesays.com\/fr\/wp-json\/wp\/v2\/posts\/580416\/revisions"}],"wp:featuredmedia":[{"embeddable":true,"href":"https:\/\/www.europesays.com\/fr\/wp-json\/wp\/v2\/media\/580417"}],"wp:attachment":[{"href":"https:\/\/www.europesays.com\/fr\/wp-json\/wp\/v2\/media?parent=580416"}],"wp:term":[{"taxonomy":"category","embeddable":true,"href":"https:\/\/www.europesays.com\/fr\/wp-json\/wp\/v2\/categories?post=580416"},{"taxonomy":"post_tag","embeddable":true,"href":"https:\/\/www.europesays.com\/fr\/wp-json\/wp\/v2\/tags?post=580416"}],"curies":[{"name":"wp","href":"https:\/\/api.w.org\/{rel}","templated":true}]}}