{"id":580421,"date":"2025-12-05T18:33:15","date_gmt":"2025-12-05T18:33:15","guid":{"rendered":"https:\/\/www.europesays.com\/fr\/580421\/"},"modified":"2025-12-05T18:33:15","modified_gmt":"2025-12-05T18:33:15","slug":"saint-etienne-metropole-payera-2-me-de-plus-quinitialement-prevu-pour-son-arena-a-saint-chamond","status":"publish","type":"post","link":"https:\/\/www.europesays.com\/fr\/580421\/","title":{"rendered":"Saint-Etienne M\u00e9tropole payera 2 M\u20ac de plus qu\u2019initialement pr\u00e9vu pour son Arena \u00e0 Saint-Chamond"},"content":{"rendered":"<p class=\"is-style-chapo\">Sa \u00ab\u00a0marque\u00a0\u00bb de fabrique en toutes lettres enfin appos\u00e9e sur la fa\u00e7ade de l\u2019Arena, plus de 3 ans apr\u00e8s son inauguration, la R\u00e9gion Aura va voter un compl\u00e9ment de 3 M\u20ac quant au financement de l\u2019\u00e9quipement m\u00e9tropolitain. 5 M\u20ac avaient \u00e9t\u00e9 vers\u00e9s mais le reste de la subvention \u00e9tait bloqu\u00e9 par l\u2019absence de rep\u00e8res visuels manifestant le soutien r\u00e9gional, si chers \u00e0 son ex\u00e9cutif. Initialement, cependant, ce sont 10 M\u20ac qui avaient \u00e9t\u00e9 promis. Les 2 M\u20ac manquants seront assum\u00e9s par Saint-Etienne M\u00e9tropole.<\/p>\n<p><img fetchpriority=\"high\" decoding=\"async\" width=\"1024\" height=\"576\" src=\"https:\/\/www.europesays.com\/fr\/wp-content\/uploads\/2025\/12\/thumbnail_20251205_165130-1024x576.jpg\" alt=\"\" class=\"wp-image-81287\"  \/>Depuis cette ann\u00e9e, la R\u00e9gion est enfin visible sur la fa\u00e7ade de l\u2019\u00e9quipement donnant lieu au d\u00e9blocage de 3 M\u20ac de sa part pour son cofinancement. \u00a9Xavier Alix \/ If Saint-Etienne<\/p>\n<p>Conflit dans le conflit. Celui opposant depuis longtemps, avant m\u00eame que n\u2019\u00e9clate l\u2019affaire de chantage Ga\u00ebl Perdriau et Laurent Wauquiez, \u00e9clabouss\u00e9 collat\u00e9ralement par les propos du maire de Saint-Etienne tenus \u00e0 son \u00e9gard lors d\u2019un \u00e9change entre lui et Gilles Artigues enregistr\u00e9 par ce dernier et <a href=\"https:\/\/www.if-saint-etienne.fr\/politique\/mediapart-publie-la-suite-de-son-enquete\" target=\"_blank\" rel=\"noreferrer noopener\">r\u00e9v\u00e9l\u00e9s<\/a> par Mediapart le 30 novembre 2022. Une semaine plus tard, lors d\u2019une assembl\u00e9e dantesque de Saint-Etienne M\u00e9tropole ouvrant le bal de la s\u00e9rie spectaculaire qui allait suivre, son pr\u00e9sident Ga\u00ebl Perdriau annon\u00e7ait son \u00ab\u00a0<a href=\"https:\/\/www.if-saint-etienne.fr\/politique-societe\/saint-etienne-metropole-le-retrait-2-0-de-gael-perdriau-1-2\" target=\"_blank\" rel=\"noreferrer noopener\">retrait total<\/a>\u00a0\u00bb, sous la pression d\u2019une \u00e9crasante majorit\u00e9 d\u2019\u00e9lus m\u00e9tropolitain. Sans peut-\u00eatre, imaginer qu\u2019il s\u2019agissait en r\u00e9alit\u00e9 de son ultime apparition au sein de cette assembl\u00e9e\u2026 \u00a0\u00a0\u00a0<\/p>\n<p>Dans son discours de d\u00e9fense, avant de quitter brusquement l\u2019assistance, il avait \u00e9pingl\u00e9 l\u2019attitude de Laurent Wauquiez \u00e0 propos de la collectivit\u00e9, estimant que la R\u00e9gion n\u2019honorait pas ses engagements vis-\u00e0-vis d\u2019elle pour des raisons politiques, en raison de sa personne, de leur inimit\u00e9 plus exactement\u2026 Avec un exemple \u00e0 l\u2019appui\u00a0: 5 M\u20ac sur les 10 M\u20ac promis par la r\u00e9gion en soutien de la cr\u00e9ation de l\u2019Arena \u00e0 Saint-Chamond, salle plus particuli\u00e8rement d\u00e9volue aux matchs de Pro B de son club r\u00e9sident\u00a0: le Saint-Chamond Basket devenu SCABB depuis. Achev\u00e9e \u00e0 la fin du printemps 2022, <a href=\"https:\/\/www.if-saint-etienne.fr\/tag\/arena-saint-chamond\" target=\"_blank\" rel=\"noreferrer noopener\">inaugur\u00e9e<\/a> en septembre de la m\u00eame ann\u00e9e, la salle de 4 200 places sert aussi \u00e0 renforcer l\u2019offre d\u2019accueil \u00e9v\u00e9nementiel de la M\u00e9tropole et sa capacit\u00e9 \u00e0 recevoir de grands \u00e9v\u00e9nements sportifs en salle, pas seulement du basket local.<\/p>\n<p>Enjeux de visibilit\u00e9 autour de l\u2019Arena<\/p>\n<p>S\u2019il a fallu \u00e0 Herv\u00e9 Reynaud et au Gier en g\u00e9n\u00e9ral, selon le premier, longtemps lutter pour convaincre Ga\u00ebl Perdriau et nombre de maires des autres territoires pour doter Saint-Chamond de l\u2019\u00e9quipement, celui-ci a donc bien vu le jour avec, depuis, des affluences satisfaisantes et plusieurs \u00e9v\u00e9nements d\u2019ampleur hors des matchs du SCABB. Au moment de <a href=\"https:\/\/www.if-saint-etienne.fr\/sports\/larena-doit-placer-le-saint-chamond-basket-dans-le-haut-du-panier\" target=\"_blank\" rel=\"noreferrer noopener\">pr\u00e9senter<\/a> les travaux en cours, effectivement, le plan de financement avait \u00e9t\u00e9 \u00e0 nouveau communiqu\u00e9 en pr\u00e9sence d\u2019un \u00e9lu de la R\u00e9gion. Cette derni\u00e8re devait \u00ab\u00a0donner\u00a0\u00bb 10 M\u20ac (dont 5 via le plan de Relance Etat \/ R\u00e9gion), Saint-Etienne M\u00e9tropole 10 aussi, le D\u00e9partement de la Loire 8 et la commune de Saint-Chamond contribuer \u00e0 hauteur de 3. L\u2019investissement est aujourd\u2019hui <a href=\"https:\/\/www.saint-etienne-metropole.fr\/design-culture-sport\/equipements-sportifs\/arena-saint-etienne-metropole\" target=\"_blank\" rel=\"noreferrer noopener\">pr\u00e9sent\u00e9<\/a> \u00e0 hauteur de 31,5 M\u20ac par la communication de Saint-Etienne M\u00e9tropole (soit + 0,5 M\u20ac \u00e0 sa charge par rapport aux chiffres de 2021).<\/p>\n<p><img loading=\"lazy\" decoding=\"async\" width=\"1024\" height=\"576\" src=\"https:\/\/www.europesays.com\/fr\/wp-content\/uploads\/2025\/12\/thumbnail_20251205_165056-1024x576.jpg\" alt=\"\" class=\"wp-image-81288\"  \/>En compl\u00e9ment des lettres sur la fa\u00e7ade, un kak\u00e9mono en dur manifeste l\u2019investissement r\u00e9gional dans l\u2019Arena. \u00a9Xavier Alix \/ If Saint-Etienne<\/p>\n<p>Le 8 d\u00e9cembre 2022 donc, Ga\u00ebl Perdriau pointait que seuls 5 M\u20ac avaient bien \u00e9t\u00e9 honor\u00e9s par la R\u00e9gion sur les 10 attendus. Parmi les nombreuses <a href=\"https:\/\/www.if-saint-etienne.fr\/politique\/saint-etienne-metropole-le-retrait-2-0-de-gael-perdriau-2-2\" target=\"_blank\" rel=\"noreferrer noopener\">r\u00e9actions<\/a> \u00e0 son discours de d\u00e9fense, celle de Sylvie Fayolle, alors \u00ab\u00a0seulement\u00a0\u00bb vice-pr\u00e9sidente de SEM au d\u00e9veloppement durable \u2013 elle allait prendre le relais de l\u2019int\u00e9rim d\u2019Herv\u00e9 Reynaud \u00e0 la pr\u00e9sidence 10 mois plus tard \u2013 avait pris la d\u00e9fense de Laurent Wauquiez et son ex\u00e9cutif, dont elle est d\u2019ailleurs <a href=\"https:\/\/www.auvergnerhonealpes.fr\/elus\/sylvie-fayolle\" target=\"_blank\" rel=\"noreferrer noopener\">membre<\/a>. La maire de Saint-Paul-en-Cornillon s\u2019aga\u00e7ait des accusations de Ga\u00ebl Perdriau vis-\u00e0-vis d\u2019une personne qui n\u2019\u00e9tait pas l\u00e0 pour se d\u00e9fendre et le faisait pour elle\u00a0: elle expliquait d\u00e9j\u00e0 que c\u2019est la fin de non-recevoir de la part de l\u2019ex-pr\u00e9sident de Saint-Etienne M\u00e9tropole sur la visibilit\u00e9 \u2013 logo, panneau, nom appos\u00e9 \u2013 de la R\u00e9gion qui expliquait ce blocage financier\u2026<\/p>\n<p>La R\u00e9gion va finalement donner 8 M\u20ac pour l\u2019Arena<\/p>\n<p>Au milieu de ce rififi \u00e0 point nomm\u00e9 entre les deux hommes, les contribuables du Sud Loire en \u00e9taient davantage de leur poche que pr\u00e9vu puisque normalement la solidarit\u00e9 r\u00e9gionale devait \u00eatre plus forte sur ce sujet. Ils le seront d\u00e9finitivement un peu plus qu\u2019attendu\u00a0: hier en commission permanente \u00ab\u00a0sports et JOP 20230\u00a0\u00bb du conseil r\u00e9gional, en pr\u00e9vision de l\u2019assembl\u00e9e du 19 d\u00e9cembre, il a bien \u00e9t\u00e9 vot\u00e9 le principe d\u2019accorder 3 M\u20ac (mais pas 5) \u00e0 la construction de l\u2019Arena, \u00ab\u00a0compl\u00e9ment\u00a0\u00bb dans le cadre du Contrat Plan Etat R\u00e9gion (CPER) 2021 \u2013 2027. Dossier qui doit donc ensuite \u00eatre vot\u00e9 en assembl\u00e9e avant No\u00ebl. Le premier engagement \u00e0 hauteur de 5 M\u20ac avait \u00e9t\u00e9 vot\u00e9 lors de la Commission permanente du 6 f\u00e9vrier 2021 mais dans le cadre, lui, du Plan de relance Etat \/ R\u00e9gion. \u00a0\u00a0\u00a0<\/p>\n<blockquote class=\"wp-block-quote is-layout-flow wp-block-quote-is-layout-flow\">\n<p>Il m\u2019a r\u00e9pondu que \u00ab\u00a0non, \u00e7a n\u2019avait rien \u00e0 voir, parce que le rapport a \u00e9t\u00e9 r\u00e9dig\u00e9 et transmis avant le verdict de l\u2019affaire\u00a0\u00bb<\/p>\n<\/blockquote>\n<p>Opposant PS Lig\u00e9rien \u00e0 la R\u00e9gion, Johann Cesa n\u2019a pas manqu\u00e9 d\u2019interpeller lors de cette commission, nous indique-t-il, Renaud Pfeffer, vice-pr\u00e9sident \u00e0 la s\u00e9curit\u00e9 et au sport, lui demandant si l\u2019accord de ces 3 M\u20ac \u00ab\u00a0avait \u00e0 voir avec le <a href=\"https:\/\/www.if-saint-etienne.fr\/immobilier-vie-juridique\/chantage-le-proces\/proces-de-chantage-monsieur-vous-ne-pouvez-plus-etre-le-maire-de-saint-etienne\" target=\"_blank\" rel=\"noreferrer noopener\">verdict<\/a> d\u2019un certain proc\u00e8s le lundi plus t\u00f4t. Il m\u2019a r\u00e9pondu que \u00ab\u00a0non, \u00e7a n\u2019avait rien \u00e0 voir, parce que le rapport a \u00e9t\u00e9 r\u00e9dig\u00e9 et transmis avant le verdict de l\u2019affaire\u00a0\u00bb.\u00bb Ce qui \u00e0 avoir \u00e0 coup s\u00fbr en revanche, c\u2019est que la R\u00e9gion a obtenu il y a quelques mois que son logo et son nom s\u2019inscrivent en toutes lettres sur la fa\u00e7ade de l\u2019Arena c\u00f4t\u00e9 entr\u00e9e du public. Certes, en un peu plus petit que ceux de Saint-Etienne M\u00e9tropole (c\u2019est son \u00e9quipement) mais les spectateurs peuvent aussi profiter d\u2019un kakemono bleu en dur, donc permanent, bien visible \u00e0 droite du chemin d\u2019acc\u00e8s principal.<\/p>\n<p>\u00ab\u00a0Une gaminerie\u00a0\u00bb<\/p>\n<p>\u00ab Franchement, en mettant 10 M\u20ac sur cet \u00e9quipement, je comprends tout \u00e0 fait que la R\u00e9gion exige de la visibilit\u00e9, reconna\u00eet Johann Cesa. Mais de l\u00e0 \u00e0 retenir le financement pendant 3 ans\u2026 Pas mieux en face\u00a0: de part et d\u2019autre, on a eu droit \u00e0 une incroyable \u00ab\u00a0gaminerie\u00a0\u00bb dont les citoyens du sud Loire ont fait les frais.\u00a0Et il manque 2 M\u20ac au final par rapport \u00e0 l\u2019engagement initial. Renaud Pfeffer m\u2019a r\u00e9pondu que cet aspect l\u00e0 \u00e9tait \u00ab\u00a0r\u00e9gl\u00e9\u00a0\u00bb avec Sylvie Fayolle et l\u2019ex\u00e9cutif m\u00e9tropolitain. Notre \u00e9change s\u2019est arr\u00eat\u00e9 l\u00e0.\u00bb Nous ne sommes pas parvenus ce vendredi \u00e0 rentrer en contact avec Sylvie Fayolle et Renaud Pfeffer. En revanche, l\u2019\u00e9lu couramiaud Jean-Luc Degraix, vice-pr\u00e9sident aux grands \u00e9quipements de Saint-Etienne M\u00e9tropole confirme que l\u2019intercommunalit\u00e9 ne pourra compter que sur 8 M\u20ac et non 10 M\u20ac, et devra donc assumer le diff\u00e9rentiel. \u00a0\u00a0<\/p>\n<p><img loading=\"lazy\" decoding=\"async\" width=\"1024\" height=\"145\" src=\"https:\/\/www.europesays.com\/fr\/wp-content\/uploads\/2025\/12\/Capture-decran-2025-12-05-191653-1024x145.png\" alt=\"\" class=\"wp-image-81289\"  \/><\/p>\n<p>\u00ab\u00a0A ma connaissance, le montant des 10 M\u20ac, ce n\u2019\u00e9tait qu\u2019une d\u00e9claration d\u2019intention, pr\u00e9cise-t-il. Maintenant oui, il y a eu d\u00e9blocage de la situation avec la R\u00e9gion gr\u00e2ce \u00e0 l\u2019action initi\u00e9e par Herv\u00e9 Reynaud au d\u00e9but de l\u2019int\u00e9rim puis celle de Sylvie Fayolle par la suite. La R\u00e9gion a vu sa visibilit\u00e9 appos\u00e9e il y a quelques mois, cette ann\u00e9e, d\u2019o\u00f9 effectivement l\u2019arriv\u00e9e de ce compl\u00e9ment.\u00a0\u00bb Avant un surcro\u00eet de visibilit\u00e9 dans le panier \u00e0 terme\u00a0? Nom de nom\u00a0! A la lecture des tableaux des d\u00e9lib\u00e9rations de 2021 et 2025, on peut lire\u00a0pour d\u00e9signer l\u2019op\u00e9ration \u00ab\u00a0Cr\u00e9ation d\u2019un Palais des Sports sur la Zac de La Varizelle \u00e0 Saint-Chamond qui prendra le nom d\u2019\u00ab\u00a0Arena Auvergne Rh\u00f4ne-Alpes\u00a0\u00bb. \u00ab\u00a0Alors l\u00e0 non, il n\u2019y aura pas de changement d\u2019appellation de l\u2019Arena\u00a0: son nom officiel reste Arena Saint-Etienne M\u00e9tropole puisque c\u2019est un \u00e9quipement de notre collectivit\u00e9\u00a0\u00bb, r\u00e9pond Jean-Luc Degraix.<\/p>\n<p>Et au fait, avec ses 8 M\u20ac accord\u00e9s, quid des lettres du D\u00e9partement de la Loire dans tout \u00e7a\u00a0?<\/p>\n","protected":false},"excerpt":{"rendered":"Sa \u00ab\u00a0marque\u00a0\u00bb de fabrique en toutes lettres enfin appos\u00e9e sur la fa\u00e7ade de l\u2019Arena, plus de 3 ans&hellip;\n","protected":false},"author":2,"featured_media":580422,"comment_status":"","ping_status":"","sticky":false,"template":"","format":"standard","meta":{"footnotes":""},"categories":[9653],"tags":[1111,11,13705,69444,2430,56348,54479,1777,674,3531,1011,27,12242,5639,12,69445,25,4001,56352,36220,20803],"class_list":{"0":"post-580421","1":"post","2":"type-post","3":"status-publish","4":"format-standard","5":"has-post-thumbnail","7":"category-saint-etienne","8":"tag-actu","9":"tag-actualites","10":"tag-arena","11":"tag-arena-saint-chamond","12":"tag-auvergne-rhone-alpes","13":"tag-basket-prob-saint-chamond","14":"tag-combatif","15":"tag-eu","16":"tag-europe","17":"tag-financement","18":"tag-fr","19":"tag-france","20":"tag-gael-perdriau","21":"tag-laurent-wauquiez","22":"tag-news","23":"tag-region-aura","24":"tag-republique-francaise","25":"tag-saint-etienne","26":"tag-scabb","27":"tag-sylvie-fayolle","28":"tag-ville-de-saint-chamond"},"share_on_mastodon":{"url":"https:\/\/pubeurope.com\/@fr\/115668400248225924","error":""},"_links":{"self":[{"href":"https:\/\/www.europesays.com\/fr\/wp-json\/wp\/v2\/posts\/580421","targetHints":{"allow":["GET"]}}],"collection":[{"href":"https:\/\/www.europesays.com\/fr\/wp-json\/wp\/v2\/posts"}],"about":[{"href":"https:\/\/www.europesays.com\/fr\/wp-json\/wp\/v2\/types\/post"}],"author":[{"embeddable":true,"href":"https:\/\/www.europesays.com\/fr\/wp-json\/wp\/v2\/users\/2"}],"replies":[{"embeddable":true,"href":"https:\/\/www.europesays.com\/fr\/wp-json\/wp\/v2\/comments?post=580421"}],"version-history":[{"count":0,"href":"https:\/\/www.europesays.com\/fr\/wp-json\/wp\/v2\/posts\/580421\/revisions"}],"wp:featuredmedia":[{"embeddable":true,"href":"https:\/\/www.europesays.com\/fr\/wp-json\/wp\/v2\/media\/580422"}],"wp:attachment":[{"href":"https:\/\/www.europesays.com\/fr\/wp-json\/wp\/v2\/media?parent=580421"}],"wp:term":[{"taxonomy":"category","embeddable":true,"href":"https:\/\/www.europesays.com\/fr\/wp-json\/wp\/v2\/categories?post=580421"},{"taxonomy":"post_tag","embeddable":true,"href":"https:\/\/www.europesays.com\/fr\/wp-json\/wp\/v2\/tags?post=580421"}],"curies":[{"name":"wp","href":"https:\/\/api.w.org\/{rel}","templated":true}]}}