{"id":580449,"date":"2025-12-05T18:47:11","date_gmt":"2025-12-05T18:47:11","guid":{"rendered":"https:\/\/www.europesays.com\/fr\/580449\/"},"modified":"2025-12-05T18:47:11","modified_gmt":"2025-12-05T18:47:11","slug":"les-delirants-defenseurs-du-marsupilami-a-strasbourg-pour-lavant-premiere","status":"publish","type":"post","link":"https:\/\/www.europesays.com\/fr\/580449\/","title":{"rendered":"les d\u00e9lirants d\u00e9fenseurs du Marsupilami \u00e0 Strasbourg pour l\u2019avant-premi\u00e8re"},"content":{"rendered":"<p>Les salles Path\u00e9-Brumath, Cin\u00e9ville \u00e0 Dorlisheim et UGC Cin\u00e9-Cit\u00e9 r\u00e9sonnaient jeudi au c\u00e9l\u00e8bre cri \u00ab Houba, houba \u00bb du Marsupilami pour r\u00e9server un accueil de choix au film qui sortira en salle le 4 f\u00e9vrier.<\/p>\n<p>Il s\u2019agit d\u2019une nouvelle adaptation de l\u2019animal imaginaire cr\u00e9\u00e9 par Franquin en 1952. Alain Chabat lui a redonn\u00e9 vie sur grand \u00e9cran une premi\u00e8re fois en 2012 et c\u2019est d\u00e9sormais au tour de Philippe Lacheau de se pencher sur le sort de la b\u00eate. \u00ab Le film a \u00e9t\u00e9 tourn\u00e9 en 2024 notamment en Tha\u00eflande ainsi qu\u2019en Gr\u00e8ce et Turquie pour les croisi\u00e8res \u00bb, rappelle le r\u00e9alisateur-acteur qui, en grand fan de BD comme son complice Julien Arruti, s\u2019est fondu avec un enthousiasme palpable dans ce d\u00e9cor sur mesure. Et lui aussi s\u2019est appuy\u00e9 sur l\u2019\u00ab expert-protecteur \u00bb de l\u2019animal, Jamel Debbouze (d\u00e9j\u00e0 vu dans la version d\u2019Alain Chabat).<\/p>\n<p>Il est de notori\u00e9t\u00e9 publique que le Marsupilami dispose de facult\u00e9s physiques et psychologiques hors du commun. Une attachante boule d\u2019\u00e9nergie jaune, noire et \u00e0 longue queue, bien servie par l\u2019\u00e9quipe du film mais qui, l\u2019autre soir, n\u2019avait qu\u2019un seul \u00e9gal : Booder. L\u2019humoriste qui figure aussi \u00e0 l\u2019affiche du film \u00e9tait l\u2019invit\u00e9 surprise des avant-premi\u00e8res. Une pile sur pattes dont la gouaille et les r\u00e9pliques spontan\u00e9es, mais toujours bienveillantes, ont pli\u00e9 le public en deux.<\/p>\n","protected":false},"excerpt":{"rendered":"Les salles Path\u00e9-Brumath, Cin\u00e9ville \u00e0 Dorlisheim et UGC Cin\u00e9-Cit\u00e9 r\u00e9sonnaient jeudi au c\u00e9l\u00e8bre cri \u00ab Houba, houba \u00bb&hellip;\n","protected":false},"author":2,"featured_media":580450,"comment_status":"","ping_status":"","sticky":false,"template":"","format":"standard","meta":{"footnotes":""},"categories":[2820],"tags":[1111,11,2389,650,1687,2880,1777,674,107,1011,27,5325,775,12,25,640,2879,133],"class_list":{"0":"post-580449","1":"post","2":"type-post","3":"status-publish","4":"format-standard","5":"has-post-thumbnail","7":"category-strasbourg","8":"tag-actu","9":"tag-actualites","10":"tag-alsace","11":"tag-cinema","12":"tag-culture-loisirs","13":"tag-edition-strasbourg","14":"tag-eu","15":"tag-europe","16":"tag-fil-info","17":"tag-fr","18":"tag-france","19":"tag-galerie-media","20":"tag-grand-est","21":"tag-news","22":"tag-republique-francaise","23":"tag-strasbourg","24":"tag-strasbourg-ville","25":"tag-video"},"share_on_mastodon":{"url":"https:\/\/pubeurope.com\/@fr\/115668454285326887","error":""},"_links":{"self":[{"href":"https:\/\/www.europesays.com\/fr\/wp-json\/wp\/v2\/posts\/580449","targetHints":{"allow":["GET"]}}],"collection":[{"href":"https:\/\/www.europesays.com\/fr\/wp-json\/wp\/v2\/posts"}],"about":[{"href":"https:\/\/www.europesays.com\/fr\/wp-json\/wp\/v2\/types\/post"}],"author":[{"embeddable":true,"href":"https:\/\/www.europesays.com\/fr\/wp-json\/wp\/v2\/users\/2"}],"replies":[{"embeddable":true,"href":"https:\/\/www.europesays.com\/fr\/wp-json\/wp\/v2\/comments?post=580449"}],"version-history":[{"count":0,"href":"https:\/\/www.europesays.com\/fr\/wp-json\/wp\/v2\/posts\/580449\/revisions"}],"wp:featuredmedia":[{"embeddable":true,"href":"https:\/\/www.europesays.com\/fr\/wp-json\/wp\/v2\/media\/580450"}],"wp:attachment":[{"href":"https:\/\/www.europesays.com\/fr\/wp-json\/wp\/v2\/media?parent=580449"}],"wp:term":[{"taxonomy":"category","embeddable":true,"href":"https:\/\/www.europesays.com\/fr\/wp-json\/wp\/v2\/categories?post=580449"},{"taxonomy":"post_tag","embeddable":true,"href":"https:\/\/www.europesays.com\/fr\/wp-json\/wp\/v2\/tags?post=580449"}],"curies":[{"name":"wp","href":"https:\/\/api.w.org\/{rel}","templated":true}]}}