{"id":580453,"date":"2025-12-05T18:49:12","date_gmt":"2025-12-05T18:49:12","guid":{"rendered":"https:\/\/www.europesays.com\/fr\/580453\/"},"modified":"2025-12-05T18:49:12","modified_gmt":"2025-12-05T18:49:12","slug":"un-homme-condamne-a-la-perpetuite-en-premiere-instance-jugee-en-appel-a-la-cour-dassises-du-var","status":"publish","type":"post","link":"https:\/\/www.europesays.com\/fr\/580453\/","title":{"rendered":"un homme condamn\u00e9 \u00e0 la perp\u00e9tuit\u00e9 en premi\u00e8re instance, jug\u00e9e en appel \u00e0 la cour d\u2019assises du Var"},"content":{"rendered":"<p class=\"fs-5 \">Le 13 ao\u00fbt 2021 dans le quartier de l\u2019Ariane \u00e0 Nice, une torche humaine, hurlant de douleur, d\u00e9boule les escaliers d\u2019un immeuble. Sous les yeux d\u2019habitants horrifi\u00e9s, Samira, le dos en feu, a le temps d\u2019accuser son mari avant d\u2019\u00eatre prise en charge et sauv\u00e9e par les secours.<\/p>\n<p class=\"fs-5 \">Un homme lanc\u00e9 \u00e0 sa poursuite un couteau \u00e0 la main dans les parties communes a d\u2019ailleurs \u00e9t\u00e9 vu par un t\u00e9moin.<\/p>\n<p class=\"fs-5 \">S\u2019agissait-il de Nabil Raouafi ?<strong> L\u2019int\u00e9ress\u00e9 a toujours ni\u00e9<\/strong>. En garde \u00e0 vue, durant l\u2019instruction et y compris lors de son premier proc\u00e8s en d\u00e9cembre 2024 devant la cour d\u2019assises des Alpes-Maritimes.<\/p>\n<p class=\"fs-5 \"><strong>Cela n\u2019avait pas emp\u00each\u00e9 sa condamnation<\/strong>, dans une ambiance houleuse, \u00e0 la<strong> r\u00e9clusion criminelle \u00e0 perp\u00e9tuit\u00e9 pour tentative de meurtre par conjoint<\/strong>. Le trentenaire avait aussit\u00f4t interjet\u00e9 appel de cette d\u00e9cision.<\/p>\n<p>        <img src=\"https:\/\/www.europesays.com\/fr\/wp-content\/uploads\/2025\/12\/f2e9cf5_upload-from-url-1-o7xkw6tpzpbe-data-art-16692156.jpg\"   loading=\"lazy\" decoding=\"async\" alt=\"\u00ab\u00a0Die-in\u00a0\u00bb \u00e0 Grasse en hommage aux 153\u00a0femmes victimes de f\u00e9minicides en France en 2025\" class=\"img-fluid position-absolute w-100 object-fit-cover rounded-2\" width=\"600\" height=\"400\"\/><\/p>\n<p>                                                                                \u00ab Je n\u2019\u00e9tais pas l\u00e0 quand \u00e7a s\u2019est pass\u00e9 \u00bb<\/p>\n<p class=\"fs-5 \">Un an plus tard, la position de Nabil Raouafi n\u2019a pas boug\u00e9 d\u2019un iota. Jug\u00e9 depuis ce vendredi 5\u00a0d\u00e9cembre par la cour d\u2019assises du Var \u00e0 Draguignan, il a une nouvelle fois affirm\u00e9 \u00eatre totalement \u00e9tranger aux faits reproch\u00e9s. \u00ab Ce n\u2019est pas moi, assure-t-il \u00e0 l\u2019adresse de la pr\u00e9sidente Emmanuelle de Rosa. Je n\u2019\u00e9tais pas l\u00e0 quand \u00e7a s\u2019est pass\u00e9. Je n\u2019ai rien fait&#8230;\u00bb<\/p>\n<p class=\"fs-5 \">Les jur\u00e9s varois auront une semaine pour se forger une conviction. Ils devront notamment prendre position sur <strong>deux rapports d\u2019expertises m\u00e9dico-l\u00e9gales accablantes<\/strong> \u00e0 l\u2019encontre de l\u2019accus\u00e9.<\/p>\n<p class=\"fs-5 \">Les s\u00e9quelles de Samira, atteinte au dos, au bras, \u00e0 la hanche et \u00e0 la fesse gauche, br\u00fbl\u00e9e sur 29 % du corps, \u00e9taient encore visibles lors de son t\u00e9moignage aussi \u00e9mouvant qu\u2019\u00e0 charge devant la cour d\u2019assises de Nice.<\/p>\n<p class=\"fs-5 \">Aux yeux des m\u00e9decins l\u00e9gistes, il est impossible que la jeune femme ait pu s\u2019infliger de telles l\u00e9sions, comme le laissaient envisager Nabil Raouafi et ses proches devant les enqu\u00eateurs.<\/p>\n<p class=\"fs-5 \">C\u2019est ainsi ce qu\u2019avait avanc\u00e9 l\u2019une des s\u0153urs de l\u2019accus\u00e9 aussit\u00f4t apr\u00e8s les faits aux primo-intervenants alors qu\u2019elle \u00e9tait vue en train de <strong>faire couler de l\u2019eau sur un bidon de produit inflammable dans la cuisine de l\u2019appartement<\/strong>.<\/p>\n<p class=\"fs-5 \">Un temps poursuivie pour modification de sc\u00e8ne de crime et non-assistance \u00e0 personne en danger, elle avait b\u00e9n\u00e9fici\u00e9 d\u2019un abandon de charges lors du proc\u00e8s de d\u00e9cembre 2024.<\/p>\n<p>                                                                                Des relations tendues apr\u00e8s un mariage arrang\u00e9<\/p>\n<p class=\"fs-5 \">Les relations entre Samira, son \u00e9poux et sa belle-famille \u00e9taient loin d\u2019\u00eatre au beau fixe en cet \u00e9t\u00e9 2021. Le couple venait pourtant de se marier cinq mois auparavant. <strong>Un mariage arrang\u00e9 en Tunisie<\/strong> entre cousins \u00e9loign\u00e9s.<\/p>\n<p class=\"fs-5 \">Nabil, qui avait toujours v\u00e9cu \u00e0 Nice, avait not\u00e9 un changement de comportement de son \u00e9pouse d\u00e8s son arriv\u00e9e en France. \u00ab Rapidement, elle m\u2019a reproch\u00e9 mes heures de travail, d\u00e9taille le second de cuisine. Disait que je restais le soir avec des serveuses ou des clientes. Je me sentais pers\u00e9cut\u00e9, accus\u00e9&#8230; Oui, tr\u00e8s vite, j\u2019avais la volont\u00e9 de divorcer. \u00bb<\/p>\n<p class=\"fs-5 \">Le soir des faits, une \u00e9ni\u00e8me dispute avait \u00e9clat\u00e9, Samira accusant sa belle-m\u00e8re de lui avoir vol\u00e9 des bijoux, d\u2019\u00eatre \u00ab prise pour une bonniche \u00bb et de se voir imposer des relations sexuelles.<\/p>\n<p class=\"fs-5 \">Le couple rentrait alors de la plage. Dans l\u2019appartement de l\u2019Ariane, la querelle avait continu\u00e9 de plus belle. Jusqu\u2019au moment o\u00f9, selon la victime, Nabil avait vers\u00e9 un liquide dans son dos avant de l\u2019enflammer.<\/p>\n<p class=\"fs-5 \">L\u2019accus\u00e9, lui, a toujours soutenu avoir quitt\u00e9 le logement \u00e0 l\u2019issue de la dispute sans attenter \u00e0 la vie de Samira <strong>afin de rendre visite \u00e0 un ami \u00e0 l\u2019h\u00f4pital Lenval<\/strong>.<\/p>\n<p class=\"fs-5 \">Mais<strong> les expertises t\u00e9l\u00e9phoniques<\/strong>, contest\u00e9es par la d\u00e9fense en premi\u00e8re instance, prouvaient sa pr\u00e9sence sur les lieux du crime au moment des faits.<\/p>\n<p class=\"fs-5 \">Un \u00e9l\u00e9ment \u00e0 charge parmi d\u2019autres qui avait conduit \u00e0 <strong>un verdict de culpabilit\u00e9 l\u2019an pass\u00e9 \u00e0 Nice<\/strong>. Et que conteste aujourd\u2019hui Nabil Raouafi, assist\u00e9 de Mes B\u00e9atrice et Christian Scolari.<\/p>\n","protected":false},"excerpt":{"rendered":"Le 13 ao\u00fbt 2021 dans le quartier de l\u2019Ariane \u00e0 Nice, une torche humaine, hurlant de douleur, d\u00e9boule&hellip;\n","protected":false},"author":2,"featured_media":580454,"comment_status":"","ping_status":"","sticky":false,"template":"","format":"standard","meta":{"footnotes":""},"categories":[2819],"tags":[1111,11,1777,674,1011,27,12,2401,882,25],"class_list":{"0":"post-580453","1":"post","2":"type-post","3":"status-publish","4":"format-standard","5":"has-post-thumbnail","7":"category-nice","8":"tag-actu","9":"tag-actualites","10":"tag-eu","11":"tag-europe","12":"tag-fr","13":"tag-france","14":"tag-news","15":"tag-nice","16":"tag-provence-alpes-cote-dazur","17":"tag-republique-francaise"},"share_on_mastodon":{"url":"https:\/\/pubeurope.com\/@fr\/115668462258067157","error":""},"_links":{"self":[{"href":"https:\/\/www.europesays.com\/fr\/wp-json\/wp\/v2\/posts\/580453","targetHints":{"allow":["GET"]}}],"collection":[{"href":"https:\/\/www.europesays.com\/fr\/wp-json\/wp\/v2\/posts"}],"about":[{"href":"https:\/\/www.europesays.com\/fr\/wp-json\/wp\/v2\/types\/post"}],"author":[{"embeddable":true,"href":"https:\/\/www.europesays.com\/fr\/wp-json\/wp\/v2\/users\/2"}],"replies":[{"embeddable":true,"href":"https:\/\/www.europesays.com\/fr\/wp-json\/wp\/v2\/comments?post=580453"}],"version-history":[{"count":0,"href":"https:\/\/www.europesays.com\/fr\/wp-json\/wp\/v2\/posts\/580453\/revisions"}],"wp:featuredmedia":[{"embeddable":true,"href":"https:\/\/www.europesays.com\/fr\/wp-json\/wp\/v2\/media\/580454"}],"wp:attachment":[{"href":"https:\/\/www.europesays.com\/fr\/wp-json\/wp\/v2\/media?parent=580453"}],"wp:term":[{"taxonomy":"category","embeddable":true,"href":"https:\/\/www.europesays.com\/fr\/wp-json\/wp\/v2\/categories?post=580453"},{"taxonomy":"post_tag","embeddable":true,"href":"https:\/\/www.europesays.com\/fr\/wp-json\/wp\/v2\/tags?post=580453"}],"curies":[{"name":"wp","href":"https:\/\/api.w.org\/{rel}","templated":true}]}}