{"id":58046,"date":"2025-04-28T00:46:09","date_gmt":"2025-04-28T00:46:09","guid":{"rendered":"https:\/\/www.europesays.com\/fr\/58046\/"},"modified":"2025-04-28T00:46:09","modified_gmt":"2025-04-28T00:46:09","slug":"ce-jour-ou-il-a-surpris-son-pere-en-train-de-faire-lamour-a-une-autre-femme-que-sa-mere","status":"publish","type":"post","link":"https:\/\/www.europesays.com\/fr\/58046\/","title":{"rendered":"ce jour o\u00f9 il a surpris son p\u00e8re en train de faire l\u2019amour \u00e0 une autre femme que sa m\u00e8re"},"content":{"rendered":"<p>Le chanteur, invit\u00e9 de l\u2019\u00e9mission anim\u00e9e par Fr\u00e9d\u00e9ric Lopez, a \u00e9voqu\u00e9 un souvenir d\u2019enfance douloureux. Dans un \u00e9change sinc\u00e8re, Marc Lavoine est revenu sur un \u00e9v\u00e9nement marquant, v\u00e9cu alors qu\u2019il n\u2019\u00e9tait encore qu\u2019un enfant, en d\u00e9couvrant son p\u00e8re dans une situation compromettante.<\/p>\n<p>Un souvenir douloureux enfoui depuis l\u2019enfance<\/p>\n<p>Lors de son passage dans Un dimanche \u00e0 la campagne, Marc Lavoine n\u2019a pas h\u00e9sit\u00e9 \u00e0 \u00e9voquer des \u00e9pisodes personnels de son histoire familiale. Entour\u00e9 de Philippe Besson et de la com\u00e9dienne Constance, l\u2019interpr\u00e8te des \u00ab\u00a0Yeux revolver\u00a0\u00bb a racont\u00e9 un souvenir particuli\u00e8rement marquant. Il d\u00e9crit son p\u00e8re comme un homme qui \u00ab\u00a0trompait m\u00e8re tout le temps avec la voisine\u00a0\u00bb, soulignant un climat familial compliqu\u00e9. Le chanteur a pr\u00e9cis\u00e9 que ce moment s\u2019\u00e9tait produit lors d\u2019une journ\u00e9e d\u00e9j\u00e0 charg\u00e9e en \u00e9motion : l\u2019enterrement de son grand-p\u00e8re. Pour s\u2019occuper, le jeune Marc jouait au football. En allant r\u00e9cup\u00e9rer son ballon dans une pi\u00e8ce annexe, il tombe alors sur une sc\u00e8ne qui le marquera \u00e0 jamais : \u00ab\u00a0J\u2019ouvre le truc, je vais pour saisir et je vois les pieds d\u2019un homme contre une femme et les pieds d\u2019une femme sur la pointe des pieds devant moi.\u00a0\u00bb En levant la t\u00eate, il reconna\u00eet son p\u00e8re, engag\u00e9 dans une relation intime avec une femme dont le mari se trouvait \u00e0 l\u2019\u00e9tage, en pleine conversation avec sa propre m\u00e8re.<\/p>\n<p>Une sc\u00e8ne qui a laiss\u00e9 une empreinte ind\u00e9l\u00e9bile<\/p>\n<p>La r\u00e9action (&#8230;)<\/p>\n<p><a href=\"https:\/\/www.closermag.fr\/people\/marc-lavoine-ce-jour-ou-il-a-surpris-son-pere-en-train-de-faire-lamour-a-une-autre-femme-que-sa-mere-3540395\" rel=\"nofollow noopener\" target=\"_blank\" data-ylk=\"slk:Lire la suite sur Closer;elm:context_link;itc:0;sec:content-canvas\" class=\"link \">Lire la suite sur Closer<\/a><\/p>\n<p><a href=\"https:\/\/www.closermag.fr\/vecu\/ces-gestes-simples-qui-transforment-un-garage-poussiereux-en-piece-a-vivre-3540411\" rel=\"nofollow noopener\" target=\"_blank\" data-ylk=\"slk:Ces gestes simples qui transforment un garage poussi\u00e9reux en pi\u00e8ce \u00e0 vivre;elm:context_link;itc:0;sec:content-canvas\" class=\"link \">Ces gestes simples qui transforment un garage poussi\u00e9reux en pi\u00e8ce \u00e0 vivre<\/a><br \/><a href=\"https:\/\/www.closermag.fr\/vecu\/arnaques-a-leuromillions-cette-arnaque-aux-faux-gains-pourrait-vous-ruiner-3540409\" rel=\"nofollow noopener\" target=\"_blank\" data-ylk=\"slk:Arnaques \u00e0 l\u2019Euromillions : cette arnaque aux faux gains pourrait vous ruiner;elm:context_link;itc:0;sec:content-canvas\" class=\"link \">Arnaques \u00e0 l\u2019Euromillions : cette arnaque aux faux gains pourrait vous ruiner<\/a><br \/><a href=\"https:\/\/www.closermag.fr\/vecu\/stop-aux-taches-dhuile-lingredient-de-cuisine-qui-fait-des-miracles-3540405\" rel=\"nofollow noopener\" target=\"_blank\" data-ylk=\"slk:Stop aux taches d\u2019huile : l\u2019ingr\u00e9dient de cuisine qui fait des miracles;elm:context_link;itc:0;sec:content-canvas\" class=\"link \">Stop aux taches d\u2019huile : l\u2019ingr\u00e9dient de cuisine qui fait des miracles<\/a><br \/><a href=\"https:\/\/www.closermag.fr\/vecu\/350-records-a-lui-seul-il-bat-le-record-des-records-3540407\" rel=\"nofollow noopener\" target=\"_blank\" data-ylk=\"slk:350 records \u00e0 lui seul : il bat le record des records;elm:context_link;itc:0;sec:content-canvas\" class=\"link \">350 records \u00e0 lui seul : il bat le record des records<\/a><br \/><a href=\"https:\/\/www.closermag.fr\/people\/marc-lavoine-son-pere-un-agent-secret-cest-en-tout-cas-ce-quil-a-cru-pendant-des-annees-3540393\" rel=\"nofollow noopener\" target=\"_blank\" data-ylk=\"slk:Marc Lavoine : son p\u00e8re, un agent secret ? C\u2019est en tout cas ce qu\u2019il a cru pendant des ann\u00e9es;elm:context_link;itc:0;sec:content-canvas\" class=\"link \">Marc Lavoine : son p\u00e8re, un agent secret ? C\u2019est en tout cas ce qu\u2019il a cru pendant des ann\u00e9es<\/a><\/p>\n","protected":false},"excerpt":{"rendered":"Le chanteur, invit\u00e9 de l\u2019\u00e9mission anim\u00e9e par Fr\u00e9d\u00e9ric Lopez, a \u00e9voqu\u00e9 un souvenir d\u2019enfance douloureux. Dans un \u00e9change&hellip;\n","protected":false},"author":2,"featured_media":58047,"comment_status":"","ping_status":"","sticky":false,"template":"","format":"standard","meta":{"footnotes":""},"categories":[1355],"tags":[58,59,1011,27,9481,4006,7593,1361,873,15407,15408],"class_list":{"0":"post-58046","1":"post","2":"type-post","3":"status-publish","4":"format-standard","5":"has-post-thumbnail","7":"category-musique","8":"tag-divertissement","9":"tag-entertainment","10":"tag-fr","11":"tag-france","12":"tag-frederic-lopez","13":"tag-le-chanteur","14":"tag-marc-lavoine","15":"tag-music","16":"tag-musique","17":"tag-philippe-besson","18":"tag-souvenir-denfance"},"share_on_mastodon":{"url":"https:\/\/pubeurope.com\/@fr\/114412832880168022","error":""},"_links":{"self":[{"href":"https:\/\/www.europesays.com\/fr\/wp-json\/wp\/v2\/posts\/58046","targetHints":{"allow":["GET"]}}],"collection":[{"href":"https:\/\/www.europesays.com\/fr\/wp-json\/wp\/v2\/posts"}],"about":[{"href":"https:\/\/www.europesays.com\/fr\/wp-json\/wp\/v2\/types\/post"}],"author":[{"embeddable":true,"href":"https:\/\/www.europesays.com\/fr\/wp-json\/wp\/v2\/users\/2"}],"replies":[{"embeddable":true,"href":"https:\/\/www.europesays.com\/fr\/wp-json\/wp\/v2\/comments?post=58046"}],"version-history":[{"count":0,"href":"https:\/\/www.europesays.com\/fr\/wp-json\/wp\/v2\/posts\/58046\/revisions"}],"wp:featuredmedia":[{"embeddable":true,"href":"https:\/\/www.europesays.com\/fr\/wp-json\/wp\/v2\/media\/58047"}],"wp:attachment":[{"href":"https:\/\/www.europesays.com\/fr\/wp-json\/wp\/v2\/media?parent=58046"}],"wp:term":[{"taxonomy":"category","embeddable":true,"href":"https:\/\/www.europesays.com\/fr\/wp-json\/wp\/v2\/categories?post=58046"},{"taxonomy":"post_tag","embeddable":true,"href":"https:\/\/www.europesays.com\/fr\/wp-json\/wp\/v2\/tags?post=58046"}],"curies":[{"name":"wp","href":"https:\/\/api.w.org\/{rel}","templated":true}]}}