{"id":580471,"date":"2025-12-05T18:59:26","date_gmt":"2025-12-05T18:59:26","guid":{"rendered":"https:\/\/www.europesays.com\/fr\/580471\/"},"modified":"2025-12-05T18:59:26","modified_gmt":"2025-12-05T18:59:26","slug":"que-faire-a-lille-et-aux-alentours-du-8-au-14-decembre","status":"publish","type":"post","link":"https:\/\/www.europesays.com\/fr\/580471\/","title":{"rendered":"Que faire \u00e0 Lille et aux alentours du 8 au 14 d\u00e9cembre"},"content":{"rendered":"<p>Qui dit nouvelle semaine, dit nouveaux \u00e9v\u00e9nements \u00e0 Lille et aux alentours. Au programme : un festival des Lumi\u00e8res \u00e0 Dunkerque, un concert \u00e0 la bougie sp\u00e9cial Harry Potter, la Nocturne Gourmande \u00e0 Wazemmes ou encore la Braderie de l\u2019Art. Clairement, tu ne vas pas t\u2019ennuyer, je te dis tout juste ici.\ud83d\udc47<\/p>\n<p><strong>Festival des lumi\u00e8res<\/strong> <\/p>\n<p><strong>Dunkerque<\/strong>\u00a0se transforme en ville de\u00a0<strong>No\u00ebl<\/strong>\u00a0et tu vas pouvoir prendre des \u00e9toiles plein les yeux avec le <strong>\u201cparcours aux merveilles\u201d. \u2728Organis\u00e9e par la Ville de Dunkerque, cette<\/strong>\u00a0promenade de<strong>\u00a045 min (3km)<\/strong>\u00a0va te faire d\u00e9couvrir\u00a0<strong>11 \u0153uvres lumineuses<\/strong>. Tu pourras par exemple te perdre dans un\u00a0<strong>labyrinthe hypnotique de couleurs\u00a0<\/strong>avec Prismatica ou te faire illuminer par des lampes XXL ! Et puis c\u2019est l\u2019occaz id\u00e9ale pour visiter la ville car tu vas passer dans des lieux embl\u00e9matiques comme<strong>\u00a0la Halle aux sucres, la place du Minck\u00a0<\/strong>ou encore<strong>\u00a0le parvis du beffroi<\/strong>. \ud83d\ude42<\/p>\n<ul class=\"wp-block-list\">\n<li>Jusqu\u2019au dim 4 janv<\/li>\n<li>Gratuit, sans r\u00e9servation<\/li>\n<li>Infos juste <a href=\"https:\/\/www.ville-dunkerque.fr\/decouvrir-sortir-bouger\/dunkerque-la-feerique\" target=\"_blank\" rel=\"noopener\">ici<\/a><\/li>\n<\/ul>\n<p><img fetchpriority=\"high\" decoding=\"async\" width=\"640\" height=\"360\" src=\"https:\/\/www.europesays.com\/fr\/wp-content\/uploads\/2025\/12\/dunkerque-moyenne-1.jpeg\" alt=\"mod\u00e8le banni\u00e8re articles du site 3\" class=\"wp-image-127402\"  \/><strong>\u00a9<\/strong> Festival des Lumi\u00e8res<\/p>\n<p><strong>J\u00e9r\u00e9my Nadeau<\/strong><\/p>\n<p>Il t\u2019a s\u00fbrement d\u00e9j\u00e0 fait marrer avec ses vid\u00e9os sur Youtube et bonne nouvelle :\u00a0<strong>J\u00e9r\u00e9my Nadeau\u00a0<\/strong>sera \u00e0 Lille avec son\u00a0<strong>spectacle<\/strong>\u00a0<strong>\u201cBeaucoup trop\u201d<\/strong>. Il ne reste plus beaucoup de places alors si \u00e7a te chauffe, on te conseille de foncer.<\/p>\n<ul class=\"wp-block-list\">\n<li>Mercredi 10 <\/li>\n<li>20h-22h<\/li>\n<li>\u00c0 partir de 32\u20ac<\/li>\n<li>R\u00e9servation <a href=\"http:\/\/shorturl.at\/FJCd0\" target=\"_blank\" rel=\"noopener\">ici<\/a> <\/li>\n<li>Th\u00e9\u00e2tre S\u00e9bastopol, place S\u00e9bastopol, Lille<\/li>\n<\/ul>\n<p><img loading=\"lazy\" decoding=\"async\" width=\"563\" height=\"640\" data-id=\"127431\" src=\"https:\/\/www.europesays.com\/fr\/wp-content\/uploads\/2025\/12\/jeremy-nadeau-moyenne.jpeg\" alt=\"J\u00e9r\u00e9my Nadeau \u00e0 Lille\" class=\"wp-image-127431\"  \/>screenshot<\/p>\n<p><img loading=\"lazy\" decoding=\"async\" width=\"640\" height=\"365\" data-id=\"127432\" src=\"https:\/\/www.europesays.com\/fr\/wp-content\/uploads\/2025\/12\/jeremy-nadeau-2-moyenne.jpeg\" alt=\"j\u00e9r\u00e9my nadeau 2 moyenne\" class=\"wp-image-127432\"  \/>j\u00e9r\u00e9my nadeau 2 moyenne<\/p>\n<p><strong>Footing solidaire<\/strong><\/p>\n<p>Pour te d\u00e9penser sans pression, ni chrono, il y a un\u00a0<strong>footing solidaire<\/strong>\u00a0organis\u00e9 par l\u2019\u00e9quipe de\u00a0<strong>Voices For Human<\/strong>. Tu pourras\u00a0<strong>courir ou marcher<\/strong>\u00a0sur une\u00a0<strong>boucle de 5km\u00a0<\/strong>et tous les fonds collect\u00e9s aideront \u00e0\u00a0<strong>soutenir des initiatives de sant\u00e9 publique<\/strong>.<\/p>\n<ul class=\"wp-block-list\">\n<li>Jeudi 11<\/li>\n<li>18h<\/li>\n<li>Campus Eductive Lille Vauban 65 Rue Philippe-Laurent Roland, Lille<\/li>\n<li>\u00c0 partir de 1\u20ac<\/li>\n<li>Inscription <a href=\"http:\/\/shorturl.at\/uRX6b\" target=\"_blank\" rel=\"noopener\">ici<\/a> <\/li>\n<\/ul>\n<p><img loading=\"lazy\" decoding=\"async\" width=\"1024\" height=\"640\" data-id=\"46535\" src=\"https:\/\/www.europesays.com\/fr\/wp-content\/uploads\/2025\/04\/image_7-3-edited-1024x640.webp.webp\" alt=\"Que faire \u00e0 Lille vacances d'\u00e9t\u00e9 ? Course.\" class=\"wp-image-46535\"\/><\/p>\n<p><img loading=\"lazy\" decoding=\"async\" width=\"1024\" height=\"803\" data-id=\"26661\" src=\"https:\/\/www.europesays.com\/fr\/wp-content\/uploads\/2025\/04\/course-a-pied-lilleaddict-1024x803.jpg\" alt=\"Que faire \u00e0 Lille et aux alentours le week-end du 18 au 22 d\u00e9cembre ?\" class=\"wp-image-26661\"\/><\/p>\n<p><strong>Disco groove <\/strong><\/p>\n<p>Pour une\u00a0<strong>soir\u00e9e groovy et paillettes<\/strong>, rendez-vous\u00a0<strong>Aux Artistes<\/strong>. En line-up, il y aura\u00a0<strong>Noustroois\u00a0<\/strong>et\u00a0<strong>Medz<\/strong>\u00a0pour mettre une bonne ambiance, te faire kiffer et te faire l\u00e2cher tes meilleurs pas de danse.<\/p>\n<ul class=\"wp-block-list\">\n<li>Jeudi 11 <\/li>\n<li>20h-2h<\/li>\n<li>Gratuit<\/li>\n<li>R\u00e9servation <a href=\"http:\/\/shorturl.at\/YwnLo\" target=\"_blank\" rel=\"noopener\">ici<\/a> <\/li>\n<li>Aux Artistes, 1 Place du Concert, Lille<\/li>\n<\/ul>\n<p><img loading=\"lazy\" decoding=\"async\" width=\"640\" height=\"394\" src=\"https:\/\/www.europesays.com\/fr\/wp-content\/uploads\/2025\/12\/capture-decran-2025-12-05-a-19.20.49-moyenne.jpeg\" alt=\"Disco groove \u00e0 Lille\" class=\"wp-image-127430\"  \/>screenshot<\/p>\n<p>Bingo Drag<\/p>\n<p>C\u2019est le moment de pr\u00e9parer tes grilles car un\u00a0<strong>bingo drag\u00a0<\/strong>se pr\u00e9pare au\u00a0<strong>Bistrot de St-So.<\/strong>\u00a0Au programme : des\u00a0<strong>surprises,<\/strong>des\u00a0<strong>nouveaut\u00e9s\u00a0<\/strong>et du\u00a0<strong>bingo \u00e0 gogo<\/strong>. L\u2019\u00e9v\u00e9nement sera anim\u00e9 par\u00a0<strong>Crystal Chardonnay<\/strong>\u00a0avec en invit\u00e9\u00a0<strong>Edna Sorgelsen\u00a0<\/strong>que tu as peut-\u00eatre d\u00e9couverte dans <strong>Drag Race Belgique<\/strong>.<\/p>\n<ul class=\"wp-block-list\">\n<li>Jeudi 11 <\/li>\n<li>18h-23h30<\/li>\n<li>1\u20ac la grille<\/li>\n<li>Sans r\u00e9servation<\/li>\n<li>Bistrot de St So, Gare Saint-Sauveur, 17 Bd JB Lebas, Lille<\/li>\n<\/ul>\n<p><img loading=\"lazy\" decoding=\"async\" width=\"640\" height=\"360\" src=\"https:\/\/www.europesays.com\/fr\/wp-content\/uploads\/2025\/12\/banniere-bistrot-moyenne.jpeg\" alt=\"Banni\u00e8re Bistrot de St So\" class=\"wp-image-127331\"  \/><\/p>\n<p><strong>La cr\u00e8me des guimauves<\/strong><\/p>\n<p>Pour les f\u00eates, tu pourras mettre le paquet avec les\u00a0<strong>guimauves artisanales\u00a0<\/strong>de\u00a0<strong>L\u00e9a Paget<\/strong>. En plus d\u2019avoir la\u00a0<strong>texture d\u2019un petit nuage<\/strong>, elles font partie des\u00a0<strong>meilleures guimauves de France.<\/strong>\u00a0Elles ont<strong>\u00a0<\/strong>\u00e9t\u00e9\u00a0<strong>prim\u00e9es 3 ann\u00e9es de suite<\/strong>\u00a0au\u00a0<strong>concours \u00c9picures et top 1 dans le journal les \u00c9chos.<\/strong> Ce mois-ci, tu pourras d\u00e9nicher des\u00a0<strong>\u00e9ditions limit\u00e9es\u00a0<\/strong>comme les<strong>\u00a0guimauves \u00e0 la truffe<\/strong>,\u00a0des<strong>\u00a0p\u00e2tes de fruits sp\u00e9ciales f\u00eates, des craquants au chocolat..<\/strong>. Et le truc cool, c\u2019est que toutes les confiseries sont\u00a0<strong>sans ar\u00f4mes ni colorants artificiels<\/strong>. Bref, si tu cherches un cadeau local et qui r\u00e9gale, tu sais o\u00f9 le trouver. \ud83d\ude42<\/p>\n<ul class=\"wp-block-list\">\n<li>Jusqu\u2019au 31 <\/li>\n<li>\u00c0 partir de 8,90\u20ac<\/li>\n<li>Infos ici <\/li>\n<li>L\u00e9a Paget chez Maison bonheur, 16 boulevard Clemenceau, Marcq-en-Bar\u0153ul<\/li>\n<\/ul>\n<p><img loading=\"lazy\" decoding=\"async\" width=\"539\" height=\"640\" data-id=\"126558\" src=\"https:\/\/www.europesays.com\/fr\/wp-content\/uploads\/2025\/12\/capture-decran-2025-11-18-a-10.17.31-moyenne.jpeg\" alt=\"L\u00e9a Paget\" class=\"wp-image-126558\"  \/><\/p>\n<p><img loading=\"lazy\" decoding=\"async\" width=\"640\" height=\"628\" data-id=\"126552\" src=\"https:\/\/www.europesays.com\/fr\/wp-content\/uploads\/2025\/12\/capture-decran-2025-11-18-a-10.13.10-moyenne.jpeg\" alt=\"L\u00e9a Paget\" class=\"wp-image-126552\"  \/><\/p>\n<p><strong>Nocturne Gourmande<\/strong><\/p>\n<p>Le\u00a0<strong>Waz\u2019en bouche<\/strong>\u00a0organise une\u00a0<strong>Nocturne gourmande de No\u00ebl<\/strong>.<\/p>\n<p>Une\u00a0<strong>15aine de commerces<\/strong>\u00a0seront pr\u00eats \u00e0 te r\u00e9galer avec\u00a0<strong>leurs sp\u00e9cialit\u00e9s<\/strong>. Niveau ambiance, il y aura la f<strong>anfare Jukepop<\/strong>, un\u00a0<strong>karaok\u00e9 de No\u00ebl\u00a0<\/strong>anim\u00e9 par\u00a0<strong>Bertrand Fashion<\/strong>\u00a0et surtout\u2026 Le\u00a0<strong>P\u00e8re No\u00ebl\u00a0<\/strong>(alors qu\u2019il a un sacr\u00e9 agenda en ce moment).<\/p>\n<ul class=\"wp-block-list\">\n<li>Jeudi 11 <\/li>\n<li>18h-23h<\/li>\n<li>Gratuit, sans r\u00e9servation<\/li>\n<li>Parvis des halles de Wazemmes, Lille<\/li>\n<\/ul>\n<p><img loading=\"lazy\" decoding=\"async\" width=\"640\" height=\"426\" data-id=\"127428\" src=\"https:\/\/www.europesays.com\/fr\/wp-content\/uploads\/2025\/12\/wazenbouche_30112024_069-moyenne.jpeg\" alt=\"Nocturne Gourmande \u00e0 Lille\" class=\"wp-image-127428\"  \/><strong>\u00a9<\/strong> Waz\u2019 en bouche <\/p>\n<p><img loading=\"lazy\" decoding=\"async\" width=\"640\" height=\"426\" data-id=\"127428\" src=\"https:\/\/www.europesays.com\/fr\/wp-content\/uploads\/2025\/12\/wazenbouche_30112024_069-moyenne.jpeg\" alt=\"wazenbouche 30112024 069 moyenne\" class=\"wp-image-127428\"  \/><strong>\u00a9<\/strong> Waz\u2019 en bouche <\/p>\n<p>Concert \u00e0 la bougie<\/p>\n<p>Le <strong>Campus Cr\u00e9atif de la Catho<\/strong> (le Poudlard du Nord finalement) organise un\u00a0<strong>concert de No\u00ebl sp\u00e9cial Harry Potter<\/strong>\u00a0avec plus de<strong>\u00a0700 bougies suspendues\u00a0<\/strong>et la\u00a0<strong>voiture officielle du film<\/strong>. L\u2019occaz\u2019 de se (re)plonger dans la bande-son des films et de se mettre dans l\u2019esprit des f\u00eates.<\/p>\n<ul class=\"wp-block-list\">\n<li>Vendredi 12 au samedi 13 <\/li>\n<li>19h30-20h45<\/li>\n<li>\u00c0 partir de 10\u20ac<\/li>\n<li>R\u00e9servation <a href=\"https:\/\/my.weezevent.com\/concert-a-la-bougie-entre-sortileges-et-merveilles\" target=\"_blank\" rel=\"noopener\">ici<\/a><\/li>\n<li>Chapelle Saint-Joseph, Universit\u00e9 Catholique de Lille, 60 Boulevard Vauban, Lille<\/li>\n<\/ul>\n<p><img loading=\"lazy\" decoding=\"async\" width=\"640\" height=\"367\" src=\"https:\/\/www.europesays.com\/fr\/wp-content\/uploads\/2025\/12\/harry-potter-moyenne.jpeg\" alt=\"harry potter moyenne\" class=\"wp-image-127426\"  \/><strong>\u00a9<\/strong> Warner Bros<\/p>\n<p>Spectacle \u00e0 l\u2019op\u00e9ra<\/p>\n<p><strong>La compagnie 111,\u00a0<\/strong>dirig\u00e9e par le chor\u00e9graphe\u00a0<strong>Aur\u00e9lien Bory\u00a0<\/strong>d\u00e9barque \u00e0 l\u2019<strong>Op\u00e9ra de Lille<\/strong>\u00a0avec son spectacle i<strong>nvisibili.<\/strong> Au programme, de la\u00a0<strong>danse<\/strong>, du\u00a0<strong>th\u00e9\u00e2tre<\/strong>, de la<strong>\u00a0musique\u00a0<\/strong>et de la\u00a0<strong>vid\u00e9o\u00a0<\/strong>pour en prendre plein les yeux. C\u2019est un spectacle qui s\u2019inspire d\u2019une\u00a0<strong>toile du XVe si\u00e8cle\u00a0<\/strong>(Le\u00a0<strong>Triomphe de la Mort<\/strong>\u00a0expos\u00e9e au\u00a0<strong>Palais Abatellis<\/strong>) et qui aborde des\u00a0<strong>th\u00e8mes forts comme la mort, l\u2019espoir et le triomphe de la vie avec l\u2019art.<\/strong> C\u2019est l\u2019occaz\u2019 de faire le\u00a0<strong>plein de culture\u00a0<\/strong>et d\u2019en profiter pour (re)d\u00e9couvrir l\u2019<strong>int\u00e9rieur de l\u2019Op\u00e9ra de Lille<\/strong>. \ud83d\ude42<\/p>\n<ul class=\"wp-block-list\">\n<li>Vendredi 12 au samedi 13<\/li>\n<li>Vendredi : 20h \/ samedi : 18h<\/li>\n<li>\u00c0 partir de 5\u20ac<\/li>\n<li>R\u00e9servation <a href=\"https:\/\/www.opera-lille.fr\/spectacle\/invisibili\/\" target=\"_blank\" rel=\"noopener\">ici<\/a><\/li>\n<li>Op\u00e9ra de Lille, place du Th\u00e9\u00e2tre, Lille<\/li>\n<\/ul>\n<p><img loading=\"lazy\" decoding=\"async\" width=\"640\" height=\"427\" src=\"https:\/\/www.europesays.com\/fr\/wp-content\/uploads\/2025\/12\/invisibili-moyenne.jpeg\" alt=\"invisibili \u00e0 Lille\" class=\"wp-image-127425\"  \/><strong>\u00a9<\/strong> Op\u00e9ra de Lille<\/p>\n<p><strong>L\u2019art au vestiaire <\/strong><\/p>\n<p>Pour la\u00a0<strong>29e \u00e9dition\u00a0<\/strong>de la\u00a0<strong>Nuit des Arts<\/strong>,\u00a0<strong>le Vestiaire<\/strong>\u00a0t\u2019a pr\u00e9vu un\u00a0<strong>gros programme<\/strong>\u00a0sur\u00a0<strong>2 week-ends<\/strong>. Tu pourras d\u00e9nicher des p\u00e9pites dans leur\u00a0<strong>march\u00e9 de cr\u00e9ateurs<\/strong>\u00a0avec de la\u00a0<strong>mode<\/strong>, du\u00a0<strong>design<\/strong>, de la<strong>\u00a0d\u00e9co<\/strong>, des\u00a0<strong>bijoux<\/strong>, du\u00a0<strong>mobilier<\/strong>\u2026 Il y aura m\u00eame des\u00a0<strong>expos d\u2019artistes<\/strong>\u00a0et des\u00a0<strong>DJs\u00a0<\/strong>pour t\u2019ambiancer.<\/p>\n<ul class=\"wp-block-list\">\n<li>Vendredi 12 au samedi 13 <\/li>\n<li>Ven : 17h-23h \/ sam : 11h-01h \/ dim : 11h-18h<\/li>\n<li>Gratuit, sans r\u00e9servation<\/li>\n<li>Le Vestiaire, 27 rue de l\u2019Esp\u00e9rance, Roubaix<\/li>\n<\/ul>\n<p><img loading=\"lazy\" decoding=\"async\" width=\"640\" height=\"640\" data-id=\"123900\" src=\"https:\/\/www.europesays.com\/fr\/wp-content\/uploads\/2025\/09\/grand-bassin-moyenne.jpeg\" alt=\"grand bassin moyenne\" class=\"wp-image-123900\"  \/>\u00a9 Le Grand Bassin<\/p>\n<p><img loading=\"lazy\" decoding=\"async\" width=\"1024\" height=\"1024\" data-id=\"63172\" src=\"https:\/\/www.europesays.com\/fr\/wp-content\/uploads\/2025\/12\/dsc2408-1024x1024.jpg\" alt=\" dsc2408\" class=\"wp-image-63172\"  \/>\u00a9 Le Grand Bassin<\/p>\n<p><strong>March\u00e9 de la Po\u00e9sie<\/strong><\/p>\n<p>Plus de\u00a0<strong>300 maisons d\u2019\u00e9dition<\/strong>,\u00a0<strong>revues<\/strong>\u00a0et\u00a0<strong>po\u00e8tes<\/strong>\u00a0te donnent rendez-vous au\u00a0<strong>Tripostal\u00a0<\/strong>pour la\u00a0<strong>3e \u00e9dition<\/strong>\u00a0du\u00a0<strong>March\u00e9 de la Po\u00e9sie<\/strong>. Que tu sois un lecteur passionn\u00e9 ou curieux, tu pourras faire des\u00a0<strong>d\u00e9couvertes litt\u00e9raires<\/strong>,\u00a0<strong>rencontrer des \u00e9diteurs<\/strong>, des\u00a0<strong>auteurs\u00a0<\/strong>et m\u00eame participer \u00e0 des\u00a0<strong>ateliers d\u2019\u00e9critures<\/strong>.<\/p>\n<ul class=\"wp-block-list\">\n<li>Vendredi 12 au dimanche 14<\/li>\n<li>Ven : 14h-20h \/ sam : 11h-20h \/ dim : 11h-18h<\/li>\n<li>Gratuit, sans r\u00e9servation (sauf ateliers)<\/li>\n<li>Tripostal, 22 Av. Willy Brandt, Lille<\/li>\n<\/ul>\n<p><img loading=\"lazy\" decoding=\"async\" width=\"629\" height=\"640\" data-id=\"127166\" src=\"https:\/\/www.europesays.com\/fr\/wp-content\/uploads\/2025\/12\/marche-de-la-poesie-a-lille.-2.jpeg\" alt=\"March\u00e9 de la Po\u00e9sie \u00e0 Lille\" class=\"wp-image-127166\"  \/><strong>\u00a9<\/strong> Escales des lettres<\/p>\n<p><img loading=\"lazy\" decoding=\"async\" width=\"640\" height=\"583\" data-id=\"127167\" src=\"https:\/\/www.europesays.com\/fr\/wp-content\/uploads\/2025\/12\/marche-de-la-poesie-a-lille.jpeg\" alt=\"March\u00e9 de la Po\u00e9sie \u00e0 Lille\" class=\"wp-image-127167\"  \/><strong>\u00a9<\/strong> Escales des lettres<\/p>\n<p><strong>Urban Trail<\/strong><\/p>\n<p>Qui a dit qu\u2019il fallait laisser ses baskets au placard cet hiver ? Allez, on sort les gants et le tour de cou : l\u2019<strong>Urban Trail de Tourcoing<\/strong>\u00a0est de retour. Tu pourras\u00a0<strong>courir ou marcher<\/strong>\u00a0en d\u00e9couvrant le\u00a0<strong>patrimoine de la ville\u00a0<\/strong>dans une super ambiance. En bonus, n\u2019h\u00e9site pas \u00e0\u00a0<strong>venir d\u00e9guis\u00e9<\/strong>. \ud83d\ude42<\/p>\n<ul class=\"wp-block-list\">\n<li>Vendredi 12<\/li>\n<li>18h30-22h30<\/li>\n<li>Trail 5 et 10 km : 18\u20ac<\/li>\n<li>Trail 2,5 km : 6\u20ac<\/li>\n<li>R\u00e9servation : shorturl.at\/iBc3r<\/li>\n<li>Grand Place de Tourcoing<\/li>\n<\/ul>\n<p><img loading=\"lazy\" decoding=\"async\" width=\"640\" height=\"366\" data-id=\"127161\" src=\"https:\/\/www.europesays.com\/fr\/wp-content\/uploads\/2025\/12\/urban-trail-tourcoing.jpeg\" alt=\"\" class=\"wp-image-127161\"  \/><strong>\u00a9<\/strong> Urban Trail Tourcoing<\/p>\n<p><img loading=\"lazy\" decoding=\"async\" width=\"640\" height=\"500\" data-id=\"127160\" src=\"https:\/\/www.europesays.com\/fr\/wp-content\/uploads\/2025\/12\/urban-trail-de-tourcoing.jpeg\" alt=\"Urban Trail de Tourcoing \u00e0 c\u00f4t\u00e9 de Lille\" class=\"wp-image-127160\"  \/><strong>\u00a9<\/strong> Urban Trail Tourcoing<\/p>\n<p><strong>\u00c7a va danser<\/strong><\/p>\n<p>Pour te r\u00e9chauffer,\u00a0<strong>Alterity<\/strong>\u00a0t\u2019a pr\u00e9vu une soir\u00e9e o\u00f9 tu pourras danser sur des\u00a0<strong>sons Old et New School.<\/strong> En line-up :\u00a0<strong>Lowk<\/strong>,\u00a0<strong>Itchin<\/strong>\u00a0et\u00a0<strong>Hoodini<\/strong>\u00a0seront pr\u00eats \u00e0 t\u2019ambiancer avec du<strong>\u00a0Hip-Hop\u00a0<\/strong>et de l\u2019<strong>Afrobeats<\/strong>.<\/p>\n<ul class=\"wp-block-list\">\n<li>Vendredi 12 <\/li>\n<li>22h-3h<\/li>\n<li>Gratuit<\/li>\n<li>R\u00e9servation <a href=\"http:\/\/shorturl.at\/p2kys\" target=\"_blank\" rel=\"noopener\">ici<\/a> <\/li>\n<li>ArtChives, 74 Rue Jacquemars Gi\u00e9l\u00e9e Lille<\/li>\n<\/ul>\n<p><img loading=\"lazy\" decoding=\"async\" width=\"640\" height=\"640\" data-id=\"127422\" src=\"https:\/\/www.europesays.com\/fr\/wp-content\/uploads\/2025\/12\/image00018-moyenne.jpeg\" alt=\"Soir\u00e9e \u00e0 ArtChivbes \u00e0 Lille\" class=\"wp-image-127422\"  \/>\u00a0<strong>\u00a9<\/strong> Alterity<\/p>\n<p><img loading=\"lazy\" decoding=\"async\" width=\"640\" height=\"640\" data-id=\"127423\" src=\"https:\/\/www.europesays.com\/fr\/wp-content\/uploads\/2025\/12\/image00019-moyenne.jpeg\" alt=\"image00019 moyenne\" class=\"wp-image-127423\"  \/>\u00a0<strong>\u00a9<\/strong> Alterity<\/p>\n<p><strong>Braderie de l\u2019Art<\/strong><\/p>\n<p>Plus de\u00a0<strong>150 artistes venus des 4 coins de la France, de l\u2019Europe et m\u00eame du Qu\u00e9bec seront l\u00e0 pour la Braderie de l\u2019Art.<\/strong><\/p>\n<p>lls<strong>\u00a0<\/strong>transformeront sous tes yeux\u00a0<strong>des mat\u00e9riaux<\/strong>\u00a0et des\u00a0<strong>objets de r\u00e9cup\u2019 en \u0153uvres d\u2019art<\/strong>\/<strong>objets design uniques<\/strong>. En plus de voir la magie op\u00e9rer, tu pourras\u00a0<strong>rencontrer les artistes, en savoir plus sur leur d\u00e9marche\u00a0<\/strong>et\u00a0<strong>acheter leurs \u0153uvres<\/strong> (entre 1\u20ac et 400\u20ac). Il y aura m\u00eame des\u00a0<strong>concerts<\/strong>\u00a0pour t\u2019ambiancer pendant la n\u00e9go et un\u00a0<strong>atelier de fabrication de lutherie sauvage<\/strong>\u00a0pour les enfants. \ud83d\ude42<\/p>\n<ul class=\"wp-block-list\">\n<li>Samedi 13 au dimanche 14<\/li>\n<li>Sam : 18h-2h \/ dim : 8h30-18h<\/li>\n<li>Gratuit, sans r\u00e9servation (sauf ateliers)<\/li>\n<li>Infos<a href=\"https:\/\/www.labraderiedelart.com\/fr\/home\" target=\"_blank\" rel=\"noopener\"> ici<\/a><\/li>\n<li>La Condition Publique, 4 Pl. du G\u00e9n\u00e9ral Faidherbe Roubaix<\/li>\n<\/ul>\n<p><img loading=\"lazy\" decoding=\"async\" width=\"640\" height=\"360\" src=\"https:\/\/www.europesays.com\/fr\/wp-content\/uploads\/2025\/12\/braderie-de-lart-moyenne.jpeg\" alt=\"Braderie de l'Art \u00e0 Lille\" class=\"wp-image-127169\"  \/>\u00a0<strong>\u00a9<\/strong> Arto Victorri<\/p>\n<p><strong>Pop-up Fripovaure and friends <\/strong><\/p>\n<p>Ho, ho, ho, mon petit doigt me dit que tu vas d\u00e9nicher pas mal d\u2019id\u00e9es cadeaux pour tes proches, ou pour toi (parce qu\u2019apr\u00e8s tout, tu as \u00e9t\u00e9 tr\u00e8s sage cette ann\u00e9e). Eh oui, le\u00a0<strong>pop-up Fripovaure and friends\u00a0<\/strong>est de retour au\u00a0<strong>Sikaru<\/strong>\u00a0pour une\u00a0<strong>\u00e9dition sp\u00e9ciale No\u00ebl<\/strong>. Au total,\u00a0<strong>30 stands<\/strong>\u00a0te proposeront des petites p\u00e9pites pendant\u00a0<strong>2 jours<\/strong>. De la\u00a0<strong>fripe<\/strong>, des\u00a0<strong>cr\u00e9ateurs<\/strong>, des\u00a0<strong>tatoueurs<\/strong>, du\u00a0<strong>nail art<\/strong>, des\u00a0<strong>street-artistes<\/strong>\u00a0et m\u00eame des\u00a0<strong>illustrateurs<\/strong>\u2026 De quoi bien remplir ta hotte pour les f\u00eates. \ud83d\ude42<\/p>\n<ul class=\"wp-block-list\">\n<li>Samedi 13 au dimanche 14 <\/li>\n<li>13h-18h<\/li>\n<li>Gratuit, sans r\u00e9servation<\/li>\n<li>Infos <a href=\"https:\/\/www.instagram.com\/fripovaure2.0\/\" target=\"_blank\" rel=\"noopener\">ici<\/a><\/li>\n<li>Sikaru, 34 bd Jean-Baptiste Lebas Lille<\/li>\n<\/ul>\n<p><img loading=\"lazy\" decoding=\"async\" width=\"1024\" height=\"1024\" data-id=\"118526\" src=\"https:\/\/www.europesays.com\/fr\/wp-content\/uploads\/2025\/12\/sikaru-11-1024x1024.jpg\" alt=\"sikaru 11\" class=\"wp-image-118526\"  \/>sikaru 11<\/p>\n<p><img loading=\"lazy\" decoding=\"async\" width=\"513\" height=\"640\" data-id=\"57398\" src=\"https:\/\/www.europesays.com\/fr\/wp-content\/uploads\/2025\/12\/capture-decran-2024-11-21-a-14.39.49-moyenne.jpeg\" alt=\"Sikaru - Lille\" class=\"wp-image-57398\"  \/><\/p>\n<p><strong>15 Balles Market<\/strong><\/p>\n<p>Cette ann\u00e9e,\u00a0<strong>GARAGE<\/strong>\u00a0organise un\u00a0<strong>march\u00e9 de No\u00ebl\u00a0<\/strong>o\u00f9 tout est \u00e0\u00a0<strong>moins de 15\u20ac<\/strong>. Oui, oui, tu as bien lu, tu pourras d\u00e9nicher des p\u00e9pites pour tes proches chez des\u00a0<strong>cr\u00e9ateurs locaux<\/strong>, sans casser ta tirelire. Alors, c\u2019est qui, qui va dead \u00e7a au Secret Santa ?<\/p>\n<ul class=\"wp-block-list\">\n<li>Samedi 13 au dimanche 14<\/li>\n<li>Sam : 10h-19h30 \/ dim : 10h-17h<\/li>\n<li>Gratuit, sans r\u00e9servation <\/li>\n<li>GARAGE les lillois, 34 boulevard Carnot, Lille<\/li>\n<\/ul>\n<p><img loading=\"lazy\" decoding=\"async\" width=\"640\" height=\"360\" src=\"https:\/\/www.europesays.com\/fr\/wp-content\/uploads\/2025\/12\/15-balles-market-moyenne.jpeg\" alt=\"\" class=\"wp-image-127420\"  \/><strong>\u00a9<\/strong> GARAGE<\/p>\n<p><strong>Chant\u00e9 Nw\u00e9l <\/strong><\/p>\n<p>Le plus grand\u00a0<strong>Chant\u00e9 No\u00ebl<\/strong>\u00a0de la r\u00e9gion revient \u00e0 Lille. Un collectif d\u2019associations fait vivre cette tradition venue des Antilles pour rassembler les Lillois, mais pas que. Tu pourras y\u00a0<strong>chanter des cantiques de No\u00ebl,<\/strong>\u00a0<strong>danser<\/strong>,\u00a0<strong>manger\u00a0<\/strong>un morceau, il y aura m\u00eame une\u00a0<strong>tombola avec des lots \u00e0 gagner<\/strong>\u00a0et un\u00a0<strong>DJ set<\/strong>.<\/p>\n<ul class=\"wp-block-list\">\n<li>Samedi 13 <\/li>\n<li>18h-23h30<\/li>\n<li>\u00c0 partir de 6\u20ac<\/li>\n<li>R\u00e9servation <a href=\"http:\/\/shorturl.at\/xaKtl\" target=\"_blank\" rel=\"noopener\">ici<\/a><\/li>\n<li>ArtChives, 74 Rue Jacquemars Gi\u00e9l\u00e9e, Lille<\/li>\n<\/ul>\n<p><img loading=\"lazy\" decoding=\"async\" width=\"640\" height=\"346\" src=\"https:\/\/www.europesays.com\/fr\/wp-content\/uploads\/2025\/12\/gcn24-moyenne.jpeg\" alt=\"Gwan Chant\u00e9 Noel \u00e0 Lille\" class=\"wp-image-127419\"  \/>\u00a9 HIGO TECHS<\/p>\n<p><strong>March\u00e9 solidaire<\/strong><\/p>\n<p>L\u2019association\u00a0<strong>Le Partenariat\u2013Centre Ga\u00efa agit pour la solidarit\u00e9 internationale, en menant des projets en France, au S\u00e9n\u00e9gal, en Guin\u00e9e et au Maroc.<\/strong> Pour la fin d\u2019ann\u00e9e, l\u2019asso organise un march\u00e9 de No\u00ebl \u00e9thique et solidaire. Tu y d\u00e9nicheras des id\u00e9es cadeaux pour petits et grands avec les cr\u00e9ations des stands associatifs et artisanaux (de quoi s\u00e9rieusement concurrencer les lutins du P\u00e8re No\u00ebl). Tu pourras aussi t\u2019immerger dans la\u00a0<strong>culture s\u00e9n\u00e9galaise<\/strong>\u00a0en visitant les\u00a0<strong>300m2 de d\u00e9cors<\/strong>\u00a0qui repr\u00e9sentent le\u00a0<strong>village s\u00e9n\u00e9galais<\/strong>\u00a0de\u00a0<strong>Raw Peulh<\/strong>\u00a0et le<strong>\u00a0quartier des p\u00eacheurs<\/strong>\u00a0de la\u00a0<strong>ville<\/strong> <strong>de Saint-Louis<\/strong>. Il y a aura m\u00eame un\u00a0<strong>escape game<\/strong>\u00a0\u00e0 l\u2019int\u00e9rieur. \ud83d\ude42<\/p>\n<ul class=\"wp-block-list\">\n<li>Samedi 13 <\/li>\n<li>14h-18h<\/li>\n<li>Gratuit, escape game \u00e0 14h30 (sur r\u00e9servation)<\/li>\n<li>Infos <a href=\"https:\/\/www.lepartenariat.org\/venez-celebrer-la-magie-de-noel-au-partenariat-centre-gaia\/\" target=\"_blank\" rel=\"noopener\">ici<\/a><\/li>\n<li>Le Partenariat- Centre Ga\u00efa, 71 rue Victor Renard, Lille<\/li>\n<\/ul>\n<p><img loading=\"lazy\" decoding=\"async\" width=\"640\" height=\"369\" src=\"https:\/\/www.europesays.com\/fr\/wp-content\/uploads\/2025\/12\/capture-decran-2025-12-05-a-18.51.26-moyenne.jpeg\" alt=\"March\u00e9 solidaire \u00e0 Lille\" class=\"wp-image-127414\" style=\"width:581px;height:auto\"  \/><\/p>\n<p><strong>La Purcle Circus<\/strong><\/p>\n<p>Une nouvelle \u00e9dition de\u00a0<strong>La Purple, une soir\u00e9e Queer &amp; friendly<\/strong>\u00a0d\u00e9barque au\u00a0<strong>Kodz<\/strong>. Au programme : des\u00a0<strong>d\u00e9cors immersifs<\/strong>, des\u00a0<strong>shows<\/strong>, des\u00a0<strong>DJ sets pop\u00a0<\/strong>et un th\u00e8me, le\u00a0<strong>cirque.\u00a0<\/strong>Est-ce qu\u2019on peut dire que c\u2019est<strong>\u00a0<\/strong>le clown du spectacle ? Peut-\u00eatre. Pour te mettre dans l\u2019ambiance, tu pourras aussi miser sur le dresscode : flamboyant, th\u00e9\u00e2tral, circassien, paillettes et une petite touche de drama \u00e9videmment. Bref, de quoi voir la vie en violet et faire la fiesta toute la noche. \ud83d\ude42<\/p>\n<ul class=\"wp-block-list\">\n<li>Samedi 13<\/li>\n<li>23h-6h<\/li>\n<li>\u00c0 partir de 10\u20ac99<\/li>\n<li>R\u00e9servation <a href=\"https:\/\/shotgun.live\/fr\/events\/purple-circus-the-greatest-night\" target=\"_blank\" rel=\"noopener\">ici<\/a><\/li>\n<li>Kodz, Aushopping Englos Les G\u00e9ants, Englos<\/li>\n<\/ul>\n<p><img loading=\"lazy\" decoding=\"async\" width=\"640\" height=\"616\" data-id=\"127412\" src=\"https:\/\/www.europesays.com\/fr\/wp-content\/uploads\/2025\/12\/la-purple-2.jpeg\" alt=\"La Purple \u00e0 Lille\" class=\"wp-image-127412\"  \/><strong>\u00a9<\/strong> La Purple<\/p>\n<p><img loading=\"lazy\" decoding=\"async\" width=\"551\" height=\"640\" data-id=\"127411\" src=\"https:\/\/www.europesays.com\/fr\/wp-content\/uploads\/2025\/12\/la-purple.jpeg\" alt=\"La Purple \u00e0 Lille\" class=\"wp-image-127411\"  \/><strong>\u00a9<\/strong> La Purple<\/p>\n<p><strong>Break Dance<\/strong><\/p>\n<p>Le\u00a0<strong>Championnat national de Breaking Breakdance<\/strong>\u00a0revient au\u00a0<strong>Palais de la Bourse<\/strong>. Tu pourras voir des\u00a0<strong>shows<\/strong>, et des\u00a0<strong>battles de danse<\/strong>\u00a0dans\u00a0<strong>diff\u00e9rentes cat\u00e9gories.\u00a0<\/strong>De quoi te faire (re)d\u00e9couvrir la<strong>\u00a0culture hip-hop.<\/strong><\/p>\n<ul class=\"wp-block-list\">\n<li>Samedi 13<\/li>\n<li>19h<\/li>\n<li>8\u20ac<\/li>\n<li>R\u00e9servation <a href=\"http:\/\/shorturl.at\/m54ic\" target=\"_blank\" rel=\"noopener\">ici<\/a><\/li>\n<li>Palais de la bourse, place du Th\u00e9\u00e2tre, Lille<\/li>\n<\/ul>\n<p><img loading=\"lazy\" decoding=\"async\" width=\"640\" height=\"639\" data-id=\"127173\" src=\"https:\/\/www.europesays.com\/fr\/wp-content\/uploads\/2025\/12\/capture-decran-2025-12-02-a-10.33.46-moyenne.jpeg\" alt=\"Championnat de break dance breaking \u00e0 Lille\" class=\"wp-image-127173\"  \/><\/p>\n<p><img loading=\"lazy\" decoding=\"async\" width=\"640\" height=\"531\" data-id=\"127172\" src=\"https:\/\/www.europesays.com\/fr\/wp-content\/uploads\/2025\/12\/capture-decran-2025-12-02-a-10.33.41-moyenne.jpeg\" alt=\"Championnat de break dance breaking \u00e0 Lille\" class=\"wp-image-127172\"  \/><\/p>\n<p><strong>Soir\u00e9e au Couvent<\/strong><\/p>\n<p>Pour sa 3e \u00e9dition, les\u00a0<strong>M\u00e9lodies Nocturnes\u00a0<\/strong>t\u2019embarquent au\u00a0<strong>Couvent<\/strong>\u00a0pour te faire bouger toute la soir\u00e9e. L\u2019occaz\u2019 de\u00a0<strong>profiter du lieu<\/strong>\u00a0et de kiffer sur des<strong>\u00a0sons Deephouse<\/strong> et\u00a0<strong>Tech House.<\/strong><\/p>\n<ul class=\"wp-block-list\">\n<li>Samedi 13<\/li>\n<li>18h-2h<\/li>\n<li>\u00c0 partir de 11\u20ac<\/li>\n<li>R\u00e9servation <a href=\"http:\/\/shorturl.at\/1vITr\" target=\"_blank\" rel=\"noopener\">ici<\/a><\/li>\n<li>Le Couvent, 128 Boulevard de Strasbourg, Roubaix<\/li>\n<\/ul>\n<p><img loading=\"lazy\" decoding=\"async\" width=\"640\" height=\"385\" data-id=\"124089\" src=\"https:\/\/www.europesays.com\/fr\/wp-content\/uploads\/2025\/10\/couvent-roubaix-moyenne.jpeg\" alt=\"Couvent de Roubaix \u00e0 c\u00f4t\u00e9 de Lille\" class=\"wp-image-124089\"  \/>\u00a9 Lab Event<\/p>\n<p><img loading=\"lazy\" decoding=\"async\" width=\"1024\" height=\"900\" data-id=\"31693\" src=\"https:\/\/www.europesays.com\/fr\/wp-content\/uploads\/2025\/12\/couvent--1024x900.jpeg\" alt=\"couvent \" class=\"wp-image-31693\"\/> <\/p>\n<p>Salon du livre <\/p>\n<p><strong>L\u2019unit\u00e9 de Formation et de Recherche des Sciences de Sant\u00e9<\/strong>\u00a0<strong>et du Sport de l\u2019Universit\u00e9 de Lille<\/strong>\u00a0organise un\u00a0<strong>salon du livre.<\/strong> Que tu sois passionn\u00e9 par les domaines de la sant\u00e9 et du sport ou simplement curieux, tu trouveras forc\u00e9ment ton bonheur parmi toutes les oeuvres propos\u00e9es. Tu pourras aussi rencontrer\u00a0<strong>12 auteurs<\/strong>\u00a0dont\u00a0<strong>David Deneufgermain,\u00a0<\/strong>qui a \u00e9t\u00e9\u00a0<strong>s\u00e9lectionn\u00e9 au Prix Goncourt\u00a0<\/strong>(la classe). L\u2019occaz\u2019 de faire\u00a0<strong>d\u00e9dicacer<\/strong>\u00a0tes nouvelles p\u00e9pites, d\u2019<strong>\u00e9changer<\/strong>\u00a0avec eux et d\u2019<strong>\u00e9couter les conf\u00e9rences\u00a0<\/strong>qui auront lieu tout au long de la journ\u00e9e.<\/p>\n<ul class=\"wp-block-list\">\n<li>Samedi 13<\/li>\n<li>10h-18h<\/li>\n<li>Gratuit<\/li>\n<li>R\u00e9servation <a href=\"https:\/\/www.150ans-ufr3s-univ-lille.fr\/index.php?mact=LISETempsFort,cntnt01,detail,0&amp;cntnt01item=corps_en_lettres_000002&amp;cntnt01template_summary=STempsFort&amp;cntnt01detailpage=details-temps-forts&amp;cntnt01returnid=46\" target=\"_blank\" rel=\"noopener\">ici<\/a><\/li>\n<li>L\u2019\u00c9cole Sup\u00e9rieure de Journalisme, 50 rue Gauthier de Ch\u00e2tillon, Lille<\/li>\n<\/ul>\n<p><img loading=\"lazy\" decoding=\"async\" width=\"512\" height=\"640\" data-id=\"127406\" src=\"https:\/\/www.europesays.com\/fr\/wp-content\/uploads\/2025\/12\/salon-du-livre.jpeg\" alt=\"Salon du Livre \u00e0 Lille\" class=\"wp-image-127406\"  \/><\/p>\n<p><img loading=\"lazy\" decoding=\"async\" width=\"1024\" height=\"1024\" data-id=\"27505\" src=\"https:\/\/www.europesays.com\/fr\/wp-content\/uploads\/2025\/12\/salon-du-livre-scaled-e1700677896646-1024x1024.jpeg\" alt=\"salon du livre  \u00e0 Lille\" class=\"wp-image-27505\"  \/><\/p>\n<p>The Fabulous Bal Swing<\/p>\n<p>Dans le cadre des\u00a0<strong>bals \u00e0 Fives<\/strong>, l\u2019asso de danse<strong>\u00a0L\u2019\u00eelot Balboa et les n\u00e9buleuses prod\u00a0<\/strong>t\u2019ont pr\u00e9par\u00e9 un<strong>\u00a0gros bal swing<\/strong>. \ud83d\udc83\ud83c\udffcTu vas voyager dans les\u00a0<strong>ann\u00e9es 20\u2032, 30\u2032<\/strong>\u00a0avec des<strong>\u00a0initiations \u00e0 la danse solo jazz \u00e0 20h.\u00a0<\/strong>\u00c0 partir de\u00a0<strong>21h<\/strong>, tu pourras faire tes meilleurs pas de danse et pour t\u2019ambiancer il y aura\u00a0<strong>un jazz swing live\u00a0<\/strong>avec\u00a0<strong>The Swing birds<\/strong>\u00a0et un DJ set de<strong>\u00a0DJ Gatsby<\/strong>. Oh et le<strong>\u00a0dress code<\/strong>\u00a0c\u2019est :\u00a0<strong>Ann\u00e9es folles, Gatsby et paillettes.<\/strong>\u00a0Donc si tu as des plumes, une robe volante, un costard ou des strass, c\u2019est le moment de les sortir du placard. En +,\u00a0<strong>une boisson est offerte aux personnes qui ont le meilleur costume<\/strong>. \ud83d\ude42<\/p>\n<ul class=\"wp-block-list\">\n<li>Samedi 13 <\/li>\n<li>19h30-0h<\/li>\n<li>\u00c0 partir de 3\u20ac<\/li>\n<li>R\u00e9servation <a href=\"https:\/\/www.vivaticket.com\/fr\/ticket\/bal-a-fives\/1203\" target=\"_blank\" rel=\"noopener\">ici<\/a><\/li>\n<li>Salle des F\u00eates de Fives, 91 rue de Lannoy, Lille<\/li>\n<\/ul>\n<p><img loading=\"lazy\" decoding=\"async\" width=\"640\" height=\"427\" src=\"https:\/\/www.europesays.com\/fr\/wp-content\/uploads\/2025\/12\/the-fabulous-bal-swing-moyenne.jpeg\" alt=\"the fabulous bal swing moyenne\" class=\"wp-image-127404\" style=\"width:565px;height:auto\"  \/>the fabulous bal swing moyenne<\/p>\n<p><strong>Vinyl Market<\/strong> <\/p>\n<p>Pour ajouter de nouvelles p\u00e9pites \u00e0 ta collection, il y a un\u00a0<strong>Vinyl Market<\/strong>\u00a0au\u00a0<strong>Berthom.<\/strong> Entre\u00a0<strong>Rock<\/strong>,\u00a0<strong>Jazz<\/strong>,\u00a0<strong>Funk<\/strong>,\u00a0<strong>Hard Rock<\/strong>,\u00a0<strong>New Wave<\/strong>,\u00a0<strong>Reggae\u00a0<\/strong>ou encore\u00a0<strong>Hip-Hop<\/strong>, tu trouveras ton bonheur parmi les\u00a0<strong>5000<\/strong> <strong>vinyles<\/strong>\u00a0dispos.<\/p>\n<ul class=\"wp-block-list\">\n<li>Dimanche 14 <\/li>\n<li>11h-17h<\/li>\n<li>Gratuit, sans r\u00e9servation<\/li>\n<li>Les Berthom, 2 rue de Maubeuge, Lille<\/li>\n<\/ul>\n<p><img loading=\"lazy\" decoding=\"async\" width=\"960\" height=\"640\" src=\"https:\/\/www.europesays.com\/fr\/wp-content\/uploads\/2025\/06\/photo-illustre-paris-vinyl-sale-960x640-1.jpg\" alt=\"photo illustre paris vinyl sale 960x640\" class=\"wp-image-119210\" style=\"width:536px;height:auto\"  \/>\u00a9actu.fr<\/p>\n<p><strong>March\u00e9 de cr\u00e9ateurs <\/strong><\/p>\n<p>Pour d\u00e9couvrir des cr\u00e9ateurs et d\u00e9nicher des p\u00e9pites uniques, direction le<strong>\u00a0Bazaar St-So<\/strong>. Pour la 6e \u00e9dition de son<strong>\u00a0march\u00e9 de cr\u00e9ateurs,<\/strong>\u00a0le\u00a0<strong>Bazaar\u00a0<\/strong>s\u2019associe au\u00a0<strong>Grand Bassin.<\/strong>\u00a0<strong>Bijoux,<\/strong>\u00a0<strong>c\u00e9ramiques<\/strong>,<strong>\u00a0illustrations<\/strong>,\u00a0<strong>peintures<\/strong>,\u00a0<strong>mode<\/strong>,\u00a0<strong>design,<\/strong>\u00a0<strong>papeterie<\/strong>\u2026 Tu auras l\u2019embarras du choix.<\/p>\n<ul class=\"wp-block-list\">\n<li>Dimanche 14 <\/li>\n<li>10h-19h<\/li>\n<li>Gratuit, sans r\u00e9servation <\/li>\n<li>Bazaar St-So, 292 rue Camille Gu\u00e9rin, Lille<\/li>\n<\/ul>\n<p><img loading=\"lazy\" decoding=\"async\" width=\"640\" height=\"406\" data-id=\"127396\" src=\"https:\/\/www.europesays.com\/fr\/wp-content\/uploads\/2025\/12\/oh-bazaar-moyenne.jpeg\" alt=\"Oh Bazaar \u00e0 Lille\" class=\"wp-image-127396\"  \/><\/p>\n<p><img loading=\"lazy\" decoding=\"async\" width=\"512\" height=\"640\" data-id=\"127395\" src=\"https:\/\/www.europesays.com\/fr\/wp-content\/uploads\/2025\/12\/ohbazaar_publication_1080x1350px_cadeau-3-moyenne.jpeg\" alt=\"ohbazaar publication 1080x1350px cadeau (3) moyenne\" class=\"wp-image-127395\"  \/><\/p>\n<p>\t\t\t\t<script async src=\"\/\/www.instagram.com\/embed.js\"><\/script><\/p>\n","protected":false},"excerpt":{"rendered":"Qui dit nouvelle semaine, dit nouveaux \u00e9v\u00e9nements \u00e0 Lille et aux alentours. Au programme : un festival des&hellip;\n","protected":false},"author":2,"featured_media":580472,"comment_status":"","ping_status":"","sticky":false,"template":"","format":"standard","meta":{"footnotes":""},"categories":[2815],"tags":[1111,11,1777,674,1011,27,811,1307,12,25],"class_list":{"0":"post-580471","1":"post","2":"type-post","3":"status-publish","4":"format-standard","5":"has-post-thumbnail","7":"category-lille","8":"tag-actu","9":"tag-actualites","10":"tag-eu","11":"tag-europe","12":"tag-fr","13":"tag-france","14":"tag-hauts-de-france","15":"tag-lille","16":"tag-news","17":"tag-republique-francaise"},"share_on_mastodon":{"url":"https:\/\/pubeurope.com\/@fr\/115668510432736560","error":""},"_links":{"self":[{"href":"https:\/\/www.europesays.com\/fr\/wp-json\/wp\/v2\/posts\/580471","targetHints":{"allow":["GET"]}}],"collection":[{"href":"https:\/\/www.europesays.com\/fr\/wp-json\/wp\/v2\/posts"}],"about":[{"href":"https:\/\/www.europesays.com\/fr\/wp-json\/wp\/v2\/types\/post"}],"author":[{"embeddable":true,"href":"https:\/\/www.europesays.com\/fr\/wp-json\/wp\/v2\/users\/2"}],"replies":[{"embeddable":true,"href":"https:\/\/www.europesays.com\/fr\/wp-json\/wp\/v2\/comments?post=580471"}],"version-history":[{"count":0,"href":"https:\/\/www.europesays.com\/fr\/wp-json\/wp\/v2\/posts\/580471\/revisions"}],"wp:featuredmedia":[{"embeddable":true,"href":"https:\/\/www.europesays.com\/fr\/wp-json\/wp\/v2\/media\/580472"}],"wp:attachment":[{"href":"https:\/\/www.europesays.com\/fr\/wp-json\/wp\/v2\/media?parent=580471"}],"wp:term":[{"taxonomy":"category","embeddable":true,"href":"https:\/\/www.europesays.com\/fr\/wp-json\/wp\/v2\/categories?post=580471"},{"taxonomy":"post_tag","embeddable":true,"href":"https:\/\/www.europesays.com\/fr\/wp-json\/wp\/v2\/tags?post=580471"}],"curies":[{"name":"wp","href":"https:\/\/api.w.org\/{rel}","templated":true}]}}