{"id":580473,"date":"2025-12-05T19:00:21","date_gmt":"2025-12-05T19:00:21","guid":{"rendered":"https:\/\/www.europesays.com\/fr\/580473\/"},"modified":"2025-12-05T19:00:21","modified_gmt":"2025-12-05T19:00:21","slug":"marseille-trois-policiers-de-la-bac-nord-passes-a-tabac-en-marge-dune-interpellation","status":"publish","type":"post","link":"https:\/\/www.europesays.com\/fr\/580473\/","title":{"rendered":"Marseille : trois policiers de la BAC Nord pass\u00e9s \u00e0 tabac en marge d&rsquo;une interpellation"},"content":{"rendered":"<p>                                            Faits divers\n                                                                            <\/p>\n<p>\n                                            Trois policiers de la BAC ont \u00e9t\u00e9 bless\u00e9s mercredi 3 d\u00e9cembre dans la cit\u00e9 de la Castellane, \u00e0 Marseille. Ils ont \u00e9t\u00e9 frapp\u00e9s par des individus venus en aide \u00e0 une personne qu&rsquo;ils interpellaient.                                        <\/p>\n<p>                                                Publi\u00e9 le 5 d\u00e9cembre 2025 \u00e0 18h38                                                                                            <\/p>\n<p>                                            <img loading=\"lazy\" width=\"1024\" height=\"683\" src=\"https:\/\/www.europesays.com\/fr\/wp-content\/uploads\/2025\/12\/SIPA_01110142_000017-1-1.jpg\" class=\"attachment-post-thumbnail size-post-thumbnail wp-post-image\" alt=\"Trois policiers de la BAC ont \u00e9t\u00e9 bless\u00e9s \u00e0 Marseille, dans la cit\u00e9 de la Castellane. Photo d'illustration \u00a9 FRED SCHEIBER\/SIPA\" decoding=\"async\"  \/><\/p>\n<p>                                            Trois policiers de la BAC ont \u00e9t\u00e9 bless\u00e9s \u00e0 Marseille, dans la cit\u00e9 de la Castellane. Photo d&rsquo;illustration \u00a9 FRED SCHEIBER\/SIPA<\/p>\n<p>\u00ab\u00a0Nos coll\u00e8gues de la BAC Nord ont voulu proc\u00e9der \u00e0 un contr\u00f4le de police qui a finalement d\u00e9g\u00e9n\u00e9r\u00e9\u00a0\u00bb, a expliqu\u00e9 le d\u00e9l\u00e9gu\u00e9 syndical Unit\u00e9 Police secteur division nord, Arnaud Blaise, <a href=\"https:\/\/www.cnews.fr\/france\/2025-12-05\/un-controle-de-police-qui-degenere-trois-policiers-passes-tabac-lors-dune\" target=\"_blank\" rel=\"nofollow noopener\">au micro de CNews<\/a>. Mercredi soir 3 d\u00e9cembre, trois policiers de l\u2019unit\u00e9 proc\u00e9daient \u00e0 une interpellation dans la cit\u00e9 de la Castellane, <a href=\"https:\/\/www.valeursactuelles.com\/culture\/un-vignoble-grec-antique-decouvert-sous-les-quartiers-nord-a-marseille\" target=\"_blank\" rel=\"noopener\">dans les quartiers nord<\/a>, dans le XVIe arrondissement de Marseille. Avant d\u2019\u00eatre pris \u00e0 partie.<\/p>\n<p><a href=\"https:\/\/www.valeursactuelles.com\/societe\/les-gens-ne-veulent-plus-venir-le-site-orange-ferme-ses-portes-a-cause-de-linsecurite-dans-un-quartier-a-marseille\" class=\"h-flex h-align-items-center h-border-tb h-ptb-15\" target=\"_blank\" rel=\"noopener\">A\u00a0LIRE\u00a0\u00ab\u00a0Les gens ne veulent plus venir\u00a0\u00bb : le site Orange ferme ses portes \u00e0 cause de l\u2019ins\u00e9curit\u00e9 dans un quartier \u00e0 Marseille<\/a>\u00ab\u00a0L\u2019individu qui \u00e9tait contr\u00f4l\u00e9 a essay\u00e9 d\u2019ameuter ses camarades\u00a0\u00bb<\/p>\n<p>\u00ab\u00a0On se trouvait sur un point de deal. L\u2019individu qui \u00e9tait contr\u00f4l\u00e9 a essay\u00e9 d\u2019ameuter ses camarades. Et \u00e0 partir de l\u00e0, ils ont voulu extraire l\u2019individu interpell\u00e9.\u00a0\u00bb Pour lui venir en aide, une dizaine de personnes ont ass\u00e9n\u00e9 plusieurs coups aux trois policiers. Ces derniers sont parvenus \u00e0 se servir de leur grenade lacrymog\u00e8ne pour se d\u00e9fendre.<\/p>\n<p>CNews ajoute que si <a href=\"https:\/\/www.valeursactuelles.com\/clubvaleurs\/politique\/marseille-martine-vassal-nous-mettrons-en-place-une-brigade-anticriminalite-municipale\" target=\"_blank\" rel=\"noopener\">ces agents de la BAC Nord<\/a> ont \u00e9t\u00e9 bless\u00e9s, leur \u00e9tat n\u2019a pas n\u00e9cessit\u00e9 de prise en charge des marins-pompiers. \u00c0 l\u2019issue de l\u2019op\u00e9ration, des armes ont \u00e9t\u00e9 d\u00e9couvertes \u00e0 proximit\u00e9 du point de deal et deux individus ont \u00e9t\u00e9 interpell\u00e9s.<\/p>\n<p><a href=\"https:\/\/www.valeursactuelles.com\/clubvaleurs\/faits-divers\/assassinat-de-mehdi-kessaci-a-marseille-le-narcohomicide-de-trop\" class=\"h-flex h-align-items-center h-border-tb h-ptb-15\" target=\"_blank\" rel=\"noopener\">A\u00a0LIRE\u00a0Assassinat de Mehdi Kessaci \u00e0 Marseille : le narcohomicide de trop ?<\/a>                                                                    <\/p>\n","protected":false},"excerpt":{"rendered":"Faits divers Trois policiers de la BAC ont \u00e9t\u00e9 bless\u00e9s mercredi 3 d\u00e9cembre dans la cit\u00e9 de la&hellip;\n","protected":false},"author":2,"featured_media":580474,"comment_status":"","ping_status":"","sticky":false,"template":"","format":"standard","meta":{"footnotes":""},"categories":[2814],"tags":[1111,11,69446,885,28939,1777,674,1011,27,884,12,882,10782,25],"class_list":{"0":"post-580473","1":"post","2":"type-post","3":"status-publish","4":"format-standard","5":"has-post-thumbnail","7":"category-marseille","8":"tag-actu","9":"tag-actualites","10":"tag-bac-nord","11":"tag-bouches-du-rhone","12":"tag-brigade-anticriminalite","13":"tag-eu","14":"tag-europe","15":"tag-fr","16":"tag-france","17":"tag-marseille","18":"tag-news","19":"tag-provence-alpes-cote-dazur","20":"tag-quartiers-nord","21":"tag-republique-francaise"},"share_on_mastodon":{"url":"https:\/\/pubeurope.com\/@fr\/115668509401932218","error":""},"_links":{"self":[{"href":"https:\/\/www.europesays.com\/fr\/wp-json\/wp\/v2\/posts\/580473","targetHints":{"allow":["GET"]}}],"collection":[{"href":"https:\/\/www.europesays.com\/fr\/wp-json\/wp\/v2\/posts"}],"about":[{"href":"https:\/\/www.europesays.com\/fr\/wp-json\/wp\/v2\/types\/post"}],"author":[{"embeddable":true,"href":"https:\/\/www.europesays.com\/fr\/wp-json\/wp\/v2\/users\/2"}],"replies":[{"embeddable":true,"href":"https:\/\/www.europesays.com\/fr\/wp-json\/wp\/v2\/comments?post=580473"}],"version-history":[{"count":0,"href":"https:\/\/www.europesays.com\/fr\/wp-json\/wp\/v2\/posts\/580473\/revisions"}],"wp:featuredmedia":[{"embeddable":true,"href":"https:\/\/www.europesays.com\/fr\/wp-json\/wp\/v2\/media\/580474"}],"wp:attachment":[{"href":"https:\/\/www.europesays.com\/fr\/wp-json\/wp\/v2\/media?parent=580473"}],"wp:term":[{"taxonomy":"category","embeddable":true,"href":"https:\/\/www.europesays.com\/fr\/wp-json\/wp\/v2\/categories?post=580473"},{"taxonomy":"post_tag","embeddable":true,"href":"https:\/\/www.europesays.com\/fr\/wp-json\/wp\/v2\/tags?post=580473"}],"curies":[{"name":"wp","href":"https:\/\/api.w.org\/{rel}","templated":true}]}}