{"id":580477,"date":"2025-12-05T19:04:12","date_gmt":"2025-12-05T19:04:12","guid":{"rendered":"https:\/\/www.europesays.com\/fr\/580477\/"},"modified":"2025-12-05T19:04:12","modified_gmt":"2025-12-05T19:04:12","slug":"les-parents-deleves-font-des-rondes-pres-de-cette-cite-scolaire","status":"publish","type":"post","link":"https:\/\/www.europesays.com\/fr\/580477\/","title":{"rendered":"les parents d\u2019\u00e9l\u00e8ves font des rondes pr\u00e8s de cette cit\u00e9 scolaire"},"content":{"rendered":"<p>La Cit\u00e9 scolaire internationale (CSI) Lyon, ce sont 2\u00a0000 \u00e9l\u00e8ves r\u00e9partis sur un m\u00eame site en \u00e9l\u00e9mentaire, coll\u00e8ge et lyc\u00e9e. Situ\u00e9\u00a0dans le quartier de Gerland, place Montr\u00e9al, l\u2019\u00e9tablissement permet aux \u00e9l\u00e8ves de suivre une scolarit\u00e9 dans l\u2019une des dix sections internationales et jouit d\u2019une notori\u00e9t\u00e9 sans faille. Depuis des ann\u00e9es, il se place dans les premi\u00e8res places du classement rhodanien avec un taux de r\u00e9ussite au bac frisant chaque ann\u00e9e les 100\u00a0%.<\/p>\n<p>Mais cette ann\u00e9e, et pour la seconde fois, les parents d\u2019\u00e9l\u00e8ves montrent leur m\u00e9contentement. En ao\u00fbt dernier, c\u2019\u00e9tait pour une d\u00e9cision budg\u00e9taire de l\u2019\u00e9tablissement.\u00a0Aujourd\u2019hui, \u00ab\u00a0c\u2019est l\u2019ins\u00e9curit\u00e9 qui r\u00e8gne autour de la Cit\u00e9 scolaire qui nous inqui\u00e8te vraiment\u00a0\u00bb, d\u00e9clare l\u2019un d\u2019entre eux.<\/p>\n<p><strong>&gt;&gt;\u00a0<a href=\"https:\/\/www.leprogres.fr\/education\/2025\/08\/28\/dans-ce-lycee-de-lyon-les-parents-devront-ils-payer-pour-des-enseignements-obligatoires\" target=\"_blank\" rel=\"noopener\">Dans ce lyc\u00e9e de Lyon, les parents devront-ils payer pour des enseignements obligatoires\u00a0?<\/a><\/strong><\/p>\n<p>\u00ab\u00a0Jet\u00e9 \u00e0 terre, il a eu le r\u00e9flexe d\u2019appeler \u00e0 l\u2019aide\u00a0\u00bb<\/p>\n<p>Son fils,&#8230;<\/p>\n","protected":false},"excerpt":{"rendered":"La Cit\u00e9 scolaire internationale (CSI) Lyon, ce sont 2\u00a0000 \u00e9l\u00e8ves r\u00e9partis sur un m\u00eame site en \u00e9l\u00e9mentaire, coll\u00e8ge&hellip;\n","protected":false},"author":2,"featured_media":580478,"comment_status":"","ping_status":"","sticky":false,"template":"","format":"standard","meta":{"footnotes":""},"categories":[1889],"tags":[1111,11,2430,3599,271,272,2757,1057,1777,674,274,107,1011,27,2428,2756,10425,12,25,2429,3151],"class_list":{"0":"post-580477","1":"post","2":"type-post","3":"status-publish","4":"format-standard","5":"has-post-thumbnail","7":"category-lyon","8":"tag-actu","9":"tag-actualites","10":"tag-auvergne-rhone-alpes","11":"tag-college-lycee","12":"tag-crime","13":"tag-delit-et-contravention","14":"tag-edition-lyon-villeurbanne","15":"tag-education","16":"tag-eu","17":"tag-europe","18":"tag-faits-divers-justice","19":"tag-fil-info","20":"tag-fr","21":"tag-france","22":"tag-lyon","23":"tag-lyon-bassin","24":"tag-maternelle-elementaire","25":"tag-news","26":"tag-republique-francaise","27":"tag-rhone","28":"tag-selection-de-la-redaction-69"},"share_on_mastodon":{"url":"https:\/\/pubeurope.com\/@fr\/115668521046108710","error":""},"_links":{"self":[{"href":"https:\/\/www.europesays.com\/fr\/wp-json\/wp\/v2\/posts\/580477","targetHints":{"allow":["GET"]}}],"collection":[{"href":"https:\/\/www.europesays.com\/fr\/wp-json\/wp\/v2\/posts"}],"about":[{"href":"https:\/\/www.europesays.com\/fr\/wp-json\/wp\/v2\/types\/post"}],"author":[{"embeddable":true,"href":"https:\/\/www.europesays.com\/fr\/wp-json\/wp\/v2\/users\/2"}],"replies":[{"embeddable":true,"href":"https:\/\/www.europesays.com\/fr\/wp-json\/wp\/v2\/comments?post=580477"}],"version-history":[{"count":0,"href":"https:\/\/www.europesays.com\/fr\/wp-json\/wp\/v2\/posts\/580477\/revisions"}],"wp:featuredmedia":[{"embeddable":true,"href":"https:\/\/www.europesays.com\/fr\/wp-json\/wp\/v2\/media\/580478"}],"wp:attachment":[{"href":"https:\/\/www.europesays.com\/fr\/wp-json\/wp\/v2\/media?parent=580477"}],"wp:term":[{"taxonomy":"category","embeddable":true,"href":"https:\/\/www.europesays.com\/fr\/wp-json\/wp\/v2\/categories?post=580477"},{"taxonomy":"post_tag","embeddable":true,"href":"https:\/\/www.europesays.com\/fr\/wp-json\/wp\/v2\/tags?post=580477"}],"curies":[{"name":"wp","href":"https:\/\/api.w.org\/{rel}","templated":true}]}}