{"id":580479,"date":"2025-12-05T19:05:14","date_gmt":"2025-12-05T19:05:14","guid":{"rendered":"https:\/\/www.europesays.com\/fr\/580479\/"},"modified":"2025-12-05T19:05:14","modified_gmt":"2025-12-05T19:05:14","slug":"apres-la-cabale-de-lextreme-droite-un-festival-antifasciste-prive-de-pass-culture-liberation","status":"publish","type":"post","link":"https:\/\/www.europesays.com\/fr\/580479\/","title":{"rendered":"apr\u00e8s la cabale de l\u2019extr\u00eame droite, un festival antifasciste priv\u00e9 de Pass culture \u2013 Lib\u00e9ration"},"content":{"rendered":"<p class=\"sc-cPiKLX AiZTS text-element\">Laurent Wauquiez en r\u00eavait, le Rassemblement national l\u2019a fait. A Lyon, l\u2019\u00e9dition 2025 de l\u2019Antifa Fest fait de nouveau les choux gras de l\u2019extr\u00eame droite, avec une r\u00e9sonance in\u00e9dite en douze ans d\u2019existence : l\u2019achat des tickets d\u2019entr\u00e9e de ses deux soir\u00e9es de concerts programm\u00e9es jeudi 11 et vendredi 12 d\u00e9cembre a \u00e9t\u00e9 bloqu\u00e9 sur la plateforme du Pass culture. Pilot\u00e9e par le minist\u00e8re de la Culture, cette application offre aux jeunes de 15 \u00e0 21 ans un cr\u00e9dit pour assister \u00e0 des spectacles, des s\u00e9ances de cin\u00e9ma, des ateliers artistiques, se rendre au mus\u00e9e ou dans des expositions, acheter des livres, de la musique ou d\u2019autres biens culturels.<\/p>\n","protected":false},"excerpt":{"rendered":"Laurent Wauquiez en r\u00eavait, le Rassemblement national l\u2019a fait. A Lyon, l\u2019\u00e9dition 2025 de l\u2019Antifa Fest fait de&hellip;\n","protected":false},"author":2,"featured_media":580480,"comment_status":"","ping_status":"","sticky":false,"template":"","format":"standard","meta":{"footnotes":""},"categories":[1889],"tags":[1111,11,2430,1777,674,1076,1011,27,2428,12,25],"class_list":{"0":"post-580479","1":"post","2":"type-post","3":"status-publish","4":"format-standard","5":"has-post-thumbnail","7":"category-lyon","8":"tag-actu","9":"tag-actualites","10":"tag-auvergne-rhone-alpes","11":"tag-eu","12":"tag-europe","13":"tag-extreme-droite","14":"tag-fr","15":"tag-france","16":"tag-lyon","17":"tag-news","18":"tag-republique-francaise"},"share_on_mastodon":{"url":"https:\/\/pubeurope.com\/@fr\/115668524860255293","error":""},"_links":{"self":[{"href":"https:\/\/www.europesays.com\/fr\/wp-json\/wp\/v2\/posts\/580479","targetHints":{"allow":["GET"]}}],"collection":[{"href":"https:\/\/www.europesays.com\/fr\/wp-json\/wp\/v2\/posts"}],"about":[{"href":"https:\/\/www.europesays.com\/fr\/wp-json\/wp\/v2\/types\/post"}],"author":[{"embeddable":true,"href":"https:\/\/www.europesays.com\/fr\/wp-json\/wp\/v2\/users\/2"}],"replies":[{"embeddable":true,"href":"https:\/\/www.europesays.com\/fr\/wp-json\/wp\/v2\/comments?post=580479"}],"version-history":[{"count":0,"href":"https:\/\/www.europesays.com\/fr\/wp-json\/wp\/v2\/posts\/580479\/revisions"}],"wp:featuredmedia":[{"embeddable":true,"href":"https:\/\/www.europesays.com\/fr\/wp-json\/wp\/v2\/media\/580480"}],"wp:attachment":[{"href":"https:\/\/www.europesays.com\/fr\/wp-json\/wp\/v2\/media?parent=580479"}],"wp:term":[{"taxonomy":"category","embeddable":true,"href":"https:\/\/www.europesays.com\/fr\/wp-json\/wp\/v2\/categories?post=580479"},{"taxonomy":"post_tag","embeddable":true,"href":"https:\/\/www.europesays.com\/fr\/wp-json\/wp\/v2\/tags?post=580479"}],"curies":[{"name":"wp","href":"https:\/\/api.w.org\/{rel}","templated":true}]}}