{"id":580483,"date":"2025-12-05T19:08:12","date_gmt":"2025-12-05T19:08:12","guid":{"rendered":"https:\/\/www.europesays.com\/fr\/580483\/"},"modified":"2025-12-05T19:08:12","modified_gmt":"2025-12-05T19:08:12","slug":"trois-policiers-blesses-et-sept-interpellations-une-enquete-ouverte","status":"publish","type":"post","link":"https:\/\/www.europesays.com\/fr\/580483\/","title":{"rendered":"trois policiers bless\u00e9s et sept interpellations, une enqu\u00eate ouverte"},"content":{"rendered":"<p>                    Par<br \/>\n        <strong><br \/>\n            <a href=\"https:\/\/actu.fr\/auteur\/redaction-paris\" title=\"Consulter tous les articles de R\u00e9daction Paris\" target=\"_blank\" rel=\"noopener\">R\u00e9daction Paris<\/a><br \/>\n                    <\/strong><\/p>\n<p>        Publi\u00e9 le<\/p>\n<p>            5 d\u00e9c. 2025 \u00e0 19h03        <\/p>\n<p>Une enqu\u00eate a \u00e9t\u00e9 ouverte pour \u00ab\u00a0identifier le ou les auteurs\u00a0\u00bb qui ont l\u00e9g\u00e8rement bless\u00e9 trois policiers lors de la<strong> \u00ab\u00a0Nuit du bien commun\u00a0\u00bb<\/strong> organis\u00e9e par le milliardaire conservateur Pierre-Edouard St\u00e9rin aux Folies Berg\u00e8re \u00e0 Paris (9e), a indiqu\u00e9 vendredi 5 d\u00e9cembre 2025 la pr\u00e9fecture de police de Paris \u00e0 l\u2019AFP.<\/p>\n<p>Un rassemblement \u00ab\u00a0d\u00e9clar\u00e9\u00a0\u00bb \u00e0 c\u00f4t\u00e9<\/p>\n<p class=\" wall-content\"><strong>Trois policiers ont \u00e9t\u00e9 l\u00e9g\u00e8rement bless\u00e9s<\/strong> jeudi soir lors de tirs de mortiers d\u2019artifice depuis le toit de la salle et <strong>sept personnes ont ensuite \u00e9t\u00e9 interpell\u00e9es<\/strong> \u00ab\u00a0pour d\u00e9gradations, r\u00e9bellion et participation en vue de commettre des d\u00e9lits\u00a0\u00bb, a d\u00e9taill\u00e9 la pr\u00e9fecture de police. Fond\u00e9 en 2017, le gala de collecte de dons \u00ab\u00a0Nuit du bien commun\u00a0\u00bb \u00e9tait organis\u00e9 dans le centre de Paris et environ 450 personnes \u00e9taient pr\u00e9sentes.<\/p>\n<p class=\" wall-content\">En parall\u00e8le, un rassemblement, \u00ab\u00a0d\u00e9clar\u00e9\u00a0\u00bb a pr\u00e9cis\u00e9 la pr\u00e9fecture de police, a \u00e9galement eu lieu \u00e0 proximit\u00e9 de la c\u00e9l\u00e8bre salle de spectacle parisienne, \u00e0 l\u2019appel de plusieurs organisations syndicales et collectifs oppos\u00e9s \u00e0 cet \u00e9v\u00e9nement.\u00a0\u00ab\u00a0Un dispositif de police \u00e9tait mis en place pour permettre l\u2019acc\u00e8s du public \u00e0 la salle de spectacle et s\u00e9curiser la manifestation d\u00e9clar\u00e9e\u00a0\u00bb, explique encore l\u2019instance. Or, selon la pr\u00e9fecture de police, vers 21h, \u00ab\u00a0des incidents ont \u00e9t\u00e9 signal\u00e9s par le service de s\u00e9curit\u00e9 de la salle de spectacle\u00a0\u00bb et trois personnes ont \u00e9t\u00e9 remises aux forces de l\u2019ordre \u00ab\u00a0pour jets de boules naus\u00e9abondes \u00e0 l\u2019int\u00e9rieur de la salle\u00a0\u00bb.<\/p>\n<p class=\" wall-content\">Un peu plus tard, une quarantaine de personnes, masqu\u00e9es et v\u00eatues de noir \u00ab\u00a0pour la plupart\u00a0\u00bb, se sont regroup\u00e9es avant de tenter de <strong>dresser une barricade<\/strong> \u00e0 l\u2019aide de barri\u00e8res et d\u2019allumer des feux. Sept autres personnes ont alors \u00e9t\u00e9 interpell\u00e9es avant que le calme ne revienne \u00e0 23h30.<\/p>\n<p class=\" wall-content\">Avec AFP<\/p>\n<p class=\" wall-content\">Personnalisez votre actualit\u00e9 en ajoutant vos villes et m\u00e9dias en favori avec <a href=\"https:\/\/moncompte.actu.fr\" title=\"D\u00e9couvez Mon Actu\" rel=\"nofollow noopener\" data-trk=\"{&quot;cta&quot;:{&quot;action&quot;:&quot;https:\\\/\\\/moncompte.actu.fr&quot;,&quot;category&quot;:&quot;mon compte&quot;,&quot;from&quot;:&quot;article footer&quot;,&quot;name&quot;:&quot;Mon actu&quot;,&quot;type&quot;:&quot;cta&quot;}}\" target=\"_blank\">Mon Actu<\/a>.<\/p>\n","protected":false},"excerpt":{"rendered":"Par R\u00e9daction Paris Publi\u00e9 le 5 d\u00e9c. 2025 \u00e0 19h03 Une enqu\u00eate a \u00e9t\u00e9 ouverte pour \u00ab\u00a0identifier le&hellip;\n","protected":false},"author":2,"featured_media":580484,"comment_status":"","ping_status":"","sticky":false,"template":"","format":"standard","meta":{"footnotes":""},"categories":[1888],"tags":[1111,1928,11,1927,1777,674,118,1011,27,12,1926,626,1925,1931,25],"class_list":{"0":"post-580483","1":"post","2":"type-post","3":"status-publish","4":"format-standard","5":"has-post-thumbnail","7":"category-paris","8":"tag-actu","9":"tag-actu-paris","10":"tag-actualites","11":"tag-actualites-paris","12":"tag-eu","13":"tag-europe","14":"tag-faits-divers","15":"tag-fr","16":"tag-france","17":"tag-news","18":"tag-news-paris","19":"tag-paris","20":"tag-paris-news","21":"tag-prefecture-de-police-de-paris","22":"tag-republique-francaise"},"share_on_mastodon":{"url":"https:\/\/pubeurope.com\/@fr\/115668536970757218","error":""},"_links":{"self":[{"href":"https:\/\/www.europesays.com\/fr\/wp-json\/wp\/v2\/posts\/580483","targetHints":{"allow":["GET"]}}],"collection":[{"href":"https:\/\/www.europesays.com\/fr\/wp-json\/wp\/v2\/posts"}],"about":[{"href":"https:\/\/www.europesays.com\/fr\/wp-json\/wp\/v2\/types\/post"}],"author":[{"embeddable":true,"href":"https:\/\/www.europesays.com\/fr\/wp-json\/wp\/v2\/users\/2"}],"replies":[{"embeddable":true,"href":"https:\/\/www.europesays.com\/fr\/wp-json\/wp\/v2\/comments?post=580483"}],"version-history":[{"count":0,"href":"https:\/\/www.europesays.com\/fr\/wp-json\/wp\/v2\/posts\/580483\/revisions"}],"wp:featuredmedia":[{"embeddable":true,"href":"https:\/\/www.europesays.com\/fr\/wp-json\/wp\/v2\/media\/580484"}],"wp:attachment":[{"href":"https:\/\/www.europesays.com\/fr\/wp-json\/wp\/v2\/media?parent=580483"}],"wp:term":[{"taxonomy":"category","embeddable":true,"href":"https:\/\/www.europesays.com\/fr\/wp-json\/wp\/v2\/categories?post=580483"},{"taxonomy":"post_tag","embeddable":true,"href":"https:\/\/www.europesays.com\/fr\/wp-json\/wp\/v2\/tags?post=580483"}],"curies":[{"name":"wp","href":"https:\/\/api.w.org\/{rel}","templated":true}]}}