{"id":580491,"date":"2025-12-05T19:12:15","date_gmt":"2025-12-05T19:12:15","guid":{"rendered":"https:\/\/www.europesays.com\/fr\/580491\/"},"modified":"2025-12-05T19:12:15","modified_gmt":"2025-12-05T19:12:15","slug":"la-russie-menace-lue-de-consequences-considerables-en-cas-de-recours-a-ses-avoirs-geles-pour-aider-a-lukraine","status":"publish","type":"post","link":"https:\/\/www.europesays.com\/fr\/580491\/","title":{"rendered":"la Russie menace l&rsquo;UE de \u00ab\u00a0cons\u00e9quences consid\u00e9rables\u00a0\u00bb en cas de recours \u00e0 ses avoirs gel\u00e9s pour aider \u00e0 l&rsquo;Ukraine"},"content":{"rendered":"<p>L&rsquo;ambassadeur de Russie \u00e0 Berlin tente de faire obstacle au recours aux avoirs russes gel\u00e9s en Europe pour financer l&rsquo;Ukraine, alors que le chancelier allemand se rend en Belgique pour en discuter avec son homologue Bart De Wever.<\/p>\n<p>Le <a href=\"https:\/\/www.bfmtv.com\/economie\/economie-social\/union-europeenne\/comment-utiliser-les-235-milliards-d-euros-d-avoirs-russes-geles-sans-les-confisquer-l-ue-a-une-solution-elle-va-preter-l-essentiel-a-l-ukraine-qui-devra-plus-tard-rembourser_AN-202509180409.html\" title=\"Comment utiliser les 235 milliards d&#039;euros d&#039;avoirs russes gel\u00e9s sans les confisquer? L&#039;UE a une solution: elle va pr\u00eater l&#039;essentiel \u00e0 l&#039;Ukraine\" class=\"internal_link\" target=\"_blank\" rel=\"noopener\">recours aux avoirs russes gel\u00e9s<\/a> en Europe pour financer l&rsquo;Ukraine aura des \u00ab\u00a0cons\u00e9quences consid\u00e9rables\u00a0\u00bb pour l&rsquo;Union europ\u00e9enne, a d\u00e9clar\u00e9 l&rsquo;ambassadeur russe \u00e0 Berlin vendredi, au moment o\u00f9 le chancelier allemand et le Premier ministre belge doivent discuter du sujet.<\/p>\n<blockquote class=\"embed embed_quote\"><p>\u00ab\u00a0Toute op\u00e9ration avec les avoirs souverains de la Russie sans l&rsquo;accord de la Russie serait du vol. Et il est clair que le vol de fonds de l&rsquo;Etat russe aura des cons\u00e9quences d&rsquo;ampleur\u00a0\u00bb, a dit, dans un communiqu\u00e9 envoy\u00e9 \u00e0 l&rsquo;AFP, l&rsquo;ambassadeur de Russie \u00e0 Berlin, Sergue\u00ef Netcha\u00efev.<\/p><\/blockquote>\n<p>Selon lui, la r\u00e9putation de l&rsquo;UE dans le monde des affaires \u00ab\u00a0pourrait \u00eatre d\u00e9truite\u00a0\u00bb, \u00e9voquant aussi d'\u00a0\u00bbinterminables proc\u00e9dures judiciaires\u00a0\u00bb, et un \u00ab\u00a0chemin vers l&rsquo;anarchie juridique et la destruction des fondements du syst\u00e8me financier mondial\u00a0\u00bb dont l&rsquo;Europe serait la premi\u00e8re victime. \u00ab\u00a0Nous sommes confiants sur le fait que Bruxelles et Berlin comprennent cela\u00a0\u00bb, a-t-il estim\u00e9.<\/p>\n<p>Merz tente de convaincre la Belgique<\/p>\n<p><a href=\"https:\/\/www.bfmtv.com\/economie\/economie-social\/union-europeenne\/la-bonne-voie-pour-aider-l-ukraine-le-chancelier-allemand-va-en-belgique-pour-convaincre-de-wever-sur-les-avoirs-russes-geles_AD-202512040915.html\" title=\"&quot;La bonne voie pour aider l&#039;Ukraine&quot;: le chancelier allemand va en Belgique pour &quot;convaincre&quot; De Wever sur les avoirs russes gel\u00e9s\" class=\"internal_link\" target=\"_blank\" rel=\"noopener\">Le chancelier Friedrich Merz se rend vendredi soir en Belgique<\/a> pour \u00ab\u00a0convaincre\u00a0\u00bb son homologue belge Bart De Wever du bien-fond\u00e9 du plan de la Commission europ\u00e9enne de recourir aux avoirs russes gel\u00e9s pour soutenir Kiev.<\/p>\n<p>L&rsquo;ex\u00e9cutif europ\u00e9en a pr\u00e9sent\u00e9 <a href=\"https:\/\/www.bfmtv.com\/economie\/la-pire-des-options-l-ue-propose-90-milliards-d-euros-pour-financer-l-ukraine-eventuellement-avec-les-avoirs-russes-geles-ce-qui-herisse-la-belgique_AD-202512030616.html\" title=\"&quot;La pire des options&quot;: l&#039;UE propose 90 milliards d&#039;euros pour financer l&#039;Ukraine, \u00e9ventuellement avec les avoirs russes gel\u00e9s (ce qui h\u00e9risse la Belgique)\" class=\"internal_link\" target=\"_blank\" rel=\"noopener\">un plan de recours aux avoirs russes gel\u00e9s en Europe<\/a>, mais il se heurte \u00e0 la r\u00e9ticence de la Belgique, car c&rsquo;est dans ce pays qu&rsquo;est bas\u00e9e la soci\u00e9t\u00e9 Euroclear, qui d\u00e9tient quelque 210 milliards d&rsquo;euros de ces avoirs, sur 235 milliards en tout dans l&rsquo;UE. Pr\u00e8s de quatre ans apr\u00e8s l&rsquo;invasion, l&rsquo;UE cherche un m\u00e9canisme qui ne minerait pas l&rsquo;euro et ne mettrait pas en danger des actifs europ\u00e9ens \u00e0 l&rsquo;\u00e9tranger.<\/p>\n<p>Partager <\/p>\n","protected":false},"excerpt":{"rendered":"L&rsquo;ambassadeur de Russie \u00e0 Berlin tente de faire obstacle au recours aux avoirs russes gel\u00e9s en Europe pour&hellip;\n","protected":false},"author":2,"featured_media":242270,"comment_status":"","ping_status":"","sticky":false,"template":"","format":"standard","meta":{"footnotes":""},"categories":[1591],"tags":[11,1887,12,1885,1886,132],"class_list":{"0":"post-580491","1":"post","2":"type-post","3":"status-publish","4":"format-standard","5":"has-post-thumbnail","7":"category-russie","8":"tag-actualites","9":"tag-federation-de-russie","10":"tag-news","11":"tag-russia","12":"tag-russian-federation","13":"tag-russie"},"share_on_mastodon":{"url":"https:\/\/pubeurope.com\/@fr\/115668552612616409","error":""},"_links":{"self":[{"href":"https:\/\/www.europesays.com\/fr\/wp-json\/wp\/v2\/posts\/580491","targetHints":{"allow":["GET"]}}],"collection":[{"href":"https:\/\/www.europesays.com\/fr\/wp-json\/wp\/v2\/posts"}],"about":[{"href":"https:\/\/www.europesays.com\/fr\/wp-json\/wp\/v2\/types\/post"}],"author":[{"embeddable":true,"href":"https:\/\/www.europesays.com\/fr\/wp-json\/wp\/v2\/users\/2"}],"replies":[{"embeddable":true,"href":"https:\/\/www.europesays.com\/fr\/wp-json\/wp\/v2\/comments?post=580491"}],"version-history":[{"count":0,"href":"https:\/\/www.europesays.com\/fr\/wp-json\/wp\/v2\/posts\/580491\/revisions"}],"wp:featuredmedia":[{"embeddable":true,"href":"https:\/\/www.europesays.com\/fr\/wp-json\/wp\/v2\/media\/242270"}],"wp:attachment":[{"href":"https:\/\/www.europesays.com\/fr\/wp-json\/wp\/v2\/media?parent=580491"}],"wp:term":[{"taxonomy":"category","embeddable":true,"href":"https:\/\/www.europesays.com\/fr\/wp-json\/wp\/v2\/categories?post=580491"},{"taxonomy":"post_tag","embeddable":true,"href":"https:\/\/www.europesays.com\/fr\/wp-json\/wp\/v2\/tags?post=580491"}],"curies":[{"name":"wp","href":"https:\/\/api.w.org\/{rel}","templated":true}]}}