{"id":580492,"date":"2025-12-05T19:13:17","date_gmt":"2025-12-05T19:13:17","guid":{"rendered":"https:\/\/www.europesays.com\/fr\/580492\/"},"modified":"2025-12-05T19:13:17","modified_gmt":"2025-12-05T19:13:17","slug":"leurope-selon-trump-des-menaces-russes-et-de-mysterieux-drones-au-dessus-de-la-france","status":"publish","type":"post","link":"https:\/\/www.europesays.com\/fr\/580492\/","title":{"rendered":"L\u2019Europe selon Trump, des menaces russes et de myst\u00e9rieux drones au-dessus de la France"},"content":{"rendered":"<p>Vous avez rat\u00e9 les derniers \u00e9v\u00e9nements sur la <a href=\"https:\/\/www.20minutes.fr\/monde\/ukraine\/\" class=\"c-link c-link--is-underlined\" target=\"_blank\" rel=\"noopener\">guerre en Ukraine<\/a>\u00a0? 20 Minutes fait le point pour vous tous les soirs. Voici l\u2019essentiel de ce vendredi 5\u00a0d\u00e9cembre, au 1.380e jour du conflit.<\/p>\n<p>Le fait du jour<\/p>\n<p>Alors que les membres de l\u2019<a href=\"https:\/\/www.20minutes.fr\/dossier\/ue\" class=\"c-link c-link--is-underlined\" target=\"_blank\" rel=\"noopener\">Union europ\u00e9enne<\/a> peinent \u00e0 s\u2019entendre sur l\u2019utilisation des 235\u00a0milliards d\u2019euros d\u2019avoirs russes gel\u00e9s, la <a href=\"https:\/\/www.20minutes.fr\/dossier\/belgique\" class=\"c-link c-link--is-underlined\" target=\"_blank\" rel=\"noopener\">Belgique <\/a>freinant notamment des quatre fers, la <a href=\"https:\/\/www.20minutes.fr\/monde\/russie\/\" class=\"c-link c-link--is-underlined\" target=\"_blank\" rel=\"noopener\">Russie<\/a> se montre mena\u00e7ante au cas o\u00f9 ils seraient utilis\u00e9s pour financer l\u2019Ukraine. C\u2019est Sergue\u00ef Netcha\u00efev, l\u2019ambassadeur russe \u00e0 Berlin qui a \u00e9t\u00e9 charg\u00e9 pas <a href=\"https:\/\/www.20minutes.fr\/monde\/vladimir_poutine\/\" class=\"c-link c-link--is-underlined\" target=\"_blank\" rel=\"noopener\">Vladimir Poutine<\/a> de porter le message, laissant planer le spectre de \u00ab\u00a0cons\u00e9quences consid\u00e9rables\u00a0\u00bb pour les Europ\u00e9ens.<\/p>\n<\/p>\n<p>\u00ab\u00a0Toute op\u00e9ration avec les avoirs souverains de la Russie sans l\u2019accord de la Russie serait du vol. Et il est clair que le vol de fonds de l\u2019Etat russe aura des cons\u00e9quences d\u2019ampleur\u00a0\u00bb, a pr\u00e9venu le diplomate dans un communiqu\u00e9.<\/p>\n<p>Selon lui, la r\u00e9putation de l\u2019UE dans le monde des affaires \u00ab\u00a0pourrait \u00eatre d\u00e9truite\u00a0\u00bb. Elle pourrait aussi s\u2019exposer \u00e0 d&rsquo;\u00ab\u00a0interminables proc\u00e9dures judiciaires\u00a0\u00bb, et ouvrir un \u00ab\u00a0chemin vers l\u2019anarchie juridique et la destruction des fondements du syst\u00e8me financier mondial\u00a0\u00bb dont l\u2019Europe serait la premi\u00e8re victime. \u00ab\u00a0Nous sommes confiants sur le fait que Bruxelles et Berlin comprennent cela\u00a0\u00bb, a assen\u00e9 Sergue\u00ef Netcha\u00efev, juste avant une rencontre entre le chancelier allemand et le Premier ministre belge.<\/p>\n<p>La d\u00e9claration du jour<\/p>\n<blockquote class=\"mx-m@xs mx-xxl@md color-ultramarine c-citation\">\n<p class=\"font-weight-regular@xs text-italic font-source-serif-pro text-l@xs c-citation__content\">\u00ab\u00a0Il faut maintenir l\u2019effort de guerre, poursuivre les pourparlers qui pr\u00e9parent la paix, mais accro\u00eetre la pression en particulier sur l\u2019\u00e9conomie russe.\u00a0\u00bb<\/p>\n<\/blockquote>\n<p>Le pr\u00e9sident fran\u00e7ais <a href=\"https:\/\/www.20minutes.fr\/politique\/emmanuel-macron\/\" class=\"c-link c-link--is-underlined\" target=\"_blank\" rel=\"noopener\">Emmanuel Macron<\/a> s\u2019est exprim\u00e9 en mode offensif depuis P\u00e9kin o\u00f9 il est en visite d\u2019Etat. \u00ab\u00a0Il ne faut surtout c\u00e9der \u00e0 aucun esprit de division entre Europ\u00e9ens et Am\u00e9ricains. Nous avons besoin des \u00c9tats-Unis pour avoir la paix. Les \u00c9tats-Unis d\u2019Am\u00e9rique ont besoin de nous pour que cette paix soit robuste et durable\u00a0\u00bb, a-t-il ajout\u00e9.<\/p>\n<p>Le chiffre du jour<\/p>\n<p>5. Le nombre de drones non identifi\u00e9s rep\u00e9r\u00e9s jeudi soir vers 19h30 au-dessus de la base sous-marine de l\u2019\u00cele Longue (Finist\u00e8re) qui abrite les sous-marins nucl\u00e9aires lanceurs d\u2019engins (SNLE) fran\u00e7ais. Le bataillon des fusiliers marins, qui assure la protection de la base avec 120 gendarmes maritimes, a effectu\u00e9 plusieurs tirs anti-drones. Le parquet de Rennes a ouvert une enqu\u00eate sur cet incident.<\/p>\n<p>Les signalements de survols de drones se sont multipli\u00e9s dans des sites sensibles, dont militaires, ces derniers mois en Europe du nord, les dirigeants de ces pays voyant Moscou derri\u00e8re ces actions.<\/p>\n<p>La tendance<\/p>\n<p>\u00ab\u00a0L\u2019Am\u00e9rique d\u2019abord\u00a0\u00bb. C\u2019est la philosophie de la tr\u00e8s attendue \u00ab\u00a0Strat\u00e9gie de s\u00e9curit\u00e9 nationale\u00a0\u00bb mise en ligne ce vendredi par l\u2019administration <a href=\"https:\/\/www.20minutes.fr\/dossier\/donald_trump\" class=\"c-link c-link--is-underlined\" target=\"_blank\" rel=\"noopener\">Trump<\/a> et qui traite ouvertement l\u2019Europe en vassale, en plus de lui donner la le\u00e7on. Elle reprend notamment \u00e0 son compte l\u2019id\u00e9e d\u2019extr\u00eame droite que le Vieux continent est confront\u00e9 \u00e0 un \u00ab\u00a0effacement civilisationnel\u00a0\u00bb d\u00fb \u00e0 l\u2019immigration. \u00ab\u00a0Il est plus que plausible que, d\u2019ici quelques d\u00e9cennies au plus tard, les membres de l\u2019Otan deviennent majoritairement non europ\u00e9ens\u00a0\u00bb, dit le document. \u00ab\u00a0Il est l\u00e9gitime de se demander s\u2019ils percevront leur place dans le monde, ou leur alliance avec les Etats-Unis, de la m\u00eame mani\u00e8re que ceux qui ont sign\u00e9 la charte\u00a0\u00bb de l\u2019Alliance atlantique, poursuit-il.<\/p>\n<p><a href=\"htttp:\/\/www.20minutes.fr\/monde\/ukraine\" class=\"c-link c-btn c-btn--primary\" target=\"_blank\" rel=\"noopener\">Notre dossier sur la guerre en Ukraine<\/a><\/p>\n<p>Le document promet \u00e9galement qu\u2019il n\u2019y aura pas d\u2019\u00e9largissement de l\u2019Otan, dont les Etats-Unis sont la puissance cl\u00e9, an\u00e9antissant une fois de plus les espoirs de l\u2019Ukraine d\u2019y faire son entr\u00e9e un jour.<\/p>\n","protected":false},"excerpt":{"rendered":"Vous avez rat\u00e9 les derniers \u00e9v\u00e9nements sur la guerre en Ukraine\u00a0? 20 Minutes fait le point pour vous&hellip;\n","protected":false},"author":2,"featured_media":580493,"comment_status":"","ping_status":"","sticky":false,"template":"","format":"standard","meta":{"footnotes":""},"categories":[1590],"tags":[47,11,75,564,1073,73,1777,674,131,74,12,136,132,220,135],"class_list":{"0":"post-580492","1":"post","2":"type-post","3":"status-publish","4":"format-standard","5":"has-post-thumbnail","7":"category-ukraine","8":"tag-actualite","9":"tag-actualites","10":"tag-donald-trump","11":"tag-drone","12":"tag-emmanuel-macron","13":"tag-etats-unis","14":"tag-eu","15":"tag-europe","16":"tag-guerre-en-ukraine","17":"tag-monde","18":"tag-news","19":"tag-otan","20":"tag-russie","21":"tag-ukraine","22":"tag-vladimir-poutine"},"share_on_mastodon":{"url":"https:\/\/pubeurope.com\/@fr\/115668556554358912","error":""},"_links":{"self":[{"href":"https:\/\/www.europesays.com\/fr\/wp-json\/wp\/v2\/posts\/580492","targetHints":{"allow":["GET"]}}],"collection":[{"href":"https:\/\/www.europesays.com\/fr\/wp-json\/wp\/v2\/posts"}],"about":[{"href":"https:\/\/www.europesays.com\/fr\/wp-json\/wp\/v2\/types\/post"}],"author":[{"embeddable":true,"href":"https:\/\/www.europesays.com\/fr\/wp-json\/wp\/v2\/users\/2"}],"replies":[{"embeddable":true,"href":"https:\/\/www.europesays.com\/fr\/wp-json\/wp\/v2\/comments?post=580492"}],"version-history":[{"count":0,"href":"https:\/\/www.europesays.com\/fr\/wp-json\/wp\/v2\/posts\/580492\/revisions"}],"wp:featuredmedia":[{"embeddable":true,"href":"https:\/\/www.europesays.com\/fr\/wp-json\/wp\/v2\/media\/580493"}],"wp:attachment":[{"href":"https:\/\/www.europesays.com\/fr\/wp-json\/wp\/v2\/media?parent=580492"}],"wp:term":[{"taxonomy":"category","embeddable":true,"href":"https:\/\/www.europesays.com\/fr\/wp-json\/wp\/v2\/categories?post=580492"},{"taxonomy":"post_tag","embeddable":true,"href":"https:\/\/www.europesays.com\/fr\/wp-json\/wp\/v2\/tags?post=580492"}],"curies":[{"name":"wp","href":"https:\/\/api.w.org\/{rel}","templated":true}]}}