{"id":580494,"date":"2025-12-05T19:14:12","date_gmt":"2025-12-05T19:14:12","guid":{"rendered":"https:\/\/www.europesays.com\/fr\/580494\/"},"modified":"2025-12-05T19:14:12","modified_gmt":"2025-12-05T19:14:12","slug":"ue-usa-un-match-inutile-le-temps","status":"publish","type":"post","link":"https:\/\/www.europesays.com\/fr\/580494\/","title":{"rendered":"UE-USA: un match inutile &#8211; Le Temps"},"content":{"rendered":"<p>C\u2019est le match de cette fin d\u2019ann\u00e9e \u00e0 Berne. Depuis le retour de Washington du conseiller f\u00e9d\u00e9ral Guy Parmelin, un bras de fer se joue sous la Coupole entre les partisans des accords avec l\u2019Union europ\u00e9enne et ceux du deal avec les Etats-Unis.<\/p>\n<p>Voyons la feuille de match. D\u2019un c\u00f4t\u00e9, les bilat\u00e9rales III \u2013 nom officiel d\u00e9sormais \u2013, r\u00e9sultat d\u2019ann\u00e9es de n\u00e9gociations acharn\u00e9es avec les 27 membres de l\u2019Union europ\u00e9enne, r\u00e9glant aux petits oignons nos relations \u00e9conomiques et institutionnelles avec nos voisins. De l\u2019autre, une d\u00e9claration d\u2019intention sign\u00e9e avec le pr\u00e9sident am\u00e9ricain, Donald Trump, prochainement transform\u00e9e en accord, selon le projet de mandat de n\u00e9gociation pr\u00e9sent\u00e9 ce vendredi par le Conseil f\u00e9d\u00e9ral. Un texte obtenu de haute lutte pour ramener les droits de douane \u00e0 un taux un peu moins ind\u00e9cent, gr\u00e2ce \u00e0 l\u2019appui de chefs d\u2019entreprise suisses, sign\u00e9 \u00e0 l\u2019ombre d\u2019une Rolex et d\u2019un lingot d\u2019or, le tout immortalis\u00e9 sur un clich\u00e9 qui passera \u00e0 la post\u00e9rit\u00e9.<\/p>\n<p>Pour la gauche et Le Centre, l\u2019accord am\u00e9ricain est un accord de soumission, pas question de capituler devant Donald Trump. Pour l\u2019UDC et une minorit\u00e9 du PLR, ce sont au contraire les bilat\u00e9rales III qui sont consid\u00e9r\u00e9es comme des accords de soumission, pas question de sacrifier notre souverainet\u00e9 sur l\u2019autel de l\u2019\u00e9conomie. Le vocabulaire utilis\u00e9 est \u00e9videmment le m\u00eame \u00e0 dessein. Globalement, soit vous \u00eates dans l\u2019\u00e9quipe UE, soit vous \u00eates dans la Team US. Mais cette instrumentalisation politique est st\u00e9rile. Depuis quand les destins de ces deux textes se trouvent-ils m\u00eal\u00e9s? Faut-il vraiment choisir son camp? Helen Budliger Artieda, la directrice du Secr\u00e9tariat d\u2019Etat \u00e0 l\u2019\u00e9conomie, trouvait d\u2019ailleurs \u00abcette discussion \u00e9trange\u00bb dans la NZZ cette semaine. \u00abLa Suisse a besoin de bonnes relations \u00e9conomiques et commerciales avec toutes les grandes \u00e9conomies du monde.\u00bb<\/p>\n<p>Lire aussi: <a href=\"https:\/\/www.letemps.ch\/articles\/bilaterales-iii-pour-convaincre-le-conseil-federal-mise-sur-la-transparence\" target=\"_blank\" rel=\"noopener\">Bilat\u00e9rales III: pour convaincre, le Conseil f\u00e9d\u00e9ral mise sur la transparence<\/a>  <\/p>\n<p>Ignazio Cassis n\u2019a pas dit autre chose devant la presse hier: \u00ab\u00c7a n\u2019est pas l\u2019un ou l\u2019autre, mais l\u2019un et l\u2019autre.\u00bb Le conseiller f\u00e9d\u00e9ral a \u00e9galement rappel\u00e9 l\u2019importance fondamentale de ces bilat\u00e9rales III, soulignant que l\u2019Europe est pour la Suisse le partenaire num\u00e9ro 1, essentiel \u00abpour sa sant\u00e9, pour sa prosp\u00e9rit\u00e9, pour sa s\u00e9curit\u00e9\u00bb. Et d\u2019ajouter que sur 2\u00a0francs gagn\u00e9s en Suisse, 50 centimes viennent de l\u2019Union. Certes. C\u2019est \u00e9conomiquement et g\u00e9ographiquement indiscutable, Ignazio Cassis a raison de le rappeler. Mais la Suisse ne doit pas avoir \u00e0 choisir. Dans un monde o\u00f9 le droit international est de moins en moins la r\u00e8gle, les rapports de force ne nous favorisent pas, c\u2019est un euph\u00e9misme. La Conf\u00e9d\u00e9ration doit diversifier ses march\u00e9s, soigner ses partenaires, \u00eatre pragmatique et s\u2019adapter \u00e0 cette nouvelle donne. Comme elle le fait. Et les \u00e9lus pourront se pencher sur ces accords avec l\u2019UE et avec les Etats-Unis. Sans id\u00e9ologie. Et siffler la fin de la partie d\u2019un match absolument inutile.<\/p>\n","protected":false},"excerpt":{"rendered":"C\u2019est le match de cette fin d\u2019ann\u00e9e \u00e0 Berne. Depuis le retour de Washington du conseiller f\u00e9d\u00e9ral Guy&hellip;\n","protected":false},"author":2,"featured_media":580495,"comment_status":"","ping_status":"","sticky":false,"template":"","format":"standard","meta":{"footnotes":""},"categories":[1589],"tags":[66124,11,73,1866,4438,12,1427,1864,1865,1863,308],"class_list":{"0":"post-580494","1":"post","2":"type-post","3":"status-publish","4":"format-standard","5":"has-post-thumbnail","7":"category-etats-unis","8":"tag-accords-suisse-ue","9":"tag-actualites","10":"tag-etats-unis","11":"tag-etats-unis-damerique","12":"tag-free","13":"tag-news","14":"tag-opinions","15":"tag-united-states","16":"tag-united-states-of-america","17":"tag-us","18":"tag-usa"},"share_on_mastodon":{"url":"https:\/\/pubeurope.com\/@fr\/115668560676789820","error":""},"_links":{"self":[{"href":"https:\/\/www.europesays.com\/fr\/wp-json\/wp\/v2\/posts\/580494","targetHints":{"allow":["GET"]}}],"collection":[{"href":"https:\/\/www.europesays.com\/fr\/wp-json\/wp\/v2\/posts"}],"about":[{"href":"https:\/\/www.europesays.com\/fr\/wp-json\/wp\/v2\/types\/post"}],"author":[{"embeddable":true,"href":"https:\/\/www.europesays.com\/fr\/wp-json\/wp\/v2\/users\/2"}],"replies":[{"embeddable":true,"href":"https:\/\/www.europesays.com\/fr\/wp-json\/wp\/v2\/comments?post=580494"}],"version-history":[{"count":0,"href":"https:\/\/www.europesays.com\/fr\/wp-json\/wp\/v2\/posts\/580494\/revisions"}],"wp:featuredmedia":[{"embeddable":true,"href":"https:\/\/www.europesays.com\/fr\/wp-json\/wp\/v2\/media\/580495"}],"wp:attachment":[{"href":"https:\/\/www.europesays.com\/fr\/wp-json\/wp\/v2\/media?parent=580494"}],"wp:term":[{"taxonomy":"category","embeddable":true,"href":"https:\/\/www.europesays.com\/fr\/wp-json\/wp\/v2\/categories?post=580494"},{"taxonomy":"post_tag","embeddable":true,"href":"https:\/\/www.europesays.com\/fr\/wp-json\/wp\/v2\/tags?post=580494"}],"curies":[{"name":"wp","href":"https:\/\/api.w.org\/{rel}","templated":true}]}}