{"id":580497,"date":"2025-12-05T19:17:14","date_gmt":"2025-12-05T19:17:14","guid":{"rendered":"https:\/\/www.europesays.com\/fr\/580497\/"},"modified":"2025-12-05T19:17:14","modified_gmt":"2025-12-05T19:17:14","slug":"le-bundestag-allemand-adopte-le-service-militaire-volontaire-dw-05-12-2025","status":"publish","type":"post","link":"https:\/\/www.europesays.com\/fr\/580497\/","title":{"rendered":"Le Bundestag allemand adopte le service militaire volontaire \u2013 DW \u2013 05\/12\/2025"},"content":{"rendered":"<p>Les <a class=\"internal-link\" href=\"https:\/\/www.dw.com\/fr\/espionnage-sabotage-lallemagne-dans-le-viseur-du-kremlin\/a-70493530\" target=\"_blank\" rel=\"noopener\">services secrets allemands<\/a> ont mis en garde, lundi, contre la Russie, pr\u00eate, selon eux, \u00e0 \u00ab\u00a0entrer en conflit militaire direct avec l&rsquo;Otan\u00a0\u00bb, une menace qui pourrait se concr\u00e9tiser avant 2029.\u00a0<\/p>\n<p>\u00ab\u00a0La Russie n&rsquo;h\u00e9sitera pas, si n\u00e9cessaire, \u00e0 entrer en conflit militaire direct avec l&rsquo;Otan\u00a0\u00bb, avait d\u00e9clar\u00e9 en octobre Martin J\u00e4ger, le chef du service de renseignement ext\u00e9rieur allemand, lors d&rsquo;une audition au Bundestag, la chambre basse allemande. Selon lui, cette menace pourrait donc se concr\u00e9tiser avant 2029.\u00a0<\/p>\n<p>Face \u00e0 cette menace que repr\u00e9senterait la <a class=\"internal-link\" href=\"https:\/\/www.dw.com\/fr\/russie\/t-61000531\" target=\"_blank\" rel=\"noopener\">Russie<\/a> de Vladimir Poutine, mais aussi le d\u00e9sengagement am\u00e9ricain sur le continent europ\u00e9en, l&rsquo;Allemagne cherche des moyens de renforcer son arm\u00e9e.\u00a0\u00a0<\/p>\n<p>Mal \u00e9quip\u00e9e et en sous-effectif<\/p>\n<p>Si Berlin a d\u00e9cid\u00e9 d&rsquo;investir des centaines de millions d&rsquo;euros dans la modernisation, de la Bundeswehr mal \u00e9quip\u00e9e, celle-ci est aussi <a class=\"internal-link\" href=\"https:\/\/www.dw.com\/fr\/gouvernement-parvenu-accord-allemagne-retablira-pas-service-militaire-obligatoire\/a-74755586\" target=\"_blank\" rel=\"noopener\">en sous-effectif<\/a> depuis des d\u00e9cennies.\u00a0<\/p>\n<p>Or, le chancelier Friedrich Merz a, selon ses termes, pour ambition de b\u00e2tir l&rsquo;arm\u00e9e conventionnelle la \u00ab\u00a0plus puissante d&rsquo;Europe\u00a0\u00bb.\u00a0<\/p>\n<p>Le Bundestag a ainsi donn\u00e9 son feu vert, ce vendredi (05.12), au maintien du service militaire bas\u00e9 sur le volontariat, au terme d&rsquo;\u00e2pres d\u00e9bats au sein de la coalition.\u00a0<\/p>\n<p><img data-format=\"MASTER_LANDSCAPE\" data-id=\"75034059\" data-url=\"https:\/\/static.dw.com\/image\/75034059_${formatId}.jpg\" data-aspect-ratio=\"16\/9\" alt=\"Boris Pistorius et Friedrich Merz au Bundestag.\" style=\"padding-bottom: 56.25%; height: 0; max-height: 0;\"\/>Friedrich Merz (\u00e0 droite) veut b\u00e2tir l&rsquo;une des arm\u00e9es les plus fortes d&rsquo;Europe.Image : Lisi Niesner\/REUTERS<\/p>\n<p>Les conservateurs de l&rsquo;union CDU-CSU du chancelier souhaitaient au d\u00e9part r\u00e9introduire une forme de conscription obligatoire pour les hommes et par tirage au sort, se heurtant \u00e0 l&rsquo;opposition du parti alli\u00e9 social-d\u00e9mocrate (SPD), de tradition plus pacifiste.\u00a0\u00a0<\/p>\n<p>La coalition a fini par s&rsquo;entendre sur une version non-coercitive.\u00a0<\/p>\n<p>Volontaire, pour l&rsquo;instant<\/p>\n<p>Le nouveau texte, pr\u00e9voit que tous les hommes de 18 ans pourront demander \u00e0 faire un service militaire d&rsquo;une dur\u00e9e minimum de six mois. Ils devront auparavant passer un examen m\u00e9dical et remplir un questionnaire sur leur disponibilit\u00e9 et leur volont\u00e9 de servir dans l&rsquo;arm\u00e9e. Les femmes pourront aussi s&rsquo;inscrire sur la base du volontariat.\u00a0<\/p>\n<p>Ces dispositions doivent \u00eatre introduites \u00e0 partir de mi-2027, sous r\u00e9serve que le Bundesrat, la chambre haute, adopte \u00e9galement la loi.\u00a0<\/p>\n<p>Le service militaire devrait rester volontaire \u00ab\u00a0si tout se passe aussi bien que nous l&rsquo;esp\u00e9rons\u00a0\u00bb, a d\u00e9clar\u00e9 le ministre de la D\u00e9fense Boris Pistorius.\u00a0<\/p>\n<p>Mais il a ajout\u00e9 qu&rsquo;un \u00e9largissement du dispositif pourrait \u00eatre n\u00e9cessaire si la situation s\u00e9curitaire \u00ab\u00a0venait \u00e0 se d\u00e9t\u00e9riorer\u00a0\u00bb et que les objectifs en mati\u00e8re d&rsquo;effectifs de la Bundeswehr n&rsquo;\u00e9taient pas atteints. Dans ce cas, il faudrait un nouveau vote au Bundestag.\u00a0<\/p>\n<p>Les objectifs de l&rsquo;Otan pr\u00e9voient que l&rsquo;Allemagne porte ses effectifs militaires \u00e0 460.000 soldats, dont 260.000 militaires d&rsquo;active et 200.000 r\u00e9servistes. La Bundeswehr en est loin, avec respectivement 182.000 et 49.000 soldats dans chaque cat\u00e9gorie.\u00a0<\/p>\n<p>Les r\u00e9formes \u00e0 travers l&rsquo;Europe<\/p>\n<p>Cette r\u00e9forme du service militaire en Allemagne s&rsquo;inscrit dans une vague de r\u00e9formes dans le domaine \u00e0 travers l&rsquo;Europe.\u00a0<\/p>\n<p>En France, aussi, on cherche des moyens de trouver de nouvelles recrues pour l&rsquo;arm\u00e9e. Le pr\u00e9sident fran\u00e7ais Emmanuel Macron a annonc\u00e9, pour l&rsquo;\u00e9t\u00e9 prochain, un \u00ab\u00a0service national\u00a0\u00bb de dix mois qui s&rsquo;adressera aux jeunes majeurs. Il sera \u00ab\u00a0purement militaire\u00a0\u00bb et volontaire, afin de \u00ab\u00a0r\u00e9pondre aux besoins des arm\u00e9es\u00a0\u00bb.\u00a0<\/p>\n<p>Ces volontaires serviraient uniquement sur le territoire fran\u00e7ais pour soulager l&rsquo;arm\u00e9e professionnelle.\u00a0<\/p>\n<p>Tout comme Berlin, Paris \u00e9vite pour le moment de revenir au service militaire obligatoire.\u00a0<\/p>\n<p><img data-format=\"MASTER_LANDSCAPE\" data-id=\"75029182\" data-url=\"https:\/\/static.dw.com\/image\/75029182_${formatId}.jpg\" data-aspect-ratio=\"16\/9\" alt=\"Vue sur l'h\u00e9micycle du Bundestag pendant le discours de Boris Pistorius.\" style=\"padding-bottom: 56.25%; height: 0; max-height: 0;\"\/>Les Verts, le parti de gauche Die Linke et l&rsquo;AfD ont vot\u00e9 contre le texte.Image : Lisi Niesner\/REUTERS<\/p>\n<p>Ailleurs en Europe, dans des pays qui ont supprim\u00e9 la conscription, des formes de service volontaire ont \u00e9t\u00e9 instaur\u00e9es aux Pays-Bas et en Bulgarie. La Pologne a mis en place une formation militaire de base volontaire d&rsquo;un mois.\u00a0<\/p>\n<p>En Belgique et en Roumanie, ces services volontaires seront inaugur\u00e9s l&rsquo;an prochain.\u00a0<\/p>\n<p>Enfin, certains pays en Europe ont pr\u00e9serv\u00e9 ou m\u00eame r\u00e9tabli la conscription obligatoire.\u00a0<\/p>\n<p>Parmi les pays qui n&rsquo;ont jamais abrog\u00e9 la conscription et ont maintenu le service militaire obligatoire se trouvent le Danemark, la Finlande, la Norv\u00e8ge, l&rsquo;Estonie, la Gr\u00e8ce, l&rsquo;Autriche et la Suisse.\u00a0<\/p>\n<p>La Lituanie, la Su\u00e8de et la Croatie ont pass\u00e9 le cap de r\u00e9tablir le service obligatoire.<\/p>\n","protected":false},"excerpt":{"rendered":"Les services secrets allemands ont mis en garde, lundi, contre la Russie, pr\u00eate, selon eux, \u00e0 \u00ab\u00a0entrer en&hellip;\n","protected":false},"author":2,"featured_media":580498,"comment_status":"","ping_status":"","sticky":false,"template":"","format":"standard","meta":{"footnotes":""},"categories":[1587],"tags":[11,672,1804,1805,1803,1777,674,1801,12,1802],"class_list":{"0":"post-580497","1":"post","2":"type-post","3":"status-publish","4":"format-standard","5":"has-post-thumbnail","7":"category-allemagne","8":"tag-actualites","9":"tag-allemagne","10":"tag-bundesrepublik-deutschland","11":"tag-de","12":"tag-deutschland","13":"tag-eu","14":"tag-europe","15":"tag-germany","16":"tag-news","17":"tag-republique-federale-dallemagne"},"share_on_mastodon":{"url":"https:\/\/pubeurope.com\/@fr\/115668572182480918","error":""},"_links":{"self":[{"href":"https:\/\/www.europesays.com\/fr\/wp-json\/wp\/v2\/posts\/580497","targetHints":{"allow":["GET"]}}],"collection":[{"href":"https:\/\/www.europesays.com\/fr\/wp-json\/wp\/v2\/posts"}],"about":[{"href":"https:\/\/www.europesays.com\/fr\/wp-json\/wp\/v2\/types\/post"}],"author":[{"embeddable":true,"href":"https:\/\/www.europesays.com\/fr\/wp-json\/wp\/v2\/users\/2"}],"replies":[{"embeddable":true,"href":"https:\/\/www.europesays.com\/fr\/wp-json\/wp\/v2\/comments?post=580497"}],"version-history":[{"count":0,"href":"https:\/\/www.europesays.com\/fr\/wp-json\/wp\/v2\/posts\/580497\/revisions"}],"wp:featuredmedia":[{"embeddable":true,"href":"https:\/\/www.europesays.com\/fr\/wp-json\/wp\/v2\/media\/580498"}],"wp:attachment":[{"href":"https:\/\/www.europesays.com\/fr\/wp-json\/wp\/v2\/media?parent=580497"}],"wp:term":[{"taxonomy":"category","embeddable":true,"href":"https:\/\/www.europesays.com\/fr\/wp-json\/wp\/v2\/categories?post=580497"},{"taxonomy":"post_tag","embeddable":true,"href":"https:\/\/www.europesays.com\/fr\/wp-json\/wp\/v2\/tags?post=580497"}],"curies":[{"name":"wp","href":"https:\/\/api.w.org\/{rel}","templated":true}]}}