{"id":580501,"date":"2025-12-05T19:19:12","date_gmt":"2025-12-05T19:19:12","guid":{"rendered":"https:\/\/www.europesays.com\/fr\/580501\/"},"modified":"2025-12-05T19:19:12","modified_gmt":"2025-12-05T19:19:12","slug":"lunion-europeenne-inflige-une-amende-de-120-millions-deuros-a-x-et-sattire-les-foudres-des-etats-unis-liberation","status":"publish","type":"post","link":"https:\/\/www.europesays.com\/fr\/580501\/","title":{"rendered":"L\u2019Union europ\u00e9enne inflige une amende de 120 millions d\u2019euros \u00e0 X et s\u2019attire les foudres des Etats-Unis \u2013 Lib\u00e9ration"},"content":{"rendered":"<p class=\"sc-cPiKLX AiZTS text-element\">120 millions pour une arnaque sur les coches bleues. L\u2019UE a inflig\u00e9 vendredi une amende de 120 millions d\u2019euros \u00e0 X, le r\u00e9seau social d\u2019Elon Musk. Rachet\u00e9e par le milliardaire trumpiste en 2022, la plateforme avait \u00e9t\u00e9 accus\u00e9e par Bruxelles en 2024 d\u2019avoir <a href=\"https:\/\/www.liberation.fr\/economie\/economie-numerique\/un-an-apres-le-rachat-delon-musk-twitter-est-il-mort-sous-x-20231027_5OOXRU6BDJEZJNQHQCSYHUZPUI\/\" target=\"_blank\" rel=\"noreferrer noopener\" title=\"https:\/\/www.liberation.fr\/economie\/economie-numerique\/un-an-apres-le-rachat-delon-musk-twitter-est-il-mort-sous-x-20231027_5OOXRU6BDJEZJNQHQCSYHUZPUI\/\">tromp\u00e9 ses utilisateurs<\/a> en r\u00e9servant ses c\u00e9l\u00e8bres pastilles, initialement destin\u00e9es \u00e0 certifier leur identit\u00e9, \u00e0 des abonn\u00e9s payants, au risque de les induire en erreur. <\/p>\n<p class=\"sc-cPiKLX AiZTS text-element\">L\u2019UE poursuit \u00e9galement le r\u00e9seau social, soup\u00e7onn\u00e9 de ne pas faire montre d\u2019une transparence insuffisante autour des publicit\u00e9s et de non respect de l\u2019obligation d\u2019acc\u00e8s aux donn\u00e9es internes par des chercheurs agr\u00e9\u00e9s. Une enqu\u00eate avait \u00e9galement \u00e9t\u00e9 entam\u00e9e contre X pour non respect de ses obligations en mati\u00e8re de contenus ill\u00e9gaux et de d\u00e9sinformation, mais les investigations ne sont pas termin\u00e9es. Cette amende est la premi\u00e8re impos\u00e9e \u00e0 une plateforme dans le cadre <a href=\"https:\/\/www.liberation.fr\/international\/europe\/haine-en-ligne-contrefacon-lunion-europeenne-conclut-sa-reforme-pour-mieux-encadrer-internet-20220423_3Y7BD5EDINENTAEMJA3D5KAMOU\/?redirected=1\" target=\"_blank\" rel=\"noreferrer noopener\" title=\"https:\/\/www.liberation.fr\/international\/europe\/haine-en-ligne-contrefacon-lunion-europeenne-conclut-sa-reforme-pour-mieux-encadrer-internet-20220423_3Y7BD5EDINENTAEMJA3D5KAMOU\/?redirected=1\">du r\u00e8glement sur les services num\u00e9riques, ou DSA<\/a>, entr\u00e9e en vigueur il y a deux ans.<\/p>\n<p class=\"sc-cPiKLX AiZTS text-element\">Avant m\u00eame l\u2019officialisation de cette d\u00e9cision, le vice-pr\u00e9sident am\u00e9ricain JD Vance avait d\u00e9nonc\u00e9 la d\u00e9marche europ\u00e9enne, revenant \u00e0 <a href=\"https:\/\/www.liberation.fr\/international\/europe\/a-munich-les-etats-unis-evitent-le-sujet-ukrainien-mais-sermonnent-leurope-20250214_EGSWOQSZO5EPRPXYQS24XF6MGI\/\" target=\"_blank\" rel=\"noreferrer noopener\" title=\"https:\/\/www.liberation.fr\/international\/europe\/a-munich-les-etats-unis-evitent-le-sujet-ukrainien-mais-sermonnent-leurope-20250214_EGSWOQSZO5EPRPXYQS24XF6MGI\/\">ses habitudes du mois de f\u00e9vrier 2025.<\/a> \u00abL\u2019UE devrait d\u00e9fendre <a href=\"https:\/\/www.liberation.fr\/economie\/economie-numerique\/comment-musk-et-x-instrumentalisent-la-liberte-dexpression-pour-defier-la-france-et-leurope-20251010_5YPZGGP4FNEF7FN5MQ7WQFL4F4\/\" target=\"_blank\" rel=\"noreferrer noopener\" title=\"https:\/\/www.liberation.fr\/economie\/economie-numerique\/comment-musk-et-x-instrumentalisent-la-liberte-dexpression-pour-defier-la-france-et-leurope-20251010_5YPZGGP4FNEF7FN5MQ7WQFL4F4\/\">la libert\u00e9 d\u2019expression<\/a> au lieu de s\u2019en prendre \u00e0 des entreprises am\u00e9ricaines pour des foutaises\u00bb, a-t-il lanc\u00e9, s\u2019attirant un message de remerciement d\u2019Elon Musk. Apr\u00e8s la d\u00e9cision, c\u2019est Marco Rubio, le secr\u00e9taire d\u2019Etat am\u00e9ricain, qui a d\u00e9nonc\u00e9 la d\u00e9cision, fustigeant \u00abune attaque contre toutes les plateformes technologiques am\u00e9ricaines et le peuple am\u00e9ricain par des gouvernements \u00e9trangers\u00bb. L\u2019administration am\u00e9ricaine avait multipli\u00e9 les demandes d\u2019assouplissements aupr\u00e8s de l\u2019Europe sur le dossier, quitte \u00e0 faire miroiter une baisse des droits de douane en contrepartie.<\/p>\n<p class=\"sc-cPiKLX AiZTS text-element\">L\u2019amende contre X \u00abn\u2019a rien \u00e0 voir avec de la censure\u00bb, a r\u00e9pondu la vice-pr\u00e9sidente de la Commission europ\u00e9enne charg\u00e9e du num\u00e9rique, Henna Virkkunen. \u00abNous ne sommes pas l\u00e0 pour imposer les amendes les plus \u00e9lev\u00e9e, mais pour nous assurer que nos lois sur le num\u00e9rique soient respect\u00e9es\u00bb. L\u2019amende en question peut aller jusqu\u2019\u00e0 6% du chiffre d\u2019affaires mondial annuel. S\u2019agissant des 120 millions d\u2019euros, la Commission a estim\u00e9 que la somme \u00ab\u00e9tait proportionn\u00e9e\u00bb et prenait en compte \u00abla nature, la gravit\u00e9 et la dur\u00e9e des infractions commises\u00bb.<\/p>\n<p class=\"sc-cPiKLX AiZTS text-element\">L\u2019ancienne ministre finlandaise a rappel\u00e9 que les investigations concernant la d\u00e9sinformation et les contenus ill\u00e9gaux sur X se poursuivaient et a dit s\u2019attendre \u00e0 ce qu\u2019elles soient boucl\u00e9es \u00abplus vite\u00bb.<\/p>\n","protected":false},"excerpt":{"rendered":"120 millions pour une arnaque sur les coches bleues. L\u2019UE a inflig\u00e9 vendredi une amende de 120 millions&hellip;\n","protected":false},"author":2,"featured_media":580502,"comment_status":"","ping_status":"","sticky":false,"template":"","format":"standard","meta":{"footnotes":""},"categories":[1586],"tags":[11,46,73,1777,674,1779,1011,27,12,25,1778,364,16427],"class_list":{"0":"post-580501","1":"post","2":"type-post","3":"status-publish","4":"format-standard","5":"has-post-thumbnail","7":"category-europe","8":"tag-actualites","9":"tag-elon-musk","10":"tag-etats-unis","11":"tag-eu","12":"tag-europe","13":"tag-european-union","14":"tag-fr","15":"tag-france","16":"tag-news","17":"tag-republique-francaise","18":"tag-ue","19":"tag-union-europeenne","20":"tag-x-twitter"},"share_on_mastodon":{"url":"https:\/\/pubeurope.com\/@fr\/115668580108385574","error":""},"_links":{"self":[{"href":"https:\/\/www.europesays.com\/fr\/wp-json\/wp\/v2\/posts\/580501","targetHints":{"allow":["GET"]}}],"collection":[{"href":"https:\/\/www.europesays.com\/fr\/wp-json\/wp\/v2\/posts"}],"about":[{"href":"https:\/\/www.europesays.com\/fr\/wp-json\/wp\/v2\/types\/post"}],"author":[{"embeddable":true,"href":"https:\/\/www.europesays.com\/fr\/wp-json\/wp\/v2\/users\/2"}],"replies":[{"embeddable":true,"href":"https:\/\/www.europesays.com\/fr\/wp-json\/wp\/v2\/comments?post=580501"}],"version-history":[{"count":0,"href":"https:\/\/www.europesays.com\/fr\/wp-json\/wp\/v2\/posts\/580501\/revisions"}],"wp:featuredmedia":[{"embeddable":true,"href":"https:\/\/www.europesays.com\/fr\/wp-json\/wp\/v2\/media\/580502"}],"wp:attachment":[{"href":"https:\/\/www.europesays.com\/fr\/wp-json\/wp\/v2\/media?parent=580501"}],"wp:term":[{"taxonomy":"category","embeddable":true,"href":"https:\/\/www.europesays.com\/fr\/wp-json\/wp\/v2\/categories?post=580501"},{"taxonomy":"post_tag","embeddable":true,"href":"https:\/\/www.europesays.com\/fr\/wp-json\/wp\/v2\/tags?post=580501"}],"curies":[{"name":"wp","href":"https:\/\/api.w.org\/{rel}","templated":true}]}}