{"id":580505,"date":"2025-12-05T19:22:23","date_gmt":"2025-12-05T19:22:23","guid":{"rendered":"https:\/\/www.europesays.com\/fr\/580505\/"},"modified":"2025-12-05T19:22:23","modified_gmt":"2025-12-05T19:22:23","slug":"il-ny-a-deja-plus-que-les-blockbusters-qui-marchent-en-salles-et-encore-liberation","status":"publish","type":"post","link":"https:\/\/www.europesays.com\/fr\/580505\/","title":{"rendered":"\u00abIl n\u2019y a d\u00e9j\u00e0 plus que les blockbusters qui marchent en salles, et encore\u2026\u00bb \u2013 Lib\u00e9ration"},"content":{"rendered":"<p class=\"sc-cPiKLX AiZTS text-element\">La salle de cin\u00e9ma ? \u00abUn concept obsol\u00e8te\u00bb, balayait Ted Sarandos, PDG de Netflix, dans une interview pour Time Magazine en avril 2025. Interrog\u00e9 sur les r\u00e9sultats catastrophiques du box-office, il ironisait : \u00abQu\u2019essaye donc de nous dire le consommateur ? Qu\u2019il pr\u00e9f\u00e9rerait regarder des films chez lui, merci.\u00bb De quoi remettre les pendules \u00e0 l\u2019heure, au cas o\u00f9 quelques optimistes comptaient sur une volte-face de Sarandos, depuis sa c\u00e9l\u00e8bre sortie de 2023 : \u00abAmener les gens dans les salles de cin\u00e9ma n\u2019est pas notre business.\u00bb<\/p>\n<p class=\"sc-cPiKLX AiZTS text-element\">Le hic, c\u2019est que c\u2019est le business du groupe Warner Bros Discovery, l\u00e9gendaires studios de cin\u00e9ma et de t\u00e9l\u00e9vision dont Netflix annonce le rachat ce vendredi. Dans un communiqu\u00e9 commun, les deux entreprises ont officialis\u00e9 l\u2019acquisition pour <a href=\"https:\/\/www.liberation.fr\/economie\/social\/le-pionnier-du-streaming-netflix-entre-en-negociations-exclusives-pour-racheter-le-geant-du-cinema-warner-bros-20251205_IMRUISXH5BAK5NASUQSZCCOUXM\/\" target=\"_blank\" rel=\"noreferrer noopener\" title=\"https:\/\/www.liberation.fr\/economie\/social\/le-pionnier-du-streaming-netflix-entre-en-negociations-exclusives-pour-racheter-le-geant-du-cinema-warner-bros-20251205_IMRUISXH5BAK5NASUQSZCCOUXM\/\">la modique somme de 83 milliards de dollars<\/a> (plus de 70 milliards d\u2019euros). Big bang, s\u00e9isme, fin des haricots, la nouvelle secoue Hollywood et l\u2019avenir des salles de cin\u00e9ma am\u00e9ricaines serait dans un \u00abn\u0153ud coulant\u00bb. C\u2019est en ces termes qu\u2019un collectif de <\/p>\n","protected":false},"excerpt":{"rendered":"La salle de cin\u00e9ma ? \u00abUn concept obsol\u00e8te\u00bb, balayait Ted Sarandos, PDG de Netflix, dans une interview pour&hellip;\n","protected":false},"author":2,"featured_media":580506,"comment_status":"","ping_status":"","sticky":false,"template":"","format":"standard","meta":{"footnotes":""},"categories":[2],"tags":[11,1011,27,127,12,25],"class_list":{"0":"post-580505","1":"post","2":"type-post","3":"status-publish","4":"format-standard","5":"has-post-thumbnail","7":"category-actualites","8":"tag-actualites","9":"tag-fr","10":"tag-france","11":"tag-netflix","12":"tag-news","13":"tag-republique-francaise"},"share_on_mastodon":{"url":"https:\/\/pubeurope.com\/@fr\/115668591924114160","error":""},"_links":{"self":[{"href":"https:\/\/www.europesays.com\/fr\/wp-json\/wp\/v2\/posts\/580505","targetHints":{"allow":["GET"]}}],"collection":[{"href":"https:\/\/www.europesays.com\/fr\/wp-json\/wp\/v2\/posts"}],"about":[{"href":"https:\/\/www.europesays.com\/fr\/wp-json\/wp\/v2\/types\/post"}],"author":[{"embeddable":true,"href":"https:\/\/www.europesays.com\/fr\/wp-json\/wp\/v2\/users\/2"}],"replies":[{"embeddable":true,"href":"https:\/\/www.europesays.com\/fr\/wp-json\/wp\/v2\/comments?post=580505"}],"version-history":[{"count":0,"href":"https:\/\/www.europesays.com\/fr\/wp-json\/wp\/v2\/posts\/580505\/revisions"}],"wp:featuredmedia":[{"embeddable":true,"href":"https:\/\/www.europesays.com\/fr\/wp-json\/wp\/v2\/media\/580506"}],"wp:attachment":[{"href":"https:\/\/www.europesays.com\/fr\/wp-json\/wp\/v2\/media?parent=580505"}],"wp:term":[{"taxonomy":"category","embeddable":true,"href":"https:\/\/www.europesays.com\/fr\/wp-json\/wp\/v2\/categories?post=580505"},{"taxonomy":"post_tag","embeddable":true,"href":"https:\/\/www.europesays.com\/fr\/wp-json\/wp\/v2\/tags?post=580505"}],"curies":[{"name":"wp","href":"https:\/\/api.w.org\/{rel}","templated":true}]}}