{"id":580507,"date":"2025-12-05T19:23:21","date_gmt":"2025-12-05T19:23:21","guid":{"rendered":"https:\/\/www.europesays.com\/fr\/580507\/"},"modified":"2025-12-05T19:23:21","modified_gmt":"2025-12-05T19:23:21","slug":"miss-france-2026-pourquoi-certaines-regions-nont-elles-jamais-remporte-le-prestigieux-concours-de-beaute","status":"publish","type":"post","link":"https:\/\/www.europesays.com\/fr\/580507\/","title":{"rendered":"Miss France 2026\u00a0: pourquoi certaines r\u00e9gions n\u2019ont-elles jamais remport\u00e9 le prestigieux concours de beaut\u00e9\u00a0?"},"content":{"rendered":"<p>\n                                                                La 75e \u00e9dition de Miss France se tient ce samedi 6\u00a0d\u00e9cembre 2025 \u00e0 Amiens. Si l\u2019\u00cele-de-France, la Provence ou l\u2019Alsace cumulent les victoires, d\u2019autres r\u00e9gions n\u2019ont jamais remport\u00e9 le titre. Pour quelles raisons\u00a0?\n                            <\/p>\n<p>La 75e \u00e9dition du concours Miss France <a href=\"https:\/\/www.midilibre.fr\/2025\/12\/04\/miss-france-2026-heure-de-diffusion-chaine-composition-du-jury-ce-quil-faut-savoir-pour-suivre-le-concours-de-beaute-13085644.php#:~:text=Le%20concours%20est%20%C3%A0%20suivre,h%2F1%20h%20du%20matin.\" target=\"_self\" rel=\"noopener\">se tient ce samedi 6\u00a0d\u00e9cembre au Z\u00e9nith d\u2019Amiens.<\/a> Anim\u00e9e par Jean-Pierre Foucault, la soir\u00e9e promet d\u2019\u00eatre riche en \u00e9motions. Mais \u00e0 la fin, une seule repartira avec la couronne. Si certaines r\u00e9gions ont d\u00e9j\u00e0 <a href=\"https:\/\/www.midilibre.fr\/2025\/12\/03\/miss-france-2026-ce-dispositif-inedit-dont-va-beneficier-la-gagnante-du-concours-13087714.php\" target=\"_self\" rel=\"noopener\">gagn\u00e9 plusieurs fois le prestigieux titre<\/a>, d\u2019autres ne l\u2019ont jamais remport\u00e9.<\/p>\n<p>Avec 16 Miss France \u00e9lues, l\u2019\u00cele-de-France est la r\u00e9gion la plus titr\u00e9e. Derri\u00e8re, Provence-Alpes-C\u00f4te d\u2019Azur en compte 8, puis Alsace, Normandie et Nouvelle-Aquitaine en totalisent chacune 7. \u00c0 l\u2019inverse, le Limousin, la Champagne-Ardenne, l\u2019Auvergne ou encore Mayotte attendent toujours leur premi\u00e8re victoire. Pourquoi un tel d\u00e9s\u00e9quilibre\u00a0? On vous explique.<\/p>\n<p>Un vivier in\u00e9gal selon les r\u00e9gions<\/p>\n<p>Certaines r\u00e9gions disposent d\u2019un r\u00e9servoir de candidates bien plus large.<a href=\"https:\/\/www.midilibre.fr\/2023\/12\/18\/pourquoi-tant-de-miss-france-viennent-du-nord-pas-de-calais-ces-dernieres-annees-eve-gilles-est-la-4e-elue-en-10-ans-11650251.php\" target=\"_self\" rel=\"noopener\"> Le Nord-Pas-de-Calais est un exemple frappant<\/a>\u00a0: population importante, et multiplication de concours locaux (Miss Lille, Miss Flandres\u2026) qui rep\u00e8rent et forment un grand nombre de jeunes femmes avant l\u2019\u00e9lection r\u00e9gionale. Ce qu\u2019avait remarqu\u00e9 Sylvie Tellier, l\u2019ancienne directrice g\u00e9n\u00e9rale de la soci\u00e9t\u00e9 Miss France, en qualifiant la r\u00e9gion de \u00ab\u00a0terre de miss\u00a0\u00bb.<\/p>\n<p>Cette tradition cr\u00e9e un cercle vertueux\u00a0: les candidates s\u2019engagent nombreuses, les comit\u00e9s se renforcent, les habitants soutiennent, comme le montrent les victoires de Camille Cerf en 2015, Iris Mittenaere en 2016, Ma\u00ebva Coucke en 2018 ou encore <a href=\"https:\/\/www.midilibre.fr\/2023\/12\/17\/une-fonceuse-et-meme-une-guerriere-etudiante-feministe-decouvrez-qui-est-eve-gilles-elue-miss-france-2024-11647886.php\" target=\"_self\" rel=\"noopener\">\u00c8ve Gilles en 2024.<\/a><\/p>\n<p>Ce n\u2019est \u00e9videmment pas une r\u00e8gle absolue\u00a0: le fait d\u2019appartenir \u00e0 une r\u00e9gion peu peupl\u00e9e ou sans \u00ab\u00a0tradition de concours\u00a0\u00bb ne ferme pas la porte. Mais cela rend la probabilit\u00e9 d\u2019une victoire plus faible, statistiquement.<\/p>\n<p>Une pr\u00e9paration intensive mais pas partout<\/p>\n<p>Certaines candidates b\u00e9n\u00e9ficient aussi d\u2019un entra\u00eenement intensif avant le grand soir comme le Nord-Pas-de-Calais\u00a0: d\u00e9fil\u00e9, prise de parole, gestion du stress, entra\u00eenements\u2026 Une v\u00e9ritable \u00ab\u00a0pr\u00e9paration de haut niveau\u00a0\u00bb avant le concours national.<\/p>\n<p>D\u2019ailleurs, lorsqu\u2019Eve Gilles a pris la parole en direct lors de l\u2019\u00e9lection de Miss France 2024, elle avait d\u00e9j\u00e0 v\u00e9cu une exp\u00e9rience similaire quelques semaines plus t\u00f4t, en s\u2019exprimant devant les 5\u00a0200 spectateurs de l\u2019Arena de Li\u00e9vin, pr\u00e8s de Lens.<\/p>\n<p>La visibilit\u00e9 pour exister aupr\u00e8s du public<\/p>\n<p>Aujourd\u2019hui, une miss doit \u00eatre vue pour exister\u00a0: \u00e9v\u00e9nements locaux, matchs de foot ou de rugby, m\u00e9dias r\u00e9gionaux\u2026 Cette visibilit\u00e9 permet au public de s\u2019attacher \u00e0 elle, et donc de voter. Mais cela d\u00e9pend directement des moyens du comit\u00e9 r\u00e9gional\u00a0: sans budget, sans r\u00e9seau, la candidate reste dans l\u2019ombre et l\u2019\u00e9cart se creuse.<\/p>\n<p>Le d\u00e9l\u00e9gu\u00e9 du comit\u00e9 r\u00e9gional Miss Languedoc Thierry Mazars le confirme\u00a0: \u00ab\u00a0Il faut la voir partout, sans arr\u00eat\u00a0\u00bb, et il faut aussi \u00ab\u00a0motiver les gens \u00e0 voter\u00a0\u00bb. Dans des r\u00e9gions mobilis\u00e9es et structurellement organis\u00e9es, comme le Nord-Pas-de-Calais o\u00f9, selon lui, \u00ab\u00a0ils sont fous des miss\u00a0\u00bb et \u00ab\u00a0ils mettent les moyens\u00a0\u00bb, les candidates deviennent de v\u00e9ritables piliers r\u00e9gionaux. R\u00e9sultat\u00a0: le public se mobilise massivement, ce qui peut peser lourd lors du vote final puisque la reine du concours est soumise aux votes \u00e0 50\/50 du jury et des t\u00e9l\u00e9spectateurs.<\/p>\n<p>\u00c0 l\u2019inverse, les r\u00e9gions moins m\u00e9diatis\u00e9es, moins financ\u00e9es, voient leurs miss partir avec un d\u00e9savantage de notori\u00e9t\u00e9. Non pas faute de talent, mais faute de soutien visible et constant.<\/p>\n<p>    Quelles sont les r\u00e9gions les plus titr\u00e9es\u00a0?<\/p>\n<p>Les victoires des miss par r\u00e9gion depuis 1920, d\u2019apr\u00e8s une carte r\u00e9alis\u00e9e par <a href=\"https:\/\/www.francebleu.fr\/infos\/medias-people\/miss-france-quelle-region-a-le-plus-souvent-remporte-le-concours-9023756\" target=\"_self\" rel=\"noopener\">France Bleu\u00a0<\/a>:<\/p>\n<ul>\n<li>Ile-de-France\u00a0: 16<\/li>\n<li>Provence-Alpes-C\u00f4te d&rsquo;Azur\u00a0: 8<\/li>\n<li>Alsace\u00a0: 7<\/li>\n<li>Aquitaine\u00a0: 7<\/li>\n<li>Normandie\u00a0: 7<\/li>\n<li>Bretagne\u00a0: 6<\/li>\n<li>Rh\u00f4ne-Alpes\u00a0: 5<\/li>\n<li>Tahiti\u00a0: 5<\/li>\n<li>Guadeloupe\u00a0: 4<\/li>\n<li>Languedoc-Roussillon\u00a0: 4<\/li>\n<li>Pays de la Loire\u00a0: 4<\/li>\n<li>Picardie\u00a0: 4<\/li>\n<li>Poitou-Charentes\u00a0: 4<\/li>\n<li>Lorraine\u00a0: 3<\/li>\n<li>Nord-Pas-de-Calais\u00a0: 4<\/li>\n<li>Bourgogne\u00a0: 2 (3 en r\u00e9alit\u00e9, mais l\u2019une d\u2019entre elles a \u00e9t\u00e9 destitu\u00e9e en cours de r\u00e8gne)<\/li>\n<li>Franche-Comt\u00e9\u00a0: 2<\/li>\n<li>La R\u00e9union\u00a0: 2<\/li>\n<li>Midi-Pyr\u00e9n\u00e9es\u00a0: 2<\/li>\n<li>Centre-Val de Loire\u00a0: 1<\/li>\n<li>Corse\u00a0: 1<\/li>\n<li>Guyane\u00a0: 1<\/li>\n<li>Martinique\u00a0: 1<\/li>\n<li>Nouvelle-Cal\u00e9donie\u00a0: 1<\/li>\n<\/ul>\n","protected":false},"excerpt":{"rendered":"La 75e \u00e9dition de Miss France se tient ce samedi 6\u00a0d\u00e9cembre 2025 \u00e0 Amiens. Si l\u2019\u00cele-de-France, la Provence&hellip;\n","protected":false},"author":2,"featured_media":580508,"comment_status":"","ping_status":"","sticky":false,"template":"","format":"standard","meta":{"footnotes":""},"categories":[4],"tags":[11,58,1011,27,3034,12,25,68925],"class_list":{"0":"post-580507","1":"post","2":"type-post","3":"status-publish","4":"format-standard","5":"has-post-thumbnail","7":"category-france","8":"tag-actualites","9":"tag-divertissement","10":"tag-fr","11":"tag-france","12":"tag-miss-france","13":"tag-news","14":"tag-republique-francaise","15":"tag-tu00e9lu00e9-mu00e9dias"},"share_on_mastodon":{"url":"https:\/\/pubeurope.com\/@fr\/115668595714761359","error":""},"_links":{"self":[{"href":"https:\/\/www.europesays.com\/fr\/wp-json\/wp\/v2\/posts\/580507","targetHints":{"allow":["GET"]}}],"collection":[{"href":"https:\/\/www.europesays.com\/fr\/wp-json\/wp\/v2\/posts"}],"about":[{"href":"https:\/\/www.europesays.com\/fr\/wp-json\/wp\/v2\/types\/post"}],"author":[{"embeddable":true,"href":"https:\/\/www.europesays.com\/fr\/wp-json\/wp\/v2\/users\/2"}],"replies":[{"embeddable":true,"href":"https:\/\/www.europesays.com\/fr\/wp-json\/wp\/v2\/comments?post=580507"}],"version-history":[{"count":0,"href":"https:\/\/www.europesays.com\/fr\/wp-json\/wp\/v2\/posts\/580507\/revisions"}],"wp:featuredmedia":[{"embeddable":true,"href":"https:\/\/www.europesays.com\/fr\/wp-json\/wp\/v2\/media\/580508"}],"wp:attachment":[{"href":"https:\/\/www.europesays.com\/fr\/wp-json\/wp\/v2\/media?parent=580507"}],"wp:term":[{"taxonomy":"category","embeddable":true,"href":"https:\/\/www.europesays.com\/fr\/wp-json\/wp\/v2\/categories?post=580507"},{"taxonomy":"post_tag","embeddable":true,"href":"https:\/\/www.europesays.com\/fr\/wp-json\/wp\/v2\/tags?post=580507"}],"curies":[{"name":"wp","href":"https:\/\/api.w.org\/{rel}","templated":true}]}}