{"id":580511,"date":"2025-12-05T19:26:24","date_gmt":"2025-12-05T19:26:24","guid":{"rendered":"https:\/\/www.europesays.com\/fr\/580511\/"},"modified":"2025-12-05T19:26:24","modified_gmt":"2025-12-05T19:26:24","slug":"la-vraie-coupe-deurope-faisait-plus-rever-regrette-le-toulousain-thomas-ramos","status":"publish","type":"post","link":"https:\/\/www.europesays.com\/fr\/580511\/","title":{"rendered":"\u00abLa vraie coupe d\u2019Europe faisait plus r\u00eaver\u00bb, regrette le Toulousain Thomas Ramos"},"content":{"rendered":"<p>\n    L\u2019arri\u00e8re des Bleus, de retour avec Toulouse pour affronter les Sud-Africains de Durban dimanche en Champions Cup, s\u2019est montr\u00e9 critique avec la formule actuelle.<\/p>\n<p class=\"fig-paragraph\">Interrog\u00e9 ce vendredi en conf\u00e9rence de presse sur la forme actuelle de la Champions Cup, avec<a href=\"http:\/\/www.lefigaro.fr\/sports\/rugby\/coupe-d-europe\/champions-cup-a-quelle-heure-et-sur-quelle-chaine-voir-l-entree-en-lice-de-toulouse-et-antoine-dupont-contre-les-sharks-20251205\" data-fig-type=\"NewsFlash\" data-gtm-custom-categorie=\"navigation\" data-gtm-custom-action=\"crossclick\" data-gtm-custom-label=\"Contextuel\" data-gtm-event=\"customEventSPE\" data-fig-domain=\"LEFIGARO\" target=\"_blank\" rel=\"noopener\">\u00a0des provinces sud-africaines<\/a>\u00a0qui ne jouent pas toujours le jeu et d\u2019autres adversaires qui font parfois des impasses, Thomas Ramos n\u2019a pas m\u00e2ch\u00e9 ses mots.<\/p>\n<p class=\"fig-paragraph\">\u00abLa vraie H Cup, comme on l\u2019a connue enfant, faisait plus r\u00eaver. Mais je mentirai de dire qu\u2019une comp\u00e9tition ne me fait pas r\u00eaver. On joue pour gagner cette comp\u00e9tition-l\u00e0. Mais on voit qu\u2019ann\u00e9e apr\u00e8s ann\u00e9e, tu as des \u00e9quipes qui ne la jouent pas, d\u2019autres qui se permettent de faire tourner, d\u2019envoyer des mecs en vacances\u00bb, a d\u00e9plor\u00e9 l\u2019arri\u00e8re toulousain du XV de France, des propos relay\u00e9s par Actu Rugby.<\/p>\n<blockquote class=\"fig-quote&#10;    \">\n<p class=\"fig-quote__text\">Si tu t\u2019amuses \u00e0 compter combien d\u2019\u00e9quipes jouent vraiment cette comp\u00e9tition, avec tes deux mains tu en as largement assez. Cela pose probl\u00e8me, je pense&#8230;<\/p>\n<p>            Thomas Ramos\n    <\/p><\/blockquote>\n<p>                                            <a class=\"fig-a11y-skip\" href=\"#fig-a11y-skip-main-inarticle\" data-module=\"a11y-skip\" data-context=\"was @visible\"><br \/>\n    Passer la publicit\u00e9<br \/>\n<\/a>            <\/p>\n<p class=\"fig-paragraph\">\u00abSi tu t\u2019amuses \u00e0 compter combien d\u2019\u00e9quipes jouent vraiment cette comp\u00e9tition, avec tes deux mains tu en as largement assez. Cela pose probl\u00e8me, je pense&#8230; Nous, nous sommes motiv\u00e9s pour la jouer \u00e0 fond\u00bb, a poursuivi le double champion d\u2019Europe (2021 et 2024).<\/p>\n<p class=\"fig-body-link\">\n            \u00c0 lire aussi<br \/>\n        <a class=\"fig-body-link__link\" href=\"https:\/\/www.lefigaro.fr\/sports\/rugby\/coupe-d-europe\/qui-va-remporter-la-champions-cup-de-rugby-20251205\" data-fig-type=\"Poll\" data-gtm-custom-categorie=\"navigation\" data-gtm-custom-action=\"crossclick\" data-gtm-custom-label=\"Contextuel\" data-gtm-event=\"customEventSPE\" data-fig-domain=\"LEFIGARO\" target=\"_blank\" rel=\"noopener\"><\/p>\n<p>        Qui va remporter la Champions Cup de rugby\u00a0?<br \/>\n    <\/a>\n<\/p>\n<p class=\"fig-paragraph\">Qui reconna\u00eet cependant retrouver les frissons quand d\u00e9marre la phase \u00e0 \u00e9limination directe. \u00abCe qui est bien, c\u2019est que les finales se jouent dans des grands stades. Cette ann\u00e9e, \u00e7a se joue \u00e0 Bilbao, o\u00f9 il y a rarement des matchs de rugby. Cela donne quelque chose de plus. Nous avions eu la chance d\u2019aller \u00e0 Tottenham et son stade incroyable. J\u2019esp\u00e8re que notre parcours nous permettra d\u2019aller jusqu\u2019\u00e0 Bilbao\u2026\u00bb<\/p>\n","protected":false},"excerpt":{"rendered":"L\u2019arri\u00e8re des Bleus, de retour avec Toulouse pour affronter les Sud-Africains de Durban dimanche en Champions Cup, s\u2019est&hellip;\n","protected":false},"author":2,"featured_media":580512,"comment_status":"","ping_status":"","sticky":false,"template":"","format":"standard","meta":{"footnotes":""},"categories":[1416],"tags":[3460,1011,27,479,1468,60,476,8541],"class_list":{"0":"post-580511","1":"post","2":"type-post","3":"status-publish","4":"format-standard","5":"has-post-thumbnail","7":"category-rugby","8":"tag-champions-cup","9":"tag-fr","10":"tag-france","11":"tag-rugby","12":"tag-rugby-football","13":"tag-sports","14":"tag-stade-toulousain","15":"tag-thomas-ramos"},"share_on_mastodon":{"url":"https:\/\/pubeurope.com\/@fr\/115668608286608733","error":""},"_links":{"self":[{"href":"https:\/\/www.europesays.com\/fr\/wp-json\/wp\/v2\/posts\/580511","targetHints":{"allow":["GET"]}}],"collection":[{"href":"https:\/\/www.europesays.com\/fr\/wp-json\/wp\/v2\/posts"}],"about":[{"href":"https:\/\/www.europesays.com\/fr\/wp-json\/wp\/v2\/types\/post"}],"author":[{"embeddable":true,"href":"https:\/\/www.europesays.com\/fr\/wp-json\/wp\/v2\/users\/2"}],"replies":[{"embeddable":true,"href":"https:\/\/www.europesays.com\/fr\/wp-json\/wp\/v2\/comments?post=580511"}],"version-history":[{"count":0,"href":"https:\/\/www.europesays.com\/fr\/wp-json\/wp\/v2\/posts\/580511\/revisions"}],"wp:featuredmedia":[{"embeddable":true,"href":"https:\/\/www.europesays.com\/fr\/wp-json\/wp\/v2\/media\/580512"}],"wp:attachment":[{"href":"https:\/\/www.europesays.com\/fr\/wp-json\/wp\/v2\/media?parent=580511"}],"wp:term":[{"taxonomy":"category","embeddable":true,"href":"https:\/\/www.europesays.com\/fr\/wp-json\/wp\/v2\/categories?post=580511"},{"taxonomy":"post_tag","embeddable":true,"href":"https:\/\/www.europesays.com\/fr\/wp-json\/wp\/v2\/tags?post=580511"}],"curies":[{"name":"wp","href":"https:\/\/api.w.org\/{rel}","templated":true}]}}