{"id":580515,"date":"2025-12-05T19:31:12","date_gmt":"2025-12-05T19:31:12","guid":{"rendered":"https:\/\/www.europesays.com\/fr\/580515\/"},"modified":"2025-12-05T19:31:12","modified_gmt":"2025-12-05T19:31:12","slug":"des-jokers-pour-les-trois-meilleures-equipes-francaises-en-2026-actualite","status":"publish","type":"post","link":"https:\/\/www.europesays.com\/fr\/580515\/","title":{"rendered":"Des jokers pour les trois meilleures \u00e9quipes fran\u00e7aises en 2026 &#8211; Actualit\u00e9"},"content":{"rendered":"<p style=\"text-align: justify;\"><strong>En 2026, certaines \u00e9quipes professionnelles hommes n\u2019auront plus l\u2019obligation de participer \u00e0 l\u2019ensemble du calendrier pro fran\u00e7ais contrairement \u00e0 ce que pr\u00e9voyait jusqu\u2019ici le r\u00e8glement de la Ligue Nationale de Cyclisme. Il s\u2019agit des formations appel\u00e9es \u00e0 disputer l\u2019int\u00e9gralit\u00e9 du calendrier WorldTour, \u00e0 savoir Decathlon CMA CGM, Groupama-FDJ et Cofidis, qui devrait figurer parmi les trois ProTeams invit\u00e9es. Pour DirectVelo, Xavier Jan, pr\u00e9sident de la Ligue Nationale de Cyclisme, en dit plus sur ce changement de r\u00e8glement.<\/strong><\/p>\n<p style=\"text-align: justify;\"><strong>DirectVelo : Pourquoi la mise en place de cette r\u00e8gle en 2026 ?<\/strong><br \/>Xavier Jan : Il y avait la volont\u00e9 d&rsquo;avoir des solutions pour s&rsquo;adapter face \u00e0 des strat\u00e9gies o\u00f9 on peut se retrouver pour une \u00e9quipe avec deux fronts WorldTour, un stage, une autre comp\u00e9tition ou avec des impr\u00e9vus, comme une infirmerie remplie. La r\u00e8gle est tr\u00e8s claire. Elle va s&rsquo;appliquer pour les \u00e9quipes fran\u00e7aises du WorldTour et une \u00e9ventuelle ProTeam qui serait qualifi\u00e9e d&rsquo;office pour les courses WorldTour, possiblement Cofidis, en 2026.<\/p>\n<p><strong>Concr\u00e8tement, \u00e0 quoi va ressembler cette r\u00e8gle ?<\/strong><br \/>Il y aura collectivement la possibilit\u00e9 d&rsquo;avoir, pour l&rsquo;ann\u00e9e enti\u00e8re, huit jokers. Les \u00e9quipes auront \u00e0 leur charge de se les r\u00e9partir. Il ne peut y avoir qu&rsquo;un seul joker utilis\u00e9 sur une m\u00eame \u00e9preuve. Une \u00e9quipe qui pose un joker sur une course ne peut pas en poser un autre sur la m\u00eame \u00e9preuve l&rsquo;ann\u00e9e suivante. Sur ces huit jokers, elles ne pourront en utiliser que trois pour faire une course ProSeries \u00e0 l&rsquo;\u00e9tranger. On comprend qu\u2019il peut y avoir des demandes des partenaires des \u00e9quipes qui ont des imp\u00e9ratifs ou des int\u00e9r\u00eats commerciaux dans un autre pays.<\/p>\n<p><strong>\u00ab ANTICIPER UN \u00c9VENTUEL PROBL\u00c8ME \u00bb<\/strong><\/p>\n<p><strong>Est-ce qu\u2019il y a un nombre maximum de jokers pour une \u00e9quipe ? Imaginons qu\u2019une seule structure ait pris les huit jokers en fin de saison\u2026<\/strong><br \/>Ce point-l\u00e0 n\u2019a pas \u00e9t\u00e9 \u00e9voqu\u00e9 mais \u00e7a ne me para\u00eet pas dans l&rsquo;esprit de ce qui a \u00e9t\u00e9 d\u00e9cid\u00e9. Les autres \u00e9quipes ne seraient pas d&rsquo;accord. Elles ont affich\u00e9 leur volont\u00e9 de tout faire mais elles ne sont pas non plus \u00e0 l&rsquo;abri d\u2019un bless\u00e9. En tout cas, il n\u2019y a pas d\u2019obligation de tous les utiliser.<\/p>\n<p><strong>Les \u00e9quipes auraient-elles un d\u00e9lai \u00e0 respecter pour faire part de leur absence ?<\/strong><br \/>Le joker n&rsquo;est pas soumis \u00e0 validation. Il y a un protocole mis en place. C&rsquo;est l&rsquo;AC 2000 (Association des Groupes Cyclistes Professionnels, NDLR) qui va g\u00e9rer l&rsquo;utilisation des jokers entre les trois \u00e9quipes. Elles ne vont pas afficher l&rsquo;ensemble des jokers la semaine prochaine. Le but n\u2019est pas de dire maintenant \u201con ne sera pas l\u00e0 sur telle course\u201d. L\u2019id\u00e9e, c\u2019est de garder une marge. Elles ont \u00e0 la base la volont\u00e9 de faire tout le calendrier, mais elles ont voulu anticiper un \u00e9ventuel probl\u00e8me d\u2019effectif avec les \u00e9volutions r\u00e9glementaires et un calendrier WorldTour devenu obligatoire dans son int\u00e9gralit\u00e9.<\/p>\n<p><strong>\u00ab IL FAUT TRAVAILLER EN INTELLIGENCE \u00bb<\/strong><\/p>\n<p><strong>Jusqu\u2019\u00e0 pr\u00e9sent, il pouvait y avoir trop souvent le probl\u00e8me qu\u2019un coureur \u00e9tait appel\u00e9 \u00e0 boucher un trou\u2026<\/strong><br \/>Dans les \u00e9quipes, \u00e7a travaille diff\u00e9remment que par le pass\u00e9. Elles impliquent les coureurs dans la programmation des objectifs. Quand vous avez fait un travail de fond et motiv\u00e9 les coureurs pour se projeter dans leur r\u00f4le dans une comp\u00e9tition \u00e0 venir, aussi bien comme leader qu&rsquo;\u00e9quipier\u2026 Clairement, ils ont un programme \u00e9tabli d&rsquo;entra\u00eenement par rapport \u00e0 des objectifs et si \u00e0 quinze jours de la course, vous leur dites qu&rsquo;il manque des mecs et qu&rsquo;ils doivent absolument venir\u2026 On parle de performances de tr\u00e8s haut niveau aujourd&rsquo;hui. Il faut donc travailler en intelligence. Le v\u00e9lo d\u2019il y a 20 ans, ce n&rsquo;est plus celui d\u2019aujourd\u2019hui. Pour autant, il faut garder notre ancrage et nos organisations parce que c&rsquo;est aussi notre force. On essaie de trouver au sein de la Ligue un \u00e9quilibre. Il y a un espace de discussions entre les diff\u00e9rentes parties prenantes.<\/p>\n<p><strong>Pour l\u2019heure, \u00e7a ne concerne que 2026\u2026<\/strong><br \/>On s&rsquo;est engag\u00e9 \u00e0 travailler conjointement, d\u00e8s le d\u00e9but de l&rsquo;ann\u00e9e prochaine, sur la structuration du calendrier 2027. Aujourd&rsquo;hui, m\u00eame si on doit d\u00e9finir un numerus clausus, le probl\u00e8me n&rsquo;est pas tant le nombre d&rsquo;\u00e9preuves mais la structuration du calendrier. Ce n&rsquo;est pas parce qu&rsquo;on enl\u00e8verait X jours de comp\u00e9tition que l&rsquo;on serait dans une meilleure situation. Il vaut mieux engager, et je crois que c&rsquo;est la volont\u00e9 de tous, une r\u00e9flexion pour voir s\u2019il y a une ou deux p\u00e9riodes qui posent vraiment probl\u00e8me. Il faudra r\u00e9fl\u00e9chir ensemble pour am\u00e9nager ces p\u00e9riodes et d\u00e9placer dans le calendrier des \u00e9preuves pour qu&rsquo;on ne se retrouve pas confront\u00e9 \u00e0 l&rsquo;obligation d&rsquo;utiliser des jokers ou tous les jokers.<\/p>\n<p style=\"text-align: justify;\">\u00a0<\/p>\n","protected":false},"excerpt":{"rendered":"En 2026, certaines \u00e9quipes professionnelles hommes n\u2019auront plus l\u2019obligation de participer \u00e0 l\u2019ensemble du calendrier pro fran\u00e7ais contrairement&hellip;\n","protected":false},"author":2,"featured_media":580516,"comment_status":"","ping_status":"","sticky":false,"template":"","format":"standard","meta":{"footnotes":""},"categories":[1411],"tags":[834,828,836,829,837,827,83,826,824,823,1154,207,814,817,815,816,822,821,832,211,839,1011,27,820,818,819,835,831,830,833,838,60,212,208,825],"class_list":{"0":"post-580515","1":"post","2":"type-post","3":"status-publish","4":"format-standard","5":"has-post-thumbnail","7":"category-cyclisme","8":"tag-attaque","9":"tag-belgique","10":"tag-braquet","11":"tag-bretagne","12":"tag-chute","13":"tag-competition","14":"tag-coupe-de-france","15":"tag-coureur","16":"tag-course-cyclisme","17":"tag-course-cycliste","18":"tag-cycling","19":"tag-cyclisme","20":"tag-direct","21":"tag-direct-velo","22":"tag-directvelo","23":"tag-directvelo-com","24":"tag-epreuve","25":"tag-epreuve-cycliste","26":"tag-federation-francaise-de-cyclisme","27":"tag-ffc","28":"tag-flandres","29":"tag-fr","30":"tag-france","31":"tag-live","32":"tag-live-course","33":"tag-live-epreuve","34":"tag-peloton","35":"tag-radio-peloton","36":"tag-radio-tour","37":"tag-ravitaillement","38":"tag-relance","39":"tag-sports","40":"tag-uci","41":"tag-velo","42":"tag-velos"},"share_on_mastodon":{"url":"https:\/\/pubeurope.com\/@fr\/115668627314358458","error":""},"_links":{"self":[{"href":"https:\/\/www.europesays.com\/fr\/wp-json\/wp\/v2\/posts\/580515","targetHints":{"allow":["GET"]}}],"collection":[{"href":"https:\/\/www.europesays.com\/fr\/wp-json\/wp\/v2\/posts"}],"about":[{"href":"https:\/\/www.europesays.com\/fr\/wp-json\/wp\/v2\/types\/post"}],"author":[{"embeddable":true,"href":"https:\/\/www.europesays.com\/fr\/wp-json\/wp\/v2\/users\/2"}],"replies":[{"embeddable":true,"href":"https:\/\/www.europesays.com\/fr\/wp-json\/wp\/v2\/comments?post=580515"}],"version-history":[{"count":0,"href":"https:\/\/www.europesays.com\/fr\/wp-json\/wp\/v2\/posts\/580515\/revisions"}],"wp:featuredmedia":[{"embeddable":true,"href":"https:\/\/www.europesays.com\/fr\/wp-json\/wp\/v2\/media\/580516"}],"wp:attachment":[{"href":"https:\/\/www.europesays.com\/fr\/wp-json\/wp\/v2\/media?parent=580515"}],"wp:term":[{"taxonomy":"category","embeddable":true,"href":"https:\/\/www.europesays.com\/fr\/wp-json\/wp\/v2\/categories?post=580515"},{"taxonomy":"post_tag","embeddable":true,"href":"https:\/\/www.europesays.com\/fr\/wp-json\/wp\/v2\/tags?post=580515"}],"curies":[{"name":"wp","href":"https:\/\/api.w.org\/{rel}","templated":true}]}}