{"id":580519,"date":"2025-12-05T19:33:13","date_gmt":"2025-12-05T19:33:13","guid":{"rendered":"https:\/\/www.europesays.com\/fr\/580519\/"},"modified":"2025-12-05T19:33:13","modified_gmt":"2025-12-05T19:33:13","slug":"claudia-schiffer-face-au-prince-william-un-retour-inattendu-30-ans-apres-la-rencontre-orchestree-par-lady-di","status":"publish","type":"post","link":"https:\/\/www.europesays.com\/fr\/580519\/","title":{"rendered":"Claudia Schiffer face au prince William : un retour inattendu 30 ans apr\u00e8s la rencontre orchestr\u00e9e par Lady Di"},"content":{"rendered":"<p>Depuis le faste du <strong>banquet d&rsquo;\u00c9tat <\/strong>jusqu&rsquo;aux anecdotes les plus inattendues de la vie royale, certaines soir\u00e9es r\u00e9servent leur lot de surprises. <\/p>\n<p>Mercredi soir, alors que la tiare de <a href=\"https:\/\/www.public.fr\/tag\/kate-middleton\" target=\"_blank\" rel=\"noopener\">Kate Middleton<\/a> attirait tous les regards, une autre invit\u00e9e a discr\u00e8tement raviv\u00e9 un pan m\u00e9connu de l&rsquo;histoire du <a href=\"https:\/\/www.public.fr\/tag\/prince-william\" target=\"_blank\" rel=\"noopener\">prince William<\/a> : <a href=\"https:\/\/www.public.fr\/tag\/claudia-schiffer\" target=\"_blank\" rel=\"noopener\"><strong>Claudia Schiffer<\/strong><\/a>, ic\u00f4ne des ann\u00e9es 90, d\u00e9sormais <strong>Lady Drummond.<\/strong><\/p>\n<p>Claudia Schiffer vole la vedette en plein d\u00eener <\/p>\n<p>Si le glamour semblait monopolis\u00e9 par Kate Middleton, il a pourtant suffi de la pr\u00e9sence de Claudia Schiffer pour intriguer les observateurs pr\u00e9sents au banquet <strong>en l&rsquo;honneur du pr\u00e9sident allemand Frank-Walter Steinmeier.<\/strong><\/p>\n<p>\u00c0 55 ans, la mannequin affiche une carri\u00e8re hors norme et un titre inattendu&#8230; celui de Lady Drummond, h\u00e9rit\u00e9 de l&rsquo;anoblissement de son mari, le r\u00e9alisateur Matthew Vaughn, \u00e9lev\u00e9 au rang de Lord par le roi Charles en juillet dernier.<\/p>\n<p>Plac\u00e9e juste derri\u00e8re le souverain britannique et non loin du Premier ministre Keir Starmer, la top s&rsquo;est retrouv\u00e9e au c\u0153ur du protocole. Preuve de <strong>son lien avec la famille royale !<\/strong><\/p>\n<p>Un souvenir d&rsquo;adolescence pour le prince William <\/p>\n<p>Selon les informations relay\u00e9es par nos confr\u00e8res de <a href=\"https:\/\/people.com\/prince-william-just-had-a-90s-supermodel-reunion-with-claudia-schiffer-tk-years-after-princess-diana-introduced-them-11861586?utm_campaign=people&amp;utm_content=likeshop&amp;utm_medium=social&amp;utm_source=instagram\" target=\"_blank\" rel=\"noreferrer noopener\">People<\/a>, Claudia Schiffer fait partie des figures qui ont marqu\u00e9 l&rsquo;adolescence du prince William. Et ce, gr\u00e2ce \u00e0 une surprise orchestr\u00e9e par la princesse Diana elle-m\u00eame.<\/p>\n<p>En 2020, Naomi Campbell avait racont\u00e9 dans No Filter with Naomi que <strong>Diana avait invit\u00e9 Campbell, Schiffer et Christy Turlington au palais pour f\u00eater l&rsquo;anniversaire de son fils.<\/strong> \u00ab\u00a0On ne savait pas quoi faire en attendant qu&rsquo;il rentre de l&rsquo;\u00e9cole\u00a0\u00bb, avait-elle plaisant\u00e9. \u00ab\u00a0C&rsquo;\u00e9tait vraiment adorable.\u00a0\u00bb<\/p>\n<p>Le prince William a d&rsquo;ailleurs confirm\u00e9 ce souvenir dans le documentaire Diana, notre m\u00e8re. Sa vie et son h\u00e9ritage : \u00ab\u00a0<strong>J\u2019avais 12 ou 13 ans. J\u2019avais des posters d\u2019elles dans ma chambre. J\u2019ai rougi comme une tomate\u2026 Je crois m\u00eame \u00eatre tomb\u00e9 dans les escaliers<\/strong>.\u00a0\u00bb<\/p>\n<p>Leurs chemins se sont recrois\u00e9s une premi\u00e8re fois en 2002 lors d&rsquo;un match de polo caritatif o\u00f9  Claudia Schiffer avait remis au jeune prince la Coupe Porcelanosa. De sacr\u00e9s souvenirs ! <\/p>\n<p>\n          Hits &amp; People en continu\n        <\/p>\n<p>\n          Public Radio\n        <\/p>\n<p>      Mentionn\u00e9s dans cet article<\/p>\n<p>      Sur le m\u00eame sujet<\/p>\n","protected":false},"excerpt":{"rendered":"Depuis le faste du banquet d&rsquo;\u00c9tat jusqu&rsquo;aux anecdotes les plus inattendues de la vie royale, certaines soir\u00e9es r\u00e9servent&hellip;\n","protected":false},"author":2,"featured_media":580520,"comment_status":"","ping_status":"","sticky":false,"template":"","format":"standard","meta":{"footnotes":""},"categories":[1359],"tags":[48165,69448,58,59,1011,27,973,3936],"class_list":{"0":"post-580519","1":"post","2":"type-post","3":"status-publish","4":"format-standard","5":"has-post-thumbnail","7":"category-people","8":"tag-claudia-schiffer","9":"tag-diana-spencer","10":"tag-divertissement","11":"tag-entertainment","12":"tag-fr","13":"tag-france","14":"tag-people","15":"tag-prince-william"},"share_on_mastodon":{"url":"https:\/\/pubeurope.com\/@fr\/115668635188840746","error":""},"_links":{"self":[{"href":"https:\/\/www.europesays.com\/fr\/wp-json\/wp\/v2\/posts\/580519","targetHints":{"allow":["GET"]}}],"collection":[{"href":"https:\/\/www.europesays.com\/fr\/wp-json\/wp\/v2\/posts"}],"about":[{"href":"https:\/\/www.europesays.com\/fr\/wp-json\/wp\/v2\/types\/post"}],"author":[{"embeddable":true,"href":"https:\/\/www.europesays.com\/fr\/wp-json\/wp\/v2\/users\/2"}],"replies":[{"embeddable":true,"href":"https:\/\/www.europesays.com\/fr\/wp-json\/wp\/v2\/comments?post=580519"}],"version-history":[{"count":0,"href":"https:\/\/www.europesays.com\/fr\/wp-json\/wp\/v2\/posts\/580519\/revisions"}],"wp:featuredmedia":[{"embeddable":true,"href":"https:\/\/www.europesays.com\/fr\/wp-json\/wp\/v2\/media\/580520"}],"wp:attachment":[{"href":"https:\/\/www.europesays.com\/fr\/wp-json\/wp\/v2\/media?parent=580519"}],"wp:term":[{"taxonomy":"category","embeddable":true,"href":"https:\/\/www.europesays.com\/fr\/wp-json\/wp\/v2\/categories?post=580519"},{"taxonomy":"post_tag","embeddable":true,"href":"https:\/\/www.europesays.com\/fr\/wp-json\/wp\/v2\/tags?post=580519"}],"curies":[{"name":"wp","href":"https:\/\/api.w.org\/{rel}","templated":true}]}}