{"id":580528,"date":"2025-12-05T19:39:19","date_gmt":"2025-12-05T19:39:19","guid":{"rendered":"https:\/\/www.europesays.com\/fr\/580528\/"},"modified":"2025-12-05T19:39:19","modified_gmt":"2025-12-05T19:39:19","slug":"covid-cest-confirme-pas-dexces-de-mortalite-lie-aux-vaccins","status":"publish","type":"post","link":"https:\/\/www.europesays.com\/fr\/580528\/","title":{"rendered":"Covid : c&rsquo;est confirm\u00e9, pas d&rsquo;exc\u00e8s de mortalit\u00e9 li\u00e9 aux vaccins"},"content":{"rendered":"<p>             <a href=\"https:\/\/ma-sante.news\/wp-content\/uploads\/2025\/12\/Vaccins-contre-le-Covid-19-ARN-messager-ils-naugmentent-pas-le-risque-de-mortalite-le-vaccin-ne-tue-pas-Ma-Sante.jpg\" data-caption=\"Non, les vaccins Covid ne tuent pas ; ils sauvent des vies. \u00a9 Freepik\" target=\"_blank\" rel=\"noopener\"><img loading=\"lazy\" decoding=\"async\" width=\"696\" height=\"463\" class=\"entry-thumb td-modal-image ewww_webp_lazy_load\" src=\"data:image\/svg+xml,%3Csvg%20xmlns=\" http:=\"\" data-lazy- data-lazy- alt=\"Un m\u00e9decin qui tient entre ses mains un des vaccins lanc\u00e9s pendant la pand\u00e9mie de covid-19.\" title=\"Vaccins contre le Covid-19 ARN messager ils n\u2019augmentent pas le risque de mortalite\u0301 le vaccin ne tue pas Ma Sante\u0301\" data-lazy-src=\"https:\/\/www.europesays.com\/fr\/wp-content\/uploads\/2025\/12\/Vaccins-contre-le-Covid-19-ARN-messager-ils-naugmentent-pas-le-risque-de-mortalite-le-vaccin-ne-tue-.jpeg\" data-lazy-src-webp=\"https:\/\/www.europesays.com\/fr\/wp-content\/uploads\/2025\/12\/Vaccins-contre-le-Covid-19-ARN-messager-ils-naugmentent-pas-le-risque-de-mortalite-le-vaccin-ne-tue-.jpeg.webp\" data-lazy-srcset-webp=\"https:\/\/www.europesays.com\/fr\/wp-content\/uploads\/2025\/12\/Vaccins-contre-le-Covid-19-ARN-messager-ils-naugmentent-pas-le-risque-de-mortalite-le-vaccin-ne-tue-.jpeg.webp 696w, https:\/\/ma-sante.news\/wp-content\/uploads\/2025\/12\/Vaccins-contre-le-Covid-19-ARN-messager-ils-naugmentent-pas-le-risque-de-mortalite-le-vaccin-ne-tue-pas-Ma-Sante-300x200.jpg.webp 300w, https:\/\/ma-sante.news\/wp-content\/uploads\/2025\/12\/Vaccins-contre-le-Covid-19-ARN-messager-ils-naugmentent-pas-le-risque-de-mortalite-le-vaccin-ne-tue-pas-Ma-Sante-768x511.jpg.webp 768w, https:\/\/ma-sante.news\/wp-content\/uploads\/2025\/12\/Vaccins-contre-le-Covid-19-ARN-messager-ils-naugmentent-pas-le-risque-de-mortalite-le-vaccin-ne-tue-pas-Ma-Sante-632x420.jpg.webp 632w, https:\/\/ma-sante.news\/wp-content\/uploads\/2025\/12\/Vaccins-contre-le-Covid-19-ARN-messager-ils-naugmentent-pas-le-risque-de-mortalite-le-vaccin-ne-tue-pas-Ma-Sante.jpg.webp 800w\"\/><\/a>Non, les vaccins Covid ne tuent pas ; ils sauvent des vies. \u00a9 Freepik                                    \t\t\t             <a class=\"gofollow\" data-track=\"MjgsMCw2MA==\" href=\"https:\/\/ma-sante.news\/inscrivez-vous-a-notre-newsletter\/\" target=\"_blank\" rel=\"noopener\"><img loading=\"lazy\" decoding=\"async\" width=\"1068\" height=\"131\" src=\"data:image\/svg+xml,%3Csvg%20xmlns=\" http:=\"\" data-lazy-src=\"https:\/\/www.europesays.com\/fr\/wp-content\/uploads\/2025\/03\/banniere-newsletter.png\"\/><\/a> <\/p>\n<p>Depuis 2021,<a href=\"https:\/\/ma-sante.news\/covid-vaccin-astrazeneca-pfizer-risques-efficacite\/\" target=\"_blank\" rel=\"noopener\"> les vaccins \u00e0 ARNm contre le Covid-19 (Pfizer-BioNTech et Moderna) <\/a>ont \u00e9t\u00e9 administr\u00e9s \u00e0 des millions de Fran\u00e7ais, puis discut\u00e9s, contest\u00e9s, d\u00e9fendus. Et dans ce brouhaha post-pand\u00e9mique, beaucoup se sont demand\u00e9s si le vaccin pouvait augmenter, \u00e0 long terme, le risque de mourir.<\/p>\n<p>Des chercheurs fran\u00e7ais de l\u2019organisme public EPI-PHARE (ANSM et Assurance Maladie) ont voulu v\u00e9rifier \u00e0 grande \u00e9chelle. Leur rapport, publi\u00e9 le 4 d\u00e9cembre 2025, conclut qu\u2019aucun signal d\u2019augmentation de la mortalit\u00e9 n\u2019a \u00e9t\u00e9 observ\u00e9 chez les vaccin\u00e9s, jusqu\u2019\u00e0 quatre ans apr\u00e8s injection. Mieux encore, la mortalit\u00e9 globale est plus faible chez les personnes vaccin\u00e9es<\/p>\n<p>        Que montrent les chiffres sur la mortalit\u00e9 des vaccin\u00e9s et des non-vaccin\u00e9s ?    <strong>Les vaccins contre le covid augmentent-ils le risque de d\u00e9c\u00e8s ?<\/strong>    <\/p>\n<p>28,7 millions de personnes de 18 \u00e0 59 ans ont \u00e9t\u00e9 observ\u00e9es. Parmi elles, 22,8 millions ont <a href=\"https:\/\/ma-sante.news\/vaccin-covid-19-arn-messager-est-lavenir-de-la-therapie-lyon\/\" target=\"_blank\" rel=\"noopener\">re\u00e7u un vaccin \u00e0 ARNm<\/a>, tandis que 5,9 millions ne l\u2019ont jamais re\u00e7u, entre mai et octobre 2021.\u00a0<\/p>\n<p>Les chercheurs ont ensuite crois\u00e9 les dossiers m\u00e9dicaux, les hospitalisations, les certificats de d\u00e9c\u00e8s, gr\u00e2ce au Syst\u00e8me national des donn\u00e9es de sant\u00e9. Le suivi s\u2019est prolong\u00e9 jusqu\u2019au 31 mars 2025, offrant pr\u00e8s de quatre ans de recul. Sur cette p\u00e9riode, les registres ont comptabilis\u00e9 :<\/p>\n<ul class=\"wp-block-list\">\n<li>Pour 22,8 millions de vaccin\u00e9s, 98 429 d\u00e9c\u00e8s chez les personnes vaccin\u00e9es<\/li>\n<li>Pour 5,9 millions de non vaccin\u00e9s, 32 662 d\u00e9c\u00e8s chez les non-vaccin\u00e9es<\/li>\n<\/ul>\n<p>Dit comme \u00e7a, l\u2019\u00e9cart de mortalit\u00e9 semble logique, il y a beaucoup plus de vaccin\u00e9s, donc la proportion de d\u00e9c\u00e8s para\u00eet coh\u00e9rente. Mais les chercheurs comparent les risques en tenant compte de l\u2019\u00e2ge, des comorbidit\u00e9s, du niveau socio-\u00e9conomique, de la localisation. Bref, ils gomment les diff\u00e9rences qui pourraient biaiser les r\u00e9sultats.\u00a0<\/p>\n<p>Et le risque de d\u00e9c\u00e8s toutes causes confondues est environ 25 % plus faible chez les vaccin\u00e9s. M\u00eame en appliquant un mod\u00e8le encore plus strict, l\u2019avantage persiste, autour de 20 %.\u00a0<\/p>\n<p>        <strong>Les donn\u00e9es confirment qu\u2019il n\u2019y a pas de surmortalit\u00e9 li\u00e9e aux vaccins<\/strong>    <\/p>\n<p>Il n\u2019y a aucune hausse de mortalit\u00e9 globale, pas de surmortalit\u00e9 cardiovasculaire, pas davantage de cancers chez les personnes vaccin\u00e9es. Au contraire,<a href=\"https:\/\/ma-sante.news\/mortalite-en-france-ce-que-2023-nous-dit-vraiment-sur-la-sante-des-francais\/\" target=\"_blank\" rel=\"noopener\"> les grandes causes de d\u00e9c\u00e8s<\/a> (<a href=\"https:\/\/ma-sante.news\/cancers-pourquoi-les-jeunes-sont-ils-de-plus-en-plus-touches\/\" target=\"_blank\" rel=\"noopener\">cancers<\/a>, <a href=\"https:\/\/ma-sante.news\/academie-nationale-medecine-alerte-inegalites-maladies-cardiovasculaires\/\" target=\"_blank\" rel=\"noopener\">maladies cardio-vasculaires<\/a>, accidents) apparaissent m\u00eame moins fr\u00e9quentes chez les vaccin\u00e9s.<\/p>\n<p>Les chercheurs restent prudents et rappellent que cet avantage pourrait \u00eatre partiellement li\u00e9 \u00e0 des diff\u00e9rences de mode de vie entre les groupes compar\u00e9s. Toutefois, un \u00e9l\u00e9ment ressort clairement de leur analyse. Rien ne laisse penser que les vaccins \u00e0 ARNm augmentent la mortalit\u00e9 ou qu\u2019ils repr\u00e9sentent un danger \u00e0 long terme.<\/p>\n<p>Lorsque l\u2019on s\u2019int\u00e9resse plus pr\u00e9cis\u00e9ment aux formes graves de Covid, les r\u00e9sultats sont encore plus parlants. Le risque de mourir d\u2019une infection s\u00e9v\u00e8re diminue de 74 % chez les personnes vaccin\u00e9es, un chiffre solide qui se comprend sans difficult\u00e9 et qui montre l\u2019efficacit\u00e9 r\u00e9elle de la vaccination pour pr\u00e9venir les d\u00e9c\u00e8s li\u00e9s au virus.<\/p>\n<p>Pour le dire simplement, le vaccin ne tue pas. Il prot\u00e8ge, et il prot\u00e8ge m\u00eame tr\u00e8s efficacement contre les formes mortelles du Covid-19.<\/p>\n<p>        Vaccin \u00e0 ARNm : efficace pour tout le monde ?\u00a0    <strong>Mais, pourquoi retrouve-t-on moins de d\u00e9c\u00e8s chez les personnes vaccin\u00e9es ?<\/strong>    <\/p>\n<p>L\u2019\u00e9tude avance une explication simple et presque sociologique. Les personnes vaccin\u00e9es seraient, en moyenne, davantage suivies m\u00e9dicalement, plus attentives \u00e0 leur sant\u00e9 et souvent mieux ins\u00e9r\u00e9es socialement.<\/p>\n<p>Les chercheurs parlent alors de \u00ab biais du vaccin\u00e9 sain \u00bb. Autrement dit, ce n\u2019est pas un pouvoir miraculeux de l\u2019ARN messager, mais plut\u00f4t un profil globalement plus favorable sur le plan sanitaire.<\/p>\n<p>Pour limiter cette diff\u00e9rence entre les groupes, les auteurs ont multipli\u00e9 les ajustements statistiques et les comparaisons. Ils ont m\u00eame recouru \u00e0 des \u00e9v\u00e9nements t\u00e9moins, comme les hospitalisations pour blessures ou accidents, afin de rep\u00e9rer d\u2019\u00e9ventuels biais persistants.\u00a0<\/p>\n<p>Apr\u00e8s correction, l\u2019avantage observ\u00e9 chez les personnes vaccin\u00e9es diminue l\u00e9g\u00e8rement, mais il reste bien pr\u00e9sent. Les chercheurs estiment qu\u2019il faudrait un facteur cach\u00e9 tr\u00e8s puissant pour annuler totalement cet effet, ce qui semble peu probable au vu de leurs analyses.<\/p>\n<p>        <strong>Vaccins \u00e0 ARNm : aucun signal inqui\u00e9tant \u00e0 court terme non plus.<\/strong>    <\/p>\n<p>Une sous-\u00e9tude s\u2019est pench\u00e9e sur 60 997 d\u00e9c\u00e8s recens\u00e9s entre mai 2021 et juillet 2022, en analysant particuli\u00e8rement les semaines qui suivaient l\u2019injection. Si un risque imm\u00e9diat existait, c\u2019est pr\u00e9cis\u00e9ment \u00e0 ce moment qu\u2019il serait apparu. Or, les donn\u00e9es ne montrent aucun exc\u00e8s de mortalit\u00e9. Mieux encore, la mortalit\u00e9 observ\u00e9e dans les six mois suivant la vaccination est environ 30 % plus faible.<\/p>\n<p>L\u2019explication pourrait, une fois de plus, en partie relever du profil des personnes vaccin\u00e9es, souvent plus attentives \u00e0 leur sant\u00e9. Cependant, m\u00eame en tenant compte de cet \u00e9l\u00e9ment, la conclusion reste nette. Aucune indication ne sugg\u00e8re un danger particulier du vaccin \u00e0 court terme.<\/p>\n<p>        Alors, faut-il encore avoir peur des vaccins ?    <\/p>\n<p>La science n\u2019est pas une instance qui statue une fois pour toutes. Elle avance par \u00e9tapes, elle observe, elle corrige, elle v\u00e9rifie encore et toujours. Les chercheurs d\u2019EPI-PHARE le rappellent d\u2019ailleurs avec prudence. Certaines donn\u00e9es restent incompl\u00e8tes, notamment pour les causes pr\u00e9cises de d\u00e9c\u00e8s apr\u00e8s 2023.\u00a0<\/p>\n<p>Ils mentionnent aussi la possibilit\u00e9 de fraudes au pass sanitaire, un ph\u00e9nom\u00e8ne difficile \u00e0 mesurer, qui pourrait m\u00eame conduire \u00e0 sous-estimer l\u2019effet protecteur du vaccin.<\/p>\n<p>Malgr\u00e9 ces pr\u00e9cautions, la lecture globale du rapport reste limpide. \u00c0 ce jour, et avec quatre ans de recul, aucune augmentation de la mortalit\u00e9 n\u2019est observ\u00e9e chez les personnes vaccin\u00e9es par ARNm contre le Covid-19. Il n\u2019existe pas de signal d\u2019alerte, pas de trace de surmortalit\u00e9 inqui\u00e9tante.<\/p>\n<blockquote class=\"wp-block-quote is-layout-flow wp-block-quote-is-layout-flow\">\n<p><strong>\u00c0 SAVOIR\u00a0<\/strong><\/p>\n<p>En France, plus de 54,2 millions de personnes ont re\u00e7u au moins une dose de vaccin contre le Covid-19, selon les derni\u00e8res actualisations d\u2019Ameli en 2023.<\/p>\n<\/blockquote>\n<p>  <a class=\"gofollow\" data-track=\"MTIsMCw2MA==\" href=\"https:\/\/ma-sante.news\/annonceurs\/\" target=\"_blank\" rel=\"noopener\"><img loading=\"lazy\" decoding=\"async\" width=\"2560\" height=\"2133\" src=\"data:image\/svg+xml,%3Csvg%20xmlns=\" http:=\"\" data-lazy-src=\"https:\/\/www.europesays.com\/fr\/wp-content\/uploads\/2025\/03\/pub-annonceurs-4-scaled.jpg\"\/><\/a>    <img loading=\"lazy\" decoding=\"async\" width=\"755\" height=\"495\" src=\"data:image\/svg+xml,%3Csvg%20xmlns=\" http:=\"\" data-lazy-src=\"https:\/\/www.europesays.com\/fr\/wp-content\/uploads\/2025\/03\/Image1.jpg\" data-lazy-src-webp=\"https:\/\/www.europesays.com\/fr\/wp-content\/uploads\/2025\/03\/Image1.jpg.webp\" class=\"ewww_webp_lazy_load\"\/>Inscrivez-vous \u00e0 notre newsletter <br \/>Ma Sant\u00e9                      <\/p>\n","protected":false},"excerpt":{"rendered":"Non, les vaccins Covid ne tuent pas ; ils sauvent des vies. \u00a9 Freepik Depuis 2021, les vaccins&hellip;\n","protected":false},"author":2,"featured_media":580529,"comment_status":"","ping_status":"","sticky":false,"template":"","format":"standard","meta":{"footnotes":""},"categories":[10],"tags":[4357,1011,27,72,71],"class_list":{"0":"post-580528","1":"post","2":"type-post","3":"status-publish","4":"format-standard","5":"has-post-thumbnail","7":"category-sante","8":"tag-covid-19","9":"tag-fr","10":"tag-france","11":"tag-health","12":"tag-sante"},"share_on_mastodon":{"url":"https:\/\/pubeurope.com\/@fr\/115668659023261309","error":""},"_links":{"self":[{"href":"https:\/\/www.europesays.com\/fr\/wp-json\/wp\/v2\/posts\/580528","targetHints":{"allow":["GET"]}}],"collection":[{"href":"https:\/\/www.europesays.com\/fr\/wp-json\/wp\/v2\/posts"}],"about":[{"href":"https:\/\/www.europesays.com\/fr\/wp-json\/wp\/v2\/types\/post"}],"author":[{"embeddable":true,"href":"https:\/\/www.europesays.com\/fr\/wp-json\/wp\/v2\/users\/2"}],"replies":[{"embeddable":true,"href":"https:\/\/www.europesays.com\/fr\/wp-json\/wp\/v2\/comments?post=580528"}],"version-history":[{"count":0,"href":"https:\/\/www.europesays.com\/fr\/wp-json\/wp\/v2\/posts\/580528\/revisions"}],"wp:featuredmedia":[{"embeddable":true,"href":"https:\/\/www.europesays.com\/fr\/wp-json\/wp\/v2\/media\/580529"}],"wp:attachment":[{"href":"https:\/\/www.europesays.com\/fr\/wp-json\/wp\/v2\/media?parent=580528"}],"wp:term":[{"taxonomy":"category","embeddable":true,"href":"https:\/\/www.europesays.com\/fr\/wp-json\/wp\/v2\/categories?post=580528"},{"taxonomy":"post_tag","embeddable":true,"href":"https:\/\/www.europesays.com\/fr\/wp-json\/wp\/v2\/tags?post=580528"}],"curies":[{"name":"wp","href":"https:\/\/api.w.org\/{rel}","templated":true}]}}