{"id":580532,"date":"2025-12-05T19:41:12","date_gmt":"2025-12-05T19:41:12","guid":{"rendered":"https:\/\/www.europesays.com\/fr\/580532\/"},"modified":"2025-12-05T19:41:12","modified_gmt":"2025-12-05T19:41:12","slug":"les-details-du-mariage-de-berenice-et","status":"publish","type":"post","link":"https:\/\/www.europesays.com\/fr\/580532\/","title":{"rendered":"les d\u00e9tails du mariage de B\u00e9r\u00e9nice et &#8230;"},"content":{"rendered":"<p>EN BREF<\/p>\n<ul class=\"bloc_resume_post_list\">\n<li>Carla et B\u00e9r\u00e9nice, interpr\u00e9t\u00e9es par Aaricia Lemaire et<br \/>\nB\u00e9r\u00e9nice Tannenberg, se marient dans \u00ab\u00a0Ici tout commence&rsquo; deux ans<br \/>\napr\u00e8s leur premier baiser.<\/li>\n<li>Les actrices ont activement particip\u00e9 aux pr\u00e9paratifs du<br \/>\nmariage, choisissant robes et maquillage pour cet \u00e9pisode<br \/>\nsp\u00e9cial.<\/li>\n<li>L&rsquo;\u00e9pisode promet \u00e9motions et surprises, avec un d\u00e9cor<br \/>\n\u00e9poustouflant et des invit\u00e9s myst\u00e9rieux pour entourer<br \/>\nB\u00e9r\u00e9nice.<\/li>\n<\/ul>\n<p>Apr\u00e8s Clotilde (Elsa Lunghini) et Joachim (Janis Abrikh),<br \/>\n<a href=\"https:\/\/www.telestar.fr\/serie_tv\/exclu-ici-tout-commence-nicolas-anselmo-eliott-et-mikael-mittelstadt-greg-font-leur-grand-retour-dans-la-serie-1679127\" target=\"_blank\" rel=\"noopener\"><br \/>\nGreg (Mika\u00ebl Mittelstadt) et Eliott (Nicolas Anselmo)<\/a> ou encore<br \/>\nHortense (Catherine Davdyzenka) et Mehdi (Marvin Pellegrino),<br \/>\nl\u2019heure est venue pour Ici tout commence de c\u00e9l\u00e9brer<br \/>\nl\u2019union d\u2019un nouveau couple embl\u00e9matique\u00a0! Deux ans apr\u00e8s leur<br \/>\npremier baiser \u00e0 l\u2019\u00e9cran, <a href=\"https:\/\/www.telestar.fr\/serie-tv\/exclu.-berenice-tannenberg-ici-tout-commence-avec-aaricia-on-ne-savait-pas-du-tout-que-carla-et-berenice-allaient-finir-ensemble-855952\" target=\"_blank\" rel=\"noopener\"><br \/>\nCarla et B\u00e9r\u00e9nice<\/a> <strong>ont d\u00e9cid\u00e9 de se dire oui<\/strong> \u00e0<br \/>\nl\u2019<a href=\"https:\/\/www.telestar.fr\/serie_tv\/exclu-ici-tout-commence-nouveau-decor-nouveaux-personnages-ce-renouveau-xxl-qui-va-bouleverser-la-serie-1737113\" target=\"_blank\" rel=\"noopener\">h\u00f4tel<br \/>\nJourdain<\/a>, r\u00e9cemment devenu annexe de l\u2019Institut Auguste Armand.<br \/>\nUne aventure r\u00e9jouissante pour leurs interpr\u00e8tes, Aaricia Lemaire<br \/>\net B\u00e9r\u00e9nice Tannenberg, ravies de pouvoir enfin sceller l\u2019amour de<br \/>\nleurs personnages.<\/p>\n<p><strong>\u00ab\u00a0Notre plus grande fiert\u00e9 est d\u2019avoir fait de notre<br \/>\nduo de fiction, un couple comme n\u2019importe quel<br \/>\nautre\u00a0\u00bb,<\/strong> confie l\u2019interpr\u00e8te de Carla. \u00ab\u00a0Carla et<br \/>\nB\u00e9r\u00e9nice, c\u2019est juste un couple comme les autres, deux personnes<br \/>\nqui s\u2019aiment. Si le feuilleton quotidien a une vocation, c\u2019est<br \/>\npeut-\u00eatre celle de traiter de tous les sujets de soci\u00e9t\u00e9, avec<br \/>\nsensibilit\u00e9 et humanit\u00e9\u00a0\u00bb, ajoute celle qui incarne B\u00e9r\u00e9nice<br \/>\nLeblond depuis 2023.<\/p>\n<p>Aaricia Lemaire et B\u00e9r\u00e9nice Tannenberg tr\u00e8s impliqu\u00e9es dans les<br \/>\npr\u00e9paratifs du mariage<\/p>\n<p>Tr\u00e8s soucieuses de rendre justice \u00e0 leur duo et \u00e0 leurs<br \/>\npersonnages respectifs, les deux jeunes com\u00e9diennes <strong>se sont<br \/>\nimpliqu\u00e9es corps et \u00e2me<\/strong> dans les pr\u00e9paratifs de cet<br \/>\n\u00e9pisode tr\u00e8s sp\u00e9cial. Elles sont all\u00e9es jusqu\u2019\u00e0 choisir leurs robes<br \/>\net leur maquillage, \u00e0 l\u2019image de v\u00e9ritables futures mari\u00e9es.<br \/>\n\u00ab\u00a0Nous avons la chance d\u2019avoir \u00e0 nos c\u00f4t\u00e9s des \u00e9quipes<br \/>\nformidables qui ont r\u00e9ussi \u00e0 retranscrire la beaut\u00e9 d\u2019un mariage et<br \/>\nnos envies dans nos costumes, confie l\u2019interpr\u00e8te de B\u00e9r\u00e9nice<br \/>\ndans les colonnes de T\u00e9l\u00e9 Star. <strong>Nous avons pris le<br \/>\ntemps de choisir chaque pi\u00e8ce<\/strong> et chaque \u00e9tape de la mise<br \/>\nen beaut\u00e9 pour qu\u2019elles correspondent au mieux \u00e0 B\u00e9r\u00e9nice. Je<br \/>\ntrouve le pari r\u00e9ussi.\u00a0\u00bb<\/p>\n<p>La t\u00e2che n\u2019a toutefois pas toujours \u00e9t\u00e9 facile, loin de<br \/>\nl\u00e0\u00a0! \u00ab\u00a0Il \u00e9tait essentiel d\u2019\u00eatre en symbiose pour illustrer<br \/>\nl\u2019union de Carla et B\u00e9r\u00e9nice, souligne Aaricia. <strong>On<br \/>\na d\u2019ailleurs ressenti un r\u00e9el stress le jour J,<\/strong> pouvant<br \/>\ns\u2019apparenter \u00e0 la pr\u00e9paration d\u2019un vrai mariage. <strong>Cette<br \/>\njourn\u00e9e \u00e9tait tr\u00e8s \u00e9mouvante pour B\u00e9r\u00e9nice et moi,<\/strong> qui<br \/>\naffectionnons tout particuli\u00e8rement nos personnages.\u00a0\u00bb<\/p>\n<p>\u00ab\u00a0De l\u2019amour, des rires, des larmes, de<br \/>\nla gastronomie et encore de l\u2019amour\u00a0\u00bb au programme<\/p>\n<p>\u00c0 l\u2019image du tournage, l\u2019\u00e9pisode du mariage de Carla et B\u00e9r\u00e9nice<br \/>\ns\u2019annonce donc particuli\u00e8rement \u00e9mouvant. \u00ab\u00a0J\u2019ai pris \u00e9norm\u00e9ment<br \/>\nde plaisir \u00e0 jouer. <strong>Le d\u00e9cor est \u00e9poustouflant<\/strong> et<br \/>\nles com\u00e9diens pr\u00e9sents ont rendu ce moment tr\u00e8s \u00e9mouvant\u00a0\u00bb,<br \/>\nconfie B\u00e9r\u00e9nice, sans pour autant d\u00e9voiler le nom des personnages<br \/>\nqui seront pr\u00e9sents pour c\u00e9l\u00e9brer le sien. \u00ab\u00a0Un mariage n\u2019est<br \/>\nrien sans son entourage le plus cher\u00a0! Et tout ce que je peux<br \/>\nvous dire, c\u2019est que <strong>B\u00e9r\u00e9nice sera tr\u00e8s bien<br \/>\nentour\u00e9e\u00a0\u00bb<\/strong>, confie-t-elle.<\/p>\n<p>De son c\u00f4t\u00e9, Aaricia Lemaire promet \u00ab\u00a0de l\u2019amour, des rires,<br \/>\ndes larmes, de la gastronomie et encore de l\u2019amour\u00a0\u00bb\u00a0! Un<br \/>\nprogramme doux et r\u00e9jouissant qu\u2019il nous tarde d\u00e9j\u00e0 de d\u00e9couvrir \u00e0<br \/>\nl\u2019\u00e9cran. La date de diffusion reste \u00e0 confirmer.<\/p>\n<p><strong>Interview \u00e0 retrouver en int\u00e9gralit\u00e9 dans votre magazine<br \/>\nT\u00e9l\u00e9 Star en kiosque et en version num\u00e9rique ce lundi 8 d\u00e9cembre<br \/>\n2025.<\/strong><\/p>\n","protected":false},"excerpt":{"rendered":"EN BREF Carla et B\u00e9r\u00e9nice, interpr\u00e9t\u00e9es par Aaricia Lemaire et B\u00e9r\u00e9nice Tannenberg, se marient dans \u00ab\u00a0Ici tout commence&rsquo;&hellip;\n","protected":false},"author":2,"featured_media":580533,"comment_status":"","ping_status":"","sticky":false,"template":"","format":"standard","meta":{"footnotes":""},"categories":[8],"tags":[548,58,59,1011,27,620],"class_list":{"0":"post-580532","1":"post","2":"type-post","3":"status-publish","4":"format-standard","5":"has-post-thumbnail","7":"category-divertissement","8":"tag-article-simple","9":"tag-divertissement","10":"tag-entertainment","11":"tag-fr","12":"tag-france","13":"tag-ici-tout-commence"},"share_on_mastodon":{"url":"https:\/\/pubeurope.com\/@fr\/115668666821890272","error":""},"_links":{"self":[{"href":"https:\/\/www.europesays.com\/fr\/wp-json\/wp\/v2\/posts\/580532","targetHints":{"allow":["GET"]}}],"collection":[{"href":"https:\/\/www.europesays.com\/fr\/wp-json\/wp\/v2\/posts"}],"about":[{"href":"https:\/\/www.europesays.com\/fr\/wp-json\/wp\/v2\/types\/post"}],"author":[{"embeddable":true,"href":"https:\/\/www.europesays.com\/fr\/wp-json\/wp\/v2\/users\/2"}],"replies":[{"embeddable":true,"href":"https:\/\/www.europesays.com\/fr\/wp-json\/wp\/v2\/comments?post=580532"}],"version-history":[{"count":0,"href":"https:\/\/www.europesays.com\/fr\/wp-json\/wp\/v2\/posts\/580532\/revisions"}],"wp:featuredmedia":[{"embeddable":true,"href":"https:\/\/www.europesays.com\/fr\/wp-json\/wp\/v2\/media\/580533"}],"wp:attachment":[{"href":"https:\/\/www.europesays.com\/fr\/wp-json\/wp\/v2\/media?parent=580532"}],"wp:term":[{"taxonomy":"category","embeddable":true,"href":"https:\/\/www.europesays.com\/fr\/wp-json\/wp\/v2\/categories?post=580532"},{"taxonomy":"post_tag","embeddable":true,"href":"https:\/\/www.europesays.com\/fr\/wp-json\/wp\/v2\/tags?post=580532"}],"curies":[{"name":"wp","href":"https:\/\/api.w.org\/{rel}","templated":true}]}}