{"id":580534,"date":"2025-12-05T19:42:17","date_gmt":"2025-12-05T19:42:17","guid":{"rendered":"https:\/\/www.europesays.com\/fr\/580534\/"},"modified":"2025-12-05T19:42:17","modified_gmt":"2025-12-05T19:42:17","slug":"pourquoi-noel-reveille-autant-de-souvenirs-meme-ceux-quon-croyait-oublies","status":"publish","type":"post","link":"https:\/\/www.europesays.com\/fr\/580534\/","title":{"rendered":"Pourquoi No\u00ebl r\u00e9veille autant de souvenirs (m\u00eame ceux qu\u2019on croyait oubli\u00e9s)"},"content":{"rendered":"<p class=\"whitespace-normal break-words\"><strong>Chaque ann\u00e9e, \u00e0 l\u2019approche des f\u00eates, un ph\u00e9nom\u00e8ne \u00e9trange se produit. Une chanson famili\u00e8re, une odeur de sapin ou de feu de bois, une lumi\u00e8re douce \u2014 et soudain, des souvenirs lointains refont surface, parfois avec une intensit\u00e9 d\u00e9concertante. Ce que nous prenons pour de la <a href=\"https:\/\/sciencepost.fr\/pourquoi-votre-playlist-reste-coincee-dans-le-passe-et-comment-votre-age-controle-secretement-vos-gouts-musicaux\/\" target=\"_blank\" rel=\"noopener\">nostalgie<\/a> festive a en r\u00e9alit\u00e9 une base scientifique solide : notre cerveau est c\u00e2bl\u00e9 pour revivre le pass\u00e9 quand il reconna\u00eet les signaux sensoriels de No\u00ebl. Et cela en dit long sur la fa\u00e7on dont nous construisons notre m\u00e9moire.<\/strong><\/p>\n<p>La m\u00e9moire \u00e9motionnelle : un syst\u00e8me plus complexe qu\u2019une simple cam\u00e9ra<\/p>\n<p class=\"whitespace-normal break-words\">La m\u00e9moire ne fonctionne pas comme une cam\u00e9ra qui enregistre fid\u00e8lement les \u00e9v\u00e9nements. Elle est s\u00e9lective, \u00e9motionnelle et mall\u00e9able. Les neurosciences montrent que les souvenirs les plus r\u00e9sistants sont ceux associ\u00e9s \u00e0 une forte charge affective. Or, les f\u00eates de fin d\u2019ann\u00e9e, surtout dans l\u2019enfance, en regorgent : excitation, rituels familiaux, musique, odeurs, attente, lumi\u00e8re.<\/p>\n<p class=\"whitespace-normal break-words\">L\u2019hippocampe \u2014 centre n\u00e9vralgique de la m\u00e9moire \u2014 travaille en \u00e9troite collaboration avec l\u2019amygdale, si\u00e8ge des \u00e9motions. Plus une exp\u00e9rience est intense \u00e9motionnellement, plus la trace neuronale qui l\u2019accompagne est solide. C\u2019est ce qui explique pourquoi une simple chanson de No\u00ebl peut nous replonger instantan\u00e9ment des d\u00e9cennies en arri\u00e8re.<\/p>\n<p class=\"whitespace-normal break-words\">Les chercheurs appellent ce ph\u00e9nom\u00e8ne la <strong>m\u00e9moire \u00e9pisodique sensorielle<\/strong> : nos sens deviennent litt\u00e9ralement les cl\u00e9s d\u2019acc\u00e8s \u00e0 nos souvenirs. Et comme les f\u00eates mobilisent tous les sens \u00e0 la fois, elles forment un terrain id\u00e9al pour ces r\u00e9activations spectaculaires. Selon des recherches neuroimagerie, cette activation conjointe de la m\u00e9moire et du syst\u00e8me de r\u00e9compense cr\u00e9e une puissance synergique dans le rappel des \u00e9v\u00e9nements autobiographiques.<\/p>\n<p>Pourquoi certains souvenirs ressurgissent plus fort en d\u00e9cembre<\/p>\n<p class=\"whitespace-normal break-words\">Plusieurs facteurs s\u2019additionnent pour expliquer ce \u00ab\u00a0retour du pass\u00e9\u00a0\u00bb saisonnier. Le premier est l\u2019environnement lui-m\u00eame : d\u00e9corations, lumi\u00e8res, sons, parfums \u2014 autant de stimuli r\u00e9currents qui fonctionnent comme des d\u00e9clencheurs mn\u00e9siques. Ces signaux activent ce qu\u2019on appelle en psychologie le <strong>ph\u00e9nom\u00e8ne de r\u00e9miniscence<\/strong>, c\u2019est-\u00e0-dire le retour involontaire de souvenirs anciens.<\/p>\n<p class=\"whitespace-normal break-words\">Mais il y a plus de subtilit\u00e9. En d\u00e9cembre, nos rythmes biologiques changent : la lumi\u00e8re diminue, la s\u00e9rotonine baisse, la m\u00e9latonine augmente. Ce d\u00e9s\u00e9quilibre favorise l\u2019introspection et l\u2019\u00e9motivit\u00e9, ce qui rend la m\u00e9moire plus poreuse. L\u2019hiver agit un peu comme un amplificateur de nostalgie.<\/p>\n<p class=\"whitespace-normal break-words\">Les scientifiques ont observ\u00e9 que la saisonnalit\u00e9 influence directement la vivacit\u00e9 des souvenirs autobiographiques. Les \u00e9motions li\u00e9es \u00e0 la chaleur, \u00e0 la lumi\u00e8re ou \u00e0 la convivialit\u00e9 sont paradoxalement plus fortes lorsque ces \u00e9l\u00e9ments sont absents de l\u2019environnement imm\u00e9diat \u2014 d\u2019o\u00f9 la puissance \u00e9vocatrice de No\u00ebl en plein froid. Selon une \u00e9tude du r\u00f4le des syst\u00e8mes mn\u00e9siques et de r\u00e9compense dans les exp\u00e9riences nostalgiques, ces deux syst\u00e8mes collaborent pour amplifier le rappel des souvenirs d\u2019enfance : le syst\u00e8me hippocampique active la m\u00e9moire tandis que le syst\u00e8me de r\u00e9compense (incluant la substantia nigra et le ventral striatum) intensifie l\u2019affect positif associ\u00e9.<\/p>\n<p class=\"whitespace-normal break-words\">En clair, notre cerveau reconstruit le pass\u00e9 non pas parce qu\u2019il s\u2019y accroche, mais parce qu\u2019il tente de retrouver un \u00e9quilibre \u00e9motionnel dans un environnement devenu soudainement moins stimulant sur le plan sensoriel.<\/p>\n<p><img loading=\"lazy\" data-lazyloaded=\"1\" decoding=\"async\" class=\"aligncenter wp-image-317827 size-full\" src=\"https:\/\/www.europesays.com\/fr\/wp-content\/uploads\/2025\/12\/iStock-628909554.jpg\" alt=\"\" width=\"1254\" height=\"836\"  data-\/>Cr\u00e9dit : nikkytok\/istock<\/p>\n<p>Quand la nostalgie devient un moteur psychologique et social<\/p>\n<p class=\"whitespace-normal break-words\">Contrairement \u00e0 ce qu\u2019on pourrait croire, la nostalgie n\u2019est pas une forme de tristesse, mais un m\u00e9canisme adaptatif hautement sophistiqu\u00e9. Selon les recherches en neurosciences cognitives et affectives, elle aide \u00e0 maintenir le sentiment de continuit\u00e9 du soi \u2014 la conviction d\u2019\u00eatre la m\u00eame personne malgr\u00e9 le passage du temps. En d\u2019autres termes, se souvenir nous stabilise psychologiquement.<\/p>\n<p class=\"whitespace-normal break-words\">Cette \u00e9motions poss\u00e8de une signature affective ambivalente mais pr\u00e9pond\u00e9rant positive. Elle combine l\u2019\u00e9motion \u00e0 une appr\u00e9ciation r\u00e9flexive du pass\u00e9, engageant le cortex pr\u00e9frontal m\u00e9dial, l\u2019amygdale et l\u2019hippocampe dans un processus int\u00e9gr\u00e9 d\u2019auto-r\u00e9flexion.<\/p>\n<p class=\"whitespace-normal break-words\">\u00c0 No\u00ebl, ce processus devient collectif et profond\u00e9ment significatif : les rituels (repas, d\u00e9corations, musiques) cr\u00e9ent un sentiment d\u2019appartenance qui transcende les circonstances individuelles. M\u00eame lorsque les circonstances changent \u2014 proches absents, lieux diff\u00e9rents \u2014 la r\u00e9p\u00e9tition de gestes familiers rassure le cerveau et renforce les liens sociaux. C\u2019est ce que les anthropologues appellent la <strong>m\u00e9moire partag\u00e9e<\/strong>, qui renforce la coh\u00e9sion sociale et cr\u00e9e ce sentiment de communaut\u00e9 que nous recherchons souvent \u00e0 No\u00ebl.<\/p>\n<p class=\"whitespace-normal break-words\">Les souvenirs qui ressurgissent pendant les f\u00eates ne sont donc pas des \u00ab\u00a0fant\u00f4mes du pass\u00e9\u00a0\u00bb isol\u00e9s, mais des signaux vitaux de notre identit\u00e9 collective. Ils rappellent au cerveau qu\u2019il existe un fil conducteur entre hier et aujourd\u2019hui, et que nous appartenons \u00e0 quelque chose de plus grand que nous-m\u00eames.<\/p>\n<p>La plasticit\u00e9 remarquable du cerveau nostalgique<\/p>\n<p class=\"whitespace-normal break-words\">Si ces r\u00e9miniscences peuvent \u00eatre douces ou m\u00e9lancoliques, elles t\u00e9moignent surtout de la plasticit\u00e9 \u00e9tonnante de notre cerveau. M\u00eame des souvenirs que nous pensions perdus peuvent \u00eatre r\u00e9activ\u00e9s \u00e0 partir d\u2019un simple indice sensoriel \u2014 un parfum, une note de musique, une lumi\u00e8re particuli\u00e8re.<\/p>\n<p class=\"whitespace-normal break-words\">La recherche sur la nostalgie offre une perspective profond\u00e9ment apaisante : le pass\u00e9 n\u2019est pas un poids, mais une ressource psychologique. Se souvenir, c\u2019est exercer sa m\u00e9moire \u00e9motionnelle \u2014 une capacit\u00e9 qui prot\u00e8ge de l\u2019isolement, renforce l\u2019empathie, stabilise l\u2019humeur et nous aide \u00e0 traverser les p\u00e9riodes difficiles. Les \u00e9tudes neurocomportementales montrent que la nostalgie peut r\u00e9duire la solitude, la d\u00e9pression et m\u00eame moduler certains marqueurs physiologiques du stress.<\/p>\n<p>Vers une reconnaissance scientifique de l\u2019exp\u00e9rience humaine<\/p>\n<p class=\"whitespace-normal break-words\">La science moderne red\u00e9couvre donc ce que la po\u00e9sie savait d\u00e9j\u00e0 : la nostalgie n\u2019est pas un regret st\u00e9rile, mais une <strong>forme de reconnaissance<\/strong>. Elle est l\u2019une des fa\u00e7ons par lesquelles nous maintenons notre coh\u00e9sion identitaire et nos liens sociaux.<\/p>\n<p class=\"whitespace-normal break-words\">Et si No\u00ebl nous bouleverse, c\u2019est peut-\u00eatre parce qu\u2019il nous rappelle, au fond, tout ce que nous avons aim\u00e9, tout ce qui nous a fa\u00e7onn\u00e9s, et tout ce que nous continuons \u00e0 ch\u00e9rir. La neuroscience ne fait que confirmer ce que notre c\u0153ur savait d\u00e9j\u00e0 : la nostalgie est une sagesse du cerveau.<\/p>\n<p class=\"whitespace-normal break-words\"><strong>R\u00e9f\u00e9rence scientifique :<\/strong> Pour approfondir sur les m\u00e9canismes neurobiologiques impliqu\u00e9s, consulter les travaux sur la co-activation des syst\u00e8mes de m\u00e9moire et de r\u00e9compense dans les exp\u00e9riences nostalgiques : <a class=\"underline\" href=\"https:\/\/pmc.ncbi.nlm.nih.gov\/articles\/PMC4927028\/\" target=\"_blank\" rel=\"noopener\">Memory and reward systems coproduce \u2018nostalgic\u2019 experiences in the brain<\/a>, Oba et al., 2016, Social Cognitive and Affective Neuroscience.<\/p>\n","protected":false},"excerpt":{"rendered":"Chaque ann\u00e9e, \u00e0 l\u2019approche des f\u00eates, un ph\u00e9nom\u00e8ne \u00e9trange se produit. Une chanson famili\u00e8re, une odeur de sapin&hellip;\n","protected":false},"author":2,"featured_media":580535,"comment_status":"","ping_status":"","sticky":false,"template":"","format":"standard","meta":{"footnotes":""},"categories":[7],"tags":[1011,27,43,40,41,39,42,44],"class_list":{"0":"post-580534","1":"post","2":"type-post","3":"status-publish","4":"format-standard","5":"has-post-thumbnail","7":"category-sciences-et-technologies","8":"tag-fr","9":"tag-france","10":"tag-science","11":"tag-science-and-technology","12":"tag-sciences","13":"tag-sciences-et-technologies","14":"tag-technologies","15":"tag-technology"},"share_on_mastodon":{"url":"https:\/\/pubeurope.com\/@fr\/115668671855701259","error":""},"_links":{"self":[{"href":"https:\/\/www.europesays.com\/fr\/wp-json\/wp\/v2\/posts\/580534","targetHints":{"allow":["GET"]}}],"collection":[{"href":"https:\/\/www.europesays.com\/fr\/wp-json\/wp\/v2\/posts"}],"about":[{"href":"https:\/\/www.europesays.com\/fr\/wp-json\/wp\/v2\/types\/post"}],"author":[{"embeddable":true,"href":"https:\/\/www.europesays.com\/fr\/wp-json\/wp\/v2\/users\/2"}],"replies":[{"embeddable":true,"href":"https:\/\/www.europesays.com\/fr\/wp-json\/wp\/v2\/comments?post=580534"}],"version-history":[{"count":0,"href":"https:\/\/www.europesays.com\/fr\/wp-json\/wp\/v2\/posts\/580534\/revisions"}],"wp:featuredmedia":[{"embeddable":true,"href":"https:\/\/www.europesays.com\/fr\/wp-json\/wp\/v2\/media\/580535"}],"wp:attachment":[{"href":"https:\/\/www.europesays.com\/fr\/wp-json\/wp\/v2\/media?parent=580534"}],"wp:term":[{"taxonomy":"category","embeddable":true,"href":"https:\/\/www.europesays.com\/fr\/wp-json\/wp\/v2\/categories?post=580534"},{"taxonomy":"post_tag","embeddable":true,"href":"https:\/\/www.europesays.com\/fr\/wp-json\/wp\/v2\/tags?post=580534"}],"curies":[{"name":"wp","href":"https:\/\/api.w.org\/{rel}","templated":true}]}}