{"id":580536,"date":"2025-12-05T19:43:11","date_gmt":"2025-12-05T19:43:11","guid":{"rendered":"https:\/\/www.europesays.com\/fr\/580536\/"},"modified":"2025-12-05T19:43:11","modified_gmt":"2025-12-05T19:43:11","slug":"rappel-massif-chez-auchan-carrefour-systeme-u-ce-dessert-touche-par-la-listeria-ne-le-consommez-pas","status":"publish","type":"post","link":"https:\/\/www.europesays.com\/fr\/580536\/","title":{"rendered":"Rappel massif chez Auchan, Carrefour, Syst\u00e8me U\u2026 : ce dessert touch\u00e9 par la list\u00e9ria, ne le consommez pas"},"content":{"rendered":"<p>Un brownie avec le caf\u00e9, un autre au go\u00fbter et le sachet se vide<br \/>\nvite. Sauf que pour certains consommateurs, cette petite habitude<br \/>\npeut aujourd&rsquo;hui rimer avec alerte sanitaire, apr\u00e8s la d\u00e9couverte<br \/>\nd&rsquo;une bact\u00e9rie dans un lot pr\u00e9cis de g\u00e2teaux chocolat\u00e9s pr\u00e9sent en<br \/>\nrayon dans de nombreuses grandes surfaces.<\/p>\n<p>Un paquet de brownies sans sucre de la marque<br \/>\n<strong>Gerbl\u00e9<\/strong>, tr\u00e8s pr\u00e9sent au rayon di\u00e9t\u00e9tique, fait en<br \/>\neffet l&rsquo;objet d&rsquo;un rappel national. Il a \u00e9t\u00e9 vendu chez Auchan,<br \/>\nCarrefour, Syst\u00e8me U, Monoprix, Intermarch\u00e9, Leclerc, dans les<br \/>\nmagasins Schiever, mais aussi en ligne sur Amazon et Ventes Priv\u00e9es<br \/>\n: de quoi s&rsquo;interroger sur le contenu de ses placards.<\/p>\n<p>Rappel brownies sans sucre Gerbl\u00e9 : comment rep\u00e9rer le lot<br \/>\nconcern\u00e9 en magasin<\/p>\n<p>La fiche publi\u00e9e sur le site Rappel Conso d\u00e9crit un lot unique<br \/>\nde <strong>rappel brownies sans sucre Gerbl\u00e9<\/strong> fabriqu\u00e9 par<br \/>\nNUTRITION ET SANT\u00c9. Il s&rsquo;agit de sachets contenant six portions<br \/>\nindividuelles de brownies sans sucre, mis en rayon entre le<br \/>\n23\/10\/2025 et le 01\/12\/2025 et distribu\u00e9s sur l&rsquo;ensemble du<br \/>\nterritoire, aussi bien en hypermarch\u00e9s qu&rsquo;en vente en ligne.<\/p>\n<p>Pour savoir en quelques instants si le paquet que vous avez<br \/>\nachet\u00e9 est concern\u00e9, il suffit de comparer les r\u00e9f\u00e9rences suivantes<br \/>\n:<\/p>\n<ul>\n<li>Produit : brownies sans sucre de la marque<br \/>\n<strong>Gerbl\u00e9<\/strong> (fabricant NUTRITION ET SANT\u00c9)<\/li>\n<li>Conditionnement : sachet contenant six portions<br \/>\nindividuelles<\/li>\n<li>Code barre \/ <strong>GTIN 3175681302969<\/strong><\/li>\n<li><strong>Lot 51922650<\/strong><\/li>\n<li>Date limite de consommation indiqu\u00e9e : 24\/04\/2026<\/li>\n<li>P\u00e9riode de commercialisation : du 23 octobre au 1er d\u00e9cembre<br \/>\n2025, dans les enseignes Auchan, Carrefour, Syst\u00e8me U, Monoprix,<br \/>\nIntermarch\u00e9, Leclerc, Schiever, Amazon et Ventes Priv\u00e9es<\/li>\n<\/ul>\n<p>Brownies Gerbl\u00e9 et Listeria : quels risques r\u00e9els pour la<br \/>\nsant\u00e9<\/p>\n<p>Des analyses ont mis en \u00e9vidence une contamination bact\u00e9rienne<br \/>\nsur ce lot pr\u00e9cis, rendant le produit impropre \u00e0 la consommation.<br \/>\nEn cause, \u00ab\u00a0la suspicion de pr\u00e9sence de List\u00e9ria monocytogenes\u00a0\u00bb,<br \/>\nindique le site Rappel Conso. Cette bact\u00e9rie est responsable de la<br \/>\n<strong>list\u00e9riose<\/strong>, \u00ab\u00a0une maladie qui peut \u00eatre grave et<br \/>\ndont le d\u00e9lai d&rsquo;incubation peut aller jusqu&rsquo;\u00e0 huit semaines\u00a0\u00bb. Ce<br \/>\nd\u00e9lai long signifie qu&rsquo;un malaise peut survenir plusieurs semaines<br \/>\napr\u00e8s la consommation du produit.<\/p>\n<p>La list\u00e9riose peut se manifester par une apparition soudaine de<br \/>\nfi\u00e8vre, souvent accompagn\u00e9e de maux de t\u00eate et de courbatures. Il<br \/>\nest m\u00eame rappel\u00e9 que \u00ab\u00a0Des formes graves avec des complications<br \/>\nneurologiques et des atteintes maternelles ou f\u0153tales chez la femme<br \/>\nenceinte peuvent \u00e9galement parfois survenir\u00a0\u00bb. Les femmes enceintes,<br \/>\nles personnes immunod\u00e9prim\u00e9es et les personnes \u00e2g\u00e9es sont donc<br \/>\nparticuli\u00e8rement invit\u00e9es \u00e0 surveiller l&rsquo;\u00e9ventuelle apparition de<br \/>\nces sympt\u00f4mes apr\u00e8s avoir mang\u00e9 ces brownies.<\/p>\n<p>Que faire avec ces brownies Gerbl\u00e9<br \/>\nrappel\u00e9s et comment obtenir un remboursement<\/p>\n<p>D\u00e8s lors qu&rsquo;un paquet pr\u00e9sente les r\u00e9f\u00e9rences du lot rappel\u00e9, il<br \/>\nne doit plus \u00eatre consomm\u00e9. Rappel Conso vous invite \u00e0 \u00ab\u00a0ne plus<br \/>\nconsommer, d\u00e9truire ou rapporter le produit au point de vente\u00a0\u00bb. En<br \/>\ncas de consommation et de fi\u00e8vre, isol\u00e9e ou associ\u00e9e \u00e0 des maux de<br \/>\nt\u00eate et des courbatures, il est recommand\u00e9 de consulter rapidement<br \/>\nson m\u00e9decin en l&rsquo;informant de l&rsquo;ingestion de ces brownies sans<br \/>\nsucre de la marque Gerbl\u00e9.<\/p>\n<p>Les enseignes indiquent que les clients peuvent obtenir un<br \/>\n\u00e9change ou un remboursement pour tout paquet concern\u00e9 rapport\u00e9 en<br \/>\nmagasin, la proc\u00e9dure de rappel \u00e9tant ouverte jusqu&rsquo;au mardi<br \/>\n<strong>3 f\u00e9vrier 2026<\/strong>. Pour plus d&rsquo;informations sur ce<br \/>\n<strong>rappel brownies sans sucre Gerbl\u00e9<\/strong> ou en cas de<br \/>\ndoute sur la r\u00e9f\u00e9rence de votre produit, un num\u00e9ro vert est mis \u00e0<br \/>\ndisposition : 0800 10 85 14, afin de r\u00e9pondre aux questions des<br \/>\nconsommateurs pendant toute la dur\u00e9e de cette alerte.<\/p>\n","protected":false},"excerpt":{"rendered":"Un brownie avec le caf\u00e9, un autre au go\u00fbter et le sachet se vide vite. Sauf que pour&hellip;\n","protected":false},"author":2,"featured_media":580537,"comment_status":"","ping_status":"","sticky":false,"template":"","format":"standard","meta":{"footnotes":""},"categories":[6],"tags":[8704,48925,4239,35,33,34,1011,27,27868,19804],"class_list":{"0":"post-580536","1":"post","2":"type-post","3":"status-publish","4":"format-standard","5":"has-post-thumbnail","7":"category-economie","8":"tag-actu-sante","9":"tag-aliment","10":"tag-amazon","11":"tag-business","12":"tag-economie","13":"tag-economy","14":"tag-fr","15":"tag-france","16":"tag-listeria","17":"tag-rappel-conso"},"share_on_mastodon":{"url":"https:\/\/pubeurope.com\/@fr\/115668674388784358","error":""},"_links":{"self":[{"href":"https:\/\/www.europesays.com\/fr\/wp-json\/wp\/v2\/posts\/580536","targetHints":{"allow":["GET"]}}],"collection":[{"href":"https:\/\/www.europesays.com\/fr\/wp-json\/wp\/v2\/posts"}],"about":[{"href":"https:\/\/www.europesays.com\/fr\/wp-json\/wp\/v2\/types\/post"}],"author":[{"embeddable":true,"href":"https:\/\/www.europesays.com\/fr\/wp-json\/wp\/v2\/users\/2"}],"replies":[{"embeddable":true,"href":"https:\/\/www.europesays.com\/fr\/wp-json\/wp\/v2\/comments?post=580536"}],"version-history":[{"count":0,"href":"https:\/\/www.europesays.com\/fr\/wp-json\/wp\/v2\/posts\/580536\/revisions"}],"wp:featuredmedia":[{"embeddable":true,"href":"https:\/\/www.europesays.com\/fr\/wp-json\/wp\/v2\/media\/580537"}],"wp:attachment":[{"href":"https:\/\/www.europesays.com\/fr\/wp-json\/wp\/v2\/media?parent=580536"}],"wp:term":[{"taxonomy":"category","embeddable":true,"href":"https:\/\/www.europesays.com\/fr\/wp-json\/wp\/v2\/categories?post=580536"},{"taxonomy":"post_tag","embeddable":true,"href":"https:\/\/www.europesays.com\/fr\/wp-json\/wp\/v2\/tags?post=580536"}],"curies":[{"name":"wp","href":"https:\/\/api.w.org\/{rel}","templated":true}]}}