{"id":580538,"date":"2025-12-05T19:44:20","date_gmt":"2025-12-05T19:44:20","guid":{"rendered":"https:\/\/www.europesays.com\/fr\/580538\/"},"modified":"2025-12-05T19:44:20","modified_gmt":"2025-12-05T19:44:20","slug":"marrakech-le-tourisme-est-il-devenu-risque-ce-que-doivent-savoir-les-voyageurs","status":"publish","type":"post","link":"https:\/\/www.europesays.com\/fr\/580538\/","title":{"rendered":"Marrakech : le tourisme est-il devenu risqu\u00e9 ? Ce que doivent savoir les voyageurs"},"content":{"rendered":"<p>Je reviens tout juste de Marrakech et je dois vous dire que cette destination suscite beaucoup d\u2019interrogations chez les voyageurs actuellement. Les lumi\u00e8res dor\u00e9es qui se refl\u00e8tent sur les remparts ocres au coucher du soleil, les effluves d\u2019\u00e9pices qui flottent dans l\u2019air de la m\u00e9dina, les appels \u00e0 la pri\u00e8re qui r\u00e9sonnent depuis les minarets : voil\u00e0 ce qui caract\u00e9rise toujours <strong>la perle du sud marocain<\/strong>. N\u00e9anmoins, j\u2019ai remarqu\u00e9 lors de mon dernier s\u00e9jour que la prudence s\u2019impose d\u00e9sormais davantage qu\u2019auparavant.<\/p>\n<p>Les d\u00e9fis s\u00e9curitaires actuels dans la cit\u00e9 ocre<\/p>\n<p>Durant mes p\u00e9r\u00e9grinations dans les souks labyrinthiques, j\u2019ai constat\u00e9 que <strong>les arnaques touristiques<\/strong> se sont nettement intensifi\u00e9es. Les faux guides officieux pullulent d\u00e9sormais pr\u00e8s de la place Jemaa el-Fna, proposant leurs services avec une insistance parfois d\u00e9rangeante. Lors de ma visite au souk Semmarine, trois personnes diff\u00e9rentes m\u2019ont abord\u00e9e en moins de dix minutes.<\/p>\n<p>J\u2019ai \u00e9galement observ\u00e9 que <strong>les vols \u00e0 la tire<\/strong> se multiplient dans les zones tr\u00e8s fr\u00e9quent\u00e9es. Une compatriote fran\u00e7aise rencontr\u00e9e dans mon riad m\u2019a racont\u00e9 qu\u2019on lui avait subtilis\u00e9 son t\u00e9l\u00e9phone pendant qu\u2019elle admirait les tanneurs dans le quartier de Bab Debbagh. Les pickpockets op\u00e8rent g\u00e9n\u00e9ralement en bin\u00f4me : l\u2019un distrait pendant que l\u2019autre agit.<\/p>\n<p>Voici les pr\u00e9cautions essentielles que j\u2019applique d\u00e9sormais syst\u00e9matiquement :<\/p>\n<ul class=\"wp-block-list\">\n<li>Porter un sac en bandouli\u00e8re devant soi dans les ruelles \u00e9troites<\/li>\n<li>\u00c9viter d\u2019exhiber des objets de valeur comme appareils photo ou bijoux<\/li>\n<li>Refuser poliment mais fermement les services non sollicit\u00e9s<\/li>\n<li>Privil\u00e9gier les taxis officiels avec compteur fonctionnel<\/li>\n<\/ul>\n<p>Comparer les destinations m\u00e9diterran\u00e9ennes pour voyager sereinement<\/p>\n<p>Face \u00e0 ces nouvelles contraintes, j\u2019ai commenc\u00e9 \u00e0 visiter <strong>d\u2019autres destinations m\u00e9diterran\u00e9ennes<\/strong> offrant davantage de tranquillit\u00e9. Si vous recherchez une alternative ensoleill\u00e9e combinant s\u00e9curit\u00e9 et d\u00e9paysement, <a href=\"https:\/\/www.carredinfo.fr\/voyage\/sud-chypre-endroit-enchanteur-combine-plages-soleil-26-degres-automne\/\" target=\"_blank\" rel=\"noopener\">dans le sud de Chypre, cet endroit enchanteur combine plages et soleil avec 26 degr\u00e9s en automne<\/a>, ce qui constitue une option int\u00e9ressante pour prolonger la saison estivale.<\/p>\n<p>N\u00e9anmoins, Marrakech conserve des atouts ind\u00e9niables que j\u2019appr\u00e9cie toujours profond\u00e9ment. Les jardins Majorelle offrent un havre de paix incroyable avec leurs bambous g\u00e9ants et leurs bassins turquoise. Le palais Bahia d\u00e9voile une architecture raffin\u00e9e avec ses plafonds en c\u00e8dre sculpt\u00e9s et ses zelliges multicolores qui captivent le regard.<\/p>\n<tr>AspectNiveau de vigilanceRecommandations<\/tr>\n<tr>\n<td>M\u00e9dina<\/td>\n<td>\u00c9lev\u00e9<\/td>\n<td>Rester en groupe, \u00e9viter la nuit<\/td>\n<\/tr>\n<tr>\n<td>Gueliz (ville nouvelle)<\/td>\n<td>Mod\u00e9r\u00e9<\/td>\n<td>Attention aux carrefours<\/td>\n<\/tr>\n<tr>\n<td>Hivernage<\/td>\n<td>Faible<\/td>\n<td>Zone r\u00e9sidentielle s\u00e9curis\u00e9e<\/td>\n<\/tr>\n<p>Mes recommandations pratiques pour profiter pleinement de votre s\u00e9jour<\/p>\n<p><img fetchpriority=\"high\" decoding=\"async\" width=\"1024\" height=\"683\" src=\"data:image\/svg+xml,%3Csvg%20xmlns=\" http:=\"\" alt=\"Paysage urbain de Marrakech au coucher du soleil, montrant des toits plats, des antennes paraboliques, une v\u00e9g\u00e9tation luxuriante et la tour de la mosqu\u00e9e Koutoubia sous un ciel spectaculaire.\" class=\"wp-image-51223\" data-lazy- data-lazy- data-lazy-src=\"https:\/\/www.europesays.com\/fr\/wp-content\/uploads\/2025\/12\/maroc-marrakech-exode-1024x683.jpg\"\/><\/p>\n<p>Apr\u00e8s quinze voyages au Maroc, j\u2019ai d\u00e9velopp\u00e9 <strong>des strat\u00e9gies efficaces<\/strong> pour voyager intelligemment. Je r\u00e9serve syst\u00e9matiquement mes h\u00e9bergements dans le quartier de l\u2019Hivernage ou \u00e0 Gueliz plut\u00f4t qu\u2019en pleine m\u00e9dina. Ces zones offrent davantage de qui\u00e9tude tout en restant proches des attractions principales.<\/p>\n<p>Pour les excursions vers l\u2019Atlas ou le d\u00e9sert d\u2019Agafay, je privil\u00e9gie les agences \u00e9tablies avec pignon sur rue plut\u00f4t que les organisateurs improvis\u00e9s. Cela garantit un minimum de professionnalisme et d\u2019assurance. J\u2019\u00e9vite \u00e9galement de me promener seule apr\u00e8s 22 heures dans les quartiers touristiques, m\u00eame si l\u2019ambiance nocturne de la place Jemaa el-Fna reste fascinante.<\/p>\n<p>Concernant <strong>les n\u00e9gociations commerciales<\/strong>, j\u2019ai appris \u00e0 fixer mon prix maximum avant d\u2019entrer dans une boutique. Les commer\u00e7ants respectent g\u00e9n\u00e9ralement cette approche franche et directe. Finalement, Marrakech demeure une destination extraordinaire \u00e0 condition d\u2019adopter un comportement vigilant et inform\u00e9, comme dans toute grande ville touristique mondiale.<\/p>\n<p><img loading=\"lazy\" decoding=\"async\" src=\"data:image\/svg+xml,%3Csvg%20xmlns=\" http:=\"\" width=\"100\" height=\"100\" alt=\"Anne-Sophie\" itemprop=\"image\" data-lazy-src=\"https:\/\/www.europesays.com\/fr\/wp-content\/uploads\/2025\/06\/Anne-Sophie.jpg\"\/><\/p>\n<p>Je m\u2019appelle Anne-Sophie et je suis la madame voyage en France de carr\u00e9 d\u2019info !<br \/>Exploratrice boh\u00e8me passionn\u00e9e de d\u00e9couvertes. Ma\u00eetrise l\u2019art de d\u00e9nicher les tr\u00e9sors cach\u00e9s des villes et des villages de France .<br \/>Je sait capturer l\u2019essence des lieux en photographies et j\u2019adore vous emmener avec moi pour profiter de notre magnifique pays \ud83d\ude42<\/p>\n","protected":false},"excerpt":{"rendered":"Je reviens tout juste de Marrakech et je dois vous dire que cette destination suscite beaucoup d\u2019interrogations chez&hellip;\n","protected":false},"author":2,"featured_media":580539,"comment_status":"","ping_status":"","sticky":false,"template":"","format":"standard","meta":{"footnotes":""},"categories":[5],"tags":[69449,11,1011,27,14,2223,16907,12,69450,69451,69452,28],"class_list":{"0":"post-580538","1":"post","2":"type-post","3":"status-publish","4":"format-standard","5":"has-post-thumbnail","7":"category-international","8":"tag-securite-touristique","9":"tag-actualites","10":"tag-fr","11":"tag-france","12":"tag-international","13":"tag-maroc","14":"tag-marrakech","15":"tag-news","16":"tag-securite-des-voyageurs","17":"tag-tourisme-a-marrakech","18":"tag-voyage-a-marrakech","19":"tag-world"},"share_on_mastodon":{"url":"","error":""},"_links":{"self":[{"href":"https:\/\/www.europesays.com\/fr\/wp-json\/wp\/v2\/posts\/580538","targetHints":{"allow":["GET"]}}],"collection":[{"href":"https:\/\/www.europesays.com\/fr\/wp-json\/wp\/v2\/posts"}],"about":[{"href":"https:\/\/www.europesays.com\/fr\/wp-json\/wp\/v2\/types\/post"}],"author":[{"embeddable":true,"href":"https:\/\/www.europesays.com\/fr\/wp-json\/wp\/v2\/users\/2"}],"replies":[{"embeddable":true,"href":"https:\/\/www.europesays.com\/fr\/wp-json\/wp\/v2\/comments?post=580538"}],"version-history":[{"count":0,"href":"https:\/\/www.europesays.com\/fr\/wp-json\/wp\/v2\/posts\/580538\/revisions"}],"wp:featuredmedia":[{"embeddable":true,"href":"https:\/\/www.europesays.com\/fr\/wp-json\/wp\/v2\/media\/580539"}],"wp:attachment":[{"href":"https:\/\/www.europesays.com\/fr\/wp-json\/wp\/v2\/media?parent=580538"}],"wp:term":[{"taxonomy":"category","embeddable":true,"href":"https:\/\/www.europesays.com\/fr\/wp-json\/wp\/v2\/categories?post=580538"},{"taxonomy":"post_tag","embeddable":true,"href":"https:\/\/www.europesays.com\/fr\/wp-json\/wp\/v2\/tags?post=580538"}],"curies":[{"name":"wp","href":"https:\/\/api.w.org\/{rel}","templated":true}]}}