{"id":580544,"date":"2025-12-05T19:47:22","date_gmt":"2025-12-05T19:47:22","guid":{"rendered":"https:\/\/www.europesays.com\/fr\/580544\/"},"modified":"2025-12-05T19:47:22","modified_gmt":"2025-12-05T19:47:22","slug":"loire-a-villars-sans-permis-au-volant-dune-voiture-volee-il-prend-la-fuite-a-la-vue-de-la-police","status":"publish","type":"post","link":"https:\/\/www.europesays.com\/fr\/580544\/","title":{"rendered":"Loire. \u00c0 Villars, sans permis, au volant d\u2019une voiture vol\u00e9e, il prend la fuite \u00e0 la vue de la police"},"content":{"rendered":"<p>Mercredi, au petit matin, \u00e0 4\u00a0h\u00a030, \u00e0 Villars, un v\u00e9hicule de police en patrouille de nuit croise une voiture, avec trois personnes \u00e0 l\u2019int\u00e9rieur, roulant \u00e0 vive allure. Les fonctionnaires lui font signe de s\u2019arr\u00eater, le conducteur n\u2019obtemp\u00e8re pas et prend la fuite.<\/p>\n<p>Sur la chauss\u00e9e glissante, il perd le contr\u00f4le de son v\u00e9hicule, heurte un trottoir et cr\u00e8ve un de ses pneus. Les policiers en profitent pour interpeller l\u2019automobiliste, mais les deux passagers prennent, eux, la fuite. Ils constatent que le jeune homme conduisait sans permis de conduire et que le v\u00e9hicule avait \u00e9t\u00e9 signal\u00e9 vol\u00e9.<\/p>\n<p>  Un an de prison<\/p>\n<p>Le St\u00e9phanois \u00e2g\u00e9 de 21 ans, est plac\u00e9 en garde \u00e0 vue puis en d\u00e9tention provisoire \u00e0 la maison d\u2019arr\u00eat de La Talaudi\u00e8re et a \u00e9t\u00e9 jug\u00e9, vendredi apr\u00e8s-midi en comparution imm\u00e9diate devant le tribunal correctionnel de Saint-\u00c9tienne pour refus d\u2019obtemp\u00e9rer, recel et conduite sans permis. Il a \u00e9cop\u00e9 de six mois de prison auquel s\u2019ajoute six mois de r\u00e9vocation de sursis apr\u00e8s une condamnation par le tribunal de Roanne, l\u2019an dernier. Il est maintenu en d\u00e9tention.<\/p>\n","protected":false},"excerpt":{"rendered":"Mercredi, au petit matin, \u00e0 4\u00a0h\u00a030, \u00e0 Villars, un v\u00e9hicule de police en patrouille de nuit croise une&hellip;\n","protected":false},"author":2,"featured_media":580545,"comment_status":"","ping_status":"","sticky":false,"template":"","format":"standard","meta":{"footnotes":""},"categories":[9653],"tags":[1111,11,2430,271,272,7539,1777,674,274,1011,27,3367,12,25,4001,7538],"class_list":{"0":"post-580544","1":"post","2":"type-post","3":"status-publish","4":"format-standard","5":"has-post-thumbnail","7":"category-saint-etienne","8":"tag-actu","9":"tag-actualites","10":"tag-auvergne-rhone-alpes","11":"tag-crime","12":"tag-delit-et-contravention","13":"tag-edition-loire-sud","14":"tag-eu","15":"tag-europe","16":"tag-faits-divers-justice","17":"tag-fr","18":"tag-france","19":"tag-loire","20":"tag-news","21":"tag-republique-francaise","22":"tag-saint-etienne","23":"tag-saint-etienne-ville"},"share_on_mastodon":{"url":"https:\/\/pubeurope.com\/@fr\/115668690246167064","error":""},"_links":{"self":[{"href":"https:\/\/www.europesays.com\/fr\/wp-json\/wp\/v2\/posts\/580544","targetHints":{"allow":["GET"]}}],"collection":[{"href":"https:\/\/www.europesays.com\/fr\/wp-json\/wp\/v2\/posts"}],"about":[{"href":"https:\/\/www.europesays.com\/fr\/wp-json\/wp\/v2\/types\/post"}],"author":[{"embeddable":true,"href":"https:\/\/www.europesays.com\/fr\/wp-json\/wp\/v2\/users\/2"}],"replies":[{"embeddable":true,"href":"https:\/\/www.europesays.com\/fr\/wp-json\/wp\/v2\/comments?post=580544"}],"version-history":[{"count":0,"href":"https:\/\/www.europesays.com\/fr\/wp-json\/wp\/v2\/posts\/580544\/revisions"}],"wp:featuredmedia":[{"embeddable":true,"href":"https:\/\/www.europesays.com\/fr\/wp-json\/wp\/v2\/media\/580545"}],"wp:attachment":[{"href":"https:\/\/www.europesays.com\/fr\/wp-json\/wp\/v2\/media?parent=580544"}],"wp:term":[{"taxonomy":"category","embeddable":true,"href":"https:\/\/www.europesays.com\/fr\/wp-json\/wp\/v2\/categories?post=580544"},{"taxonomy":"post_tag","embeddable":true,"href":"https:\/\/www.europesays.com\/fr\/wp-json\/wp\/v2\/tags?post=580544"}],"curies":[{"name":"wp","href":"https:\/\/api.w.org\/{rel}","templated":true}]}}