{"id":580546,"date":"2025-12-05T19:48:22","date_gmt":"2025-12-05T19:48:22","guid":{"rendered":"https:\/\/www.europesays.com\/fr\/580546\/"},"modified":"2025-12-05T19:48:22","modified_gmt":"2025-12-05T19:48:22","slug":"ce-ne-sera-finalement-pas-mercredi","status":"publish","type":"post","link":"https:\/\/www.europesays.com\/fr\/580546\/","title":{"rendered":"ce ne sera finalement pas mercredi"},"content":{"rendered":"<p>Il y aura eu pas mal de flottement et de rebondissements depuis l\u2019annonce de la condamnation de <a href=\"https:\/\/www.leprogres.fr\/p\/gael-perdriau\" target=\"_blank\" rel=\"noopener\">Ga\u00ebl Perdriau<\/a> \u00e0 4 ans de prison ferme, lundi 1er \u00a0d\u00e9cembre. Tous les regards sont aujourd\u2019hui tourn\u00e9s vers l\u2019\u00e9lection du nouveau maire qui pourrait bien r\u00e9server encore des surprises.<\/p>\n<p>Alors que le conseil municipal extraordinaire permettant de voter pour celui ou celle qui remplacera Ga\u00ebl Perdriau devait se tenir mercredi\u00a010 apr\u00e8s-midi, nous venons d\u2019apprendre, via un communiqu\u00e9 de la Ville, qu\u2019il est report\u00e9.<\/p>\n<p>  \u00ab\u00a0Un probl\u00e8me technique de diffusion de la convocation\u00a0\u00bb<\/p>\n<p>Les conseillers municipaux se r\u00e9uniront finalement ce jeudi 11\u00a0d\u00e9cembre \u00e0 14\u00a0h\u00a030, salle Aristide-Briand \u00e0 l\u2019H\u00f4tel de ville, pour choisir celui qui prendra les r\u00eanes de la ville pour les trois derniers mois de ce mandat chaotique. La municipalit\u00e9 justifie ce report par \u00ab\u00a0un probl\u00e8me technique de diffusion de la convocation du conseil municipal\u00a0\u00bb. Il s\u2019agit, selon le communiqu\u00e9, de \u00ab\u00a0respecter pleinement les cinq jours francs de convocation \u00e0 l\u2019ensemble des conseillers municipaux\u00a0\u00bb.<\/p>\n<p>Depuis le d\u00e9part de Ga\u00ebl Perdriau, c\u2019est le premier adjoint Jean-Pierre Berger qui assure l\u2019int\u00e9rim. Mais <a href=\"https:\/\/www.leprogres.fr\/politique\/2025\/12\/02\/quel-successeur-a-gael-perdriau-dans-la-majorite-la-guerre-est-ouverte\" target=\"_blank\" rel=\"noopener\">la majorit\u00e9 municipale s\u2019est d\u00e9chir\u00e9e d\u00e8s lundi soir <\/a>sur la question du successeur.\u00a0Malgr\u00e9 sa condamnation, Ga\u00ebl Perdriau a donn\u00e9 ses consignes et ne voit que son adjoint Marc Chassaub\u00e9n\u00e9 pour le remplacer.<\/p>\n<p>Mais tous les \u00e9lus de la majorit\u00e9 ne sont pas de cet avis, et certains, derri\u00e8re Siham Labich, proposent le nom du premier adjoint, Jean-Pierre Berger. Mais pourra-t-il cr\u00e9er la surprise\u00a0? L\u2019apr\u00e8s-midi de jeudi s\u2019annonce particuli\u00e8rement explosive.<\/p>\n","protected":false},"excerpt":{"rendered":"Il y aura eu pas mal de flottement et de rebondissements depuis l\u2019annonce de la condamnation de Ga\u00ebl&hellip;\n","protected":false},"author":2,"featured_media":580547,"comment_status":"","ping_status":"","sticky":false,"template":"","format":"standard","meta":{"footnotes":""},"categories":[9653],"tags":[1111,11,2430,1984,7539,1777,674,1011,27,12,316,25,4001,7538],"class_list":{"0":"post-580546","1":"post","2":"type-post","3":"status-publish","4":"format-standard","5":"has-post-thumbnail","7":"category-saint-etienne","8":"tag-actu","9":"tag-actualites","10":"tag-auvergne-rhone-alpes","11":"tag-conseil-municipal","12":"tag-edition-loire-sud","13":"tag-eu","14":"tag-europe","15":"tag-fr","16":"tag-france","17":"tag-news","18":"tag-politique","19":"tag-republique-francaise","20":"tag-saint-etienne","21":"tag-saint-etienne-ville"},"share_on_mastodon":{"url":"https:\/\/pubeurope.com\/@fr\/115668694122778741","error":""},"_links":{"self":[{"href":"https:\/\/www.europesays.com\/fr\/wp-json\/wp\/v2\/posts\/580546","targetHints":{"allow":["GET"]}}],"collection":[{"href":"https:\/\/www.europesays.com\/fr\/wp-json\/wp\/v2\/posts"}],"about":[{"href":"https:\/\/www.europesays.com\/fr\/wp-json\/wp\/v2\/types\/post"}],"author":[{"embeddable":true,"href":"https:\/\/www.europesays.com\/fr\/wp-json\/wp\/v2\/users\/2"}],"replies":[{"embeddable":true,"href":"https:\/\/www.europesays.com\/fr\/wp-json\/wp\/v2\/comments?post=580546"}],"version-history":[{"count":0,"href":"https:\/\/www.europesays.com\/fr\/wp-json\/wp\/v2\/posts\/580546\/revisions"}],"wp:featuredmedia":[{"embeddable":true,"href":"https:\/\/www.europesays.com\/fr\/wp-json\/wp\/v2\/media\/580547"}],"wp:attachment":[{"href":"https:\/\/www.europesays.com\/fr\/wp-json\/wp\/v2\/media?parent=580546"}],"wp:term":[{"taxonomy":"category","embeddable":true,"href":"https:\/\/www.europesays.com\/fr\/wp-json\/wp\/v2\/categories?post=580546"},{"taxonomy":"post_tag","embeddable":true,"href":"https:\/\/www.europesays.com\/fr\/wp-json\/wp\/v2\/tags?post=580546"}],"curies":[{"name":"wp","href":"https:\/\/api.w.org\/{rel}","templated":true}]}}