{"id":580548,"date":"2025-12-05T19:49:42","date_gmt":"2025-12-05T19:49:42","guid":{"rendered":"https:\/\/www.europesays.com\/fr\/580548\/"},"modified":"2025-12-05T19:49:42","modified_gmt":"2025-12-05T19:49:42","slug":"sante-le-chru-de-nancy-dans-lelite-des-hopitaux-francais-selon-le-point","status":"publish","type":"post","link":"https:\/\/www.europesays.com\/fr\/580548\/","title":{"rendered":"Sant\u00e9. Le CHRU de Nancy dans l\u2019\u00e9lite des h\u00f4pitaux fran\u00e7ais, selon Le Point"},"content":{"rendered":"<p>Le CHRU de Nancy a recul\u00e9 d\u2019un cran cette ann\u00e9e, mais demeure l\u2019un des fleurons fran\u00e7ais de la m\u00e9decine hospitali\u00e8re. Selon le dernier barom\u00e8tre du magazine Le Point paru ce jeudi 4\u00a0d\u00e9cembre, le centre hospitalier universitaire se glisse \u00e0 la 6e  place (*) des \u00ab\u00a0meilleurs h\u00f4pitaux de France\u00a0\u00bb, entre Montpellier (5e) et Nantes (7e). Le CHU Toulouse occupe la 1re place. En Lorraine, Nancy s\u2019installe ainsi dans le Top 10 Fran\u00e7ais, alors que le CHR Metz-Thionville n\u2019appara\u00eet m\u00eame pas dans les cinquante premiers du tableau d\u2019honneur. La Moselle est repr\u00e9sent\u00e9e par les H\u00f4pitaux priv\u00e9s de Metz (27 e ) qui font cette ann\u00e9e une remont\u00e9e fulgurante (+13). Pour le Grand Est, le CHU de Strasbourg grimpe de trois \u00e9tages et le CHU de Reims d\u00e9gringole \u00e0 la 33e place (-10). Au tableau d\u2019honneurs des cliniques priv\u00e9s, la Lorraine compte la clinique Louis-Pasteur d\u2019Essey-l\u00e8s-Nancy (35e, +14) et l\u2019h\u00f4pital Claude-Bernard de Metz (40e, +6).<\/p>\n<p>  La chirurgie de la main toujours au sommet<\/p>\n<p>Le CHRU de Nancy et ses homologues lorrains confirment leur excellence dans plusieurs sp\u00e9cialit\u00e9s en s\u2019imposant dans le Top 5 ou le Top 10 national. Le CHRU conserve ainsi sa premi\u00e8re place en chirurgie de la main (Centre Emile-Gall\u00e9) et se l\u2019arroge dans la prise en charge de la scl\u00e9rose en plaques. L\u2019h\u00f4pital Robert-Schuman de Metz truste la premi\u00e8re place dans le cancer de la vessie. En orthop\u00e9die, l\u2019h\u00f4pital messin se hisse en 5e  position, Emile-Gall\u00e9 en 11e. Schuman acc\u00e8de \u00e9galement \u00e0 la 5e  place en chirurgie du pied et de l\u2019\u00e9paule.<\/p>\n<p>Le Centre Emile-Gall\u00e9 est aussi 4e  en arthrose de la main, 5e  en chirurgie du canal carpien et 11e en proth\u00e8se du genou. Le CHRU de Nancy est aussi 3e  en chirurgie du dos de l\u2019enfant et de l\u2019adolescent et 6e  en chirurgie du dos de l\u2019adulte. L\u2019h\u00f4pital public nanc\u00e9ien se retrouve par ailleurs 8e  dans le traitement du diab\u00e8te de l\u2019enfant et de l\u2019adolescent, 2e  en chirurgie de l\u2019ob\u00e9sit\u00e9 et 2e  et 9e  pour la prise en charge de l\u2019\u00e9pilepsie de l\u2019adulte et de l\u2019enfant. Il est \u00e9galement 7e  en chirurgie des art\u00e8res, 2e  pour l\u2019infarctus du myocarde, 10e  pour l\u2019insuffisance cardiaque et 4e  en angioplastie coronaire, derri\u00e8re le CHR Metz-Thionville (3e).<\/p>\n<p>  Canc\u00e9rologie<\/p>\n<p>Le centre hospitalier nanc\u00e9ien qui dispose depuis 2023 d\u2019un Institut Hospitalo-Universitaire (IHU) sp\u00e9cialis\u00e9 dans les Maladies inflammatoires chroniques de l\u2019intestin (MICI) acc\u00e8de \u00e0 la 3e  place dans cette activit\u00e9, derri\u00e8re le mastodonte h\u00f4pital Bic\u00eatre (94). Pour le cancer du c\u00f4lon et de l\u2019intestin, la 4e  place revient \u00e0 l\u2019h\u00f4pital Robert-Schuman de Vantoux (57). Le CHR Metz-Thionville fait son apparition sur la 6e  marche dans la prise en charge des maladies de la v\u00e9sicule biliaire. En canc\u00e9rologie, le CHRU de Nancy se situe \u00e0 la 3e  place dans la leuc\u00e9mie de l\u2019adulte, \u00e0 la 9e  pour les tumeurs du cerveau de l\u2019enfant, \u00e0 la 8e  pour le cancer du rein et \u00e0 la 9e  place pour le cancer du pancr\u00e9as. L\u2019Institut de canc\u00e9rologie de Lorraine (ICL) log\u00e9 dans l\u2019enceinte du CHRU se situe, lui, au 2e  rang pour le cancer du poumon, au 7e dans la prise en charge du lymphome-my\u00e9lome de l\u2019adulte, au 8e  en ce qui concerne le cancer de la peau et au 7e  pour les cancers ORL. En ophtalmologie, le CHRU est 10e  en chirurgie de la r\u00e9tine et 9e  pour le traitement de la cataracte. Enfin, coup de chapeau au Centre Psychoth\u00e9rapique de Nancy (CPN) qui figure \u00e0 la 6e  place dans la prise en charge du stress post-traumatique.<\/p>\n<p class=\"note\">(*) Le secteur hospitalier fran\u00e7ais (public et priv\u00e9) comptait environ 2\u00a0965 \u00e9tablissements de sant\u00e9 fin 2023 (source DREES).<\/p>\n","protected":false},"excerpt":{"rendered":"Le CHRU de Nancy a recul\u00e9 d\u2019un cran cette ann\u00e9e, mais demeure l\u2019un des fleurons fran\u00e7ais de la&hellip;\n","protected":false},"author":2,"featured_media":580549,"comment_status":"","ping_status":"","sticky":false,"template":"","format":"standard","meta":{"footnotes":""},"categories":[9635],"tags":[1111,11,1777,674,1011,27,775,5362,224,1702,12,3456,25,71],"class_list":{"0":"post-580548","1":"post","2":"type-post","3":"status-publish","4":"format-standard","5":"has-post-thumbnail","7":"category-nancy","8":"tag-actu","9":"tag-actualites","10":"tag-eu","11":"tag-europe","12":"tag-fr","13":"tag-france","14":"tag-grand-est","15":"tag-magazine-sante","16":"tag-medecine","17":"tag-nancy","18":"tag-news","19":"tag-region-lorraine","20":"tag-republique-francaise","21":"tag-sante"},"share_on_mastodon":{"url":"https:\/\/pubeurope.com\/@fr\/115668698047539071","error":""},"_links":{"self":[{"href":"https:\/\/www.europesays.com\/fr\/wp-json\/wp\/v2\/posts\/580548","targetHints":{"allow":["GET"]}}],"collection":[{"href":"https:\/\/www.europesays.com\/fr\/wp-json\/wp\/v2\/posts"}],"about":[{"href":"https:\/\/www.europesays.com\/fr\/wp-json\/wp\/v2\/types\/post"}],"author":[{"embeddable":true,"href":"https:\/\/www.europesays.com\/fr\/wp-json\/wp\/v2\/users\/2"}],"replies":[{"embeddable":true,"href":"https:\/\/www.europesays.com\/fr\/wp-json\/wp\/v2\/comments?post=580548"}],"version-history":[{"count":0,"href":"https:\/\/www.europesays.com\/fr\/wp-json\/wp\/v2\/posts\/580548\/revisions"}],"wp:featuredmedia":[{"embeddable":true,"href":"https:\/\/www.europesays.com\/fr\/wp-json\/wp\/v2\/media\/580549"}],"wp:attachment":[{"href":"https:\/\/www.europesays.com\/fr\/wp-json\/wp\/v2\/media?parent=580548"}],"wp:term":[{"taxonomy":"category","embeddable":true,"href":"https:\/\/www.europesays.com\/fr\/wp-json\/wp\/v2\/categories?post=580548"},{"taxonomy":"post_tag","embeddable":true,"href":"https:\/\/www.europesays.com\/fr\/wp-json\/wp\/v2\/tags?post=580548"}],"curies":[{"name":"wp","href":"https:\/\/api.w.org\/{rel}","templated":true}]}}