{"id":580550,"date":"2025-12-05T19:50:14","date_gmt":"2025-12-05T19:50:14","guid":{"rendered":"https:\/\/www.europesays.com\/fr\/580550\/"},"modified":"2025-12-05T19:50:14","modified_gmt":"2025-12-05T19:50:14","slug":"en-direct-football-ligue-2-le-gf38-perd-son-gardien-nancy-multiplie-les-occasions-suivez-la-rencontre","status":"publish","type":"post","link":"https:\/\/www.europesays.com\/fr\/580550\/","title":{"rendered":"En direct Football &#8211; Ligue 2. Le GF38 perd son gardien, Nancy multiplie les occasions\u00a0: suivez la rencontre"},"content":{"rendered":"<p>&#13;<br \/>\n                                                    En direct&#13;<br \/>\n                        &#13;\n                                            <\/p>\n<p>Dans le cadre de la 16e journ\u00e9e de Ligue 2, le Grenoble Foot 38 affronte l&rsquo;AS Nacy-Loarraine au Stade des Alpes. Les Grenoblois, battus lors du dernier d\u00e9placement \u00e0 Boulogne-sur-Mer (3-1) doit retrouver le chemin de la victoire face \u00e0 un concurrent direct. Suivez la rencontre en direct comment\u00e9 \u00e0 partir 19h30.\u00a0<\/p>\n<p>&#13;<br \/>\n              L.A. &#8211; &#13;<br \/>\n        &#13;<br \/>\n          Aujourd&rsquo;hui \u00e0 20:48&#13;<br \/>\n    &#13;<br \/>\n                  | mis \u00e0 jour aujourd&rsquo;hui \u00e0 20:48&#13;<br \/>\n              &#8211; Temps de lecture : &#13;<br \/>\n  &#13;<\/p>\n","protected":false},"excerpt":{"rendered":"&#13; En direct&#13; &#13; Dans le cadre de la 16e journ\u00e9e de Ligue 2, le Grenoble Foot 38&hellip;\n","protected":false},"author":2,"featured_media":580551,"comment_status":"","ping_status":"","sticky":false,"template":"","format":"standard","meta":{"footnotes":""},"categories":[9635],"tags":[1111,11,3545,112,1777,674,107,1701,63,1011,27,12637,775,2731,2732,108,12636,1702,12,25,517,1947],"class_list":{"0":"post-580550","1":"post","2":"type-post","3":"status-publish","4":"format-standard","5":"has-post-thumbnail","7":"category-nancy","8":"tag-actu","9":"tag-actualites","10":"tag-direct-sport","11":"tag-edition-grenoble-agglomeration","12":"tag-eu","13":"tag-europe","14":"tag-fil-info","15":"tag-fil-info-sport","16":"tag-football","17":"tag-fr","18":"tag-france","19":"tag-gf38-grenoble-foot-38","20":"tag-grand-est","21":"tag-grenoble","22":"tag-grenoble-bassin","23":"tag-isere","24":"tag-ligue-2-football","25":"tag-nancy","26":"tag-news","27":"tag-republique-francaise","28":"tag-sport","29":"tag-sport-national"},"share_on_mastodon":{"url":"https:\/\/pubeurope.com\/@fr\/115668702014425225","error":""},"_links":{"self":[{"href":"https:\/\/www.europesays.com\/fr\/wp-json\/wp\/v2\/posts\/580550","targetHints":{"allow":["GET"]}}],"collection":[{"href":"https:\/\/www.europesays.com\/fr\/wp-json\/wp\/v2\/posts"}],"about":[{"href":"https:\/\/www.europesays.com\/fr\/wp-json\/wp\/v2\/types\/post"}],"author":[{"embeddable":true,"href":"https:\/\/www.europesays.com\/fr\/wp-json\/wp\/v2\/users\/2"}],"replies":[{"embeddable":true,"href":"https:\/\/www.europesays.com\/fr\/wp-json\/wp\/v2\/comments?post=580550"}],"version-history":[{"count":0,"href":"https:\/\/www.europesays.com\/fr\/wp-json\/wp\/v2\/posts\/580550\/revisions"}],"wp:featuredmedia":[{"embeddable":true,"href":"https:\/\/www.europesays.com\/fr\/wp-json\/wp\/v2\/media\/580551"}],"wp:attachment":[{"href":"https:\/\/www.europesays.com\/fr\/wp-json\/wp\/v2\/media?parent=580550"}],"wp:term":[{"taxonomy":"category","embeddable":true,"href":"https:\/\/www.europesays.com\/fr\/wp-json\/wp\/v2\/categories?post=580550"},{"taxonomy":"post_tag","embeddable":true,"href":"https:\/\/www.europesays.com\/fr\/wp-json\/wp\/v2\/tags?post=580550"}],"curies":[{"name":"wp","href":"https:\/\/api.w.org\/{rel}","templated":true}]}}