{"id":580556,"date":"2025-12-05T19:53:19","date_gmt":"2025-12-05T19:53:19","guid":{"rendered":"https:\/\/www.europesays.com\/fr\/580556\/"},"modified":"2025-12-05T19:53:19","modified_gmt":"2025-12-05T19:53:19","slug":"herault-les-entreprises-creatrices-de-valeurs-dans-les-territoires-six-dirigeants-locaux-partagent-leurs-experiences-le-16-decembre-a-montpellier","status":"publish","type":"post","link":"https:\/\/www.europesays.com\/fr\/580556\/","title":{"rendered":"H\u00e9rault &#8211; Les entreprises cr\u00e9atrices de valeurs dans les territoires : six dirigeants locaux partagent leurs exp\u00e9riences le 16 d\u00e9cembre \u00e0 Montpellier"},"content":{"rendered":"\n<p>Elles innovent, recrutent, investissent et font vivre le tissu \u00e9conomique local. Le 16 d\u00e9cembre \u00e0 Montpellier,\u00a0La Lettre M\u00a0met en lumi\u00e8re ces entreprises qui &#8211; chacune \u00e0 leur niveau \u2013 transforment leurs territoires et les impacte positivement, en particulier gr\u00e2ce \u00e0 des politiques RSE ambitieuses.<\/p>\n<p>\u00c0 cette occasion, six dirigeants viendront apporter leurs t\u00e9moignages et leurs retours d&rsquo;exp\u00e9rience, d\u00e9montrant comment l\u2019entreprise peut devenir un v\u00e9ritable moteur du d\u00e9veloppement territorial.<\/p>\n<p><strong>Les intervenants\u00a0:<\/strong><\/p>\n<p><strong>&gt; Fran\u00e7ois Potier<\/strong>, directeur ex\u00e9cutif du groupe h\u00e9raultais\u00a0Exaprint, expert de l\u2019impression en ligne<\/p>\n<p><strong>&gt;<\/strong>\u00a0<strong>St\u00e9phanie\u00a0Cad\u00e8ne<\/strong>, directrice marketing et communication de\u00a0Jallatte, fabricant gardois de chaussures de s\u00e9curit\u00e9<\/p>\n<p><strong>&gt; Ma\u00eblla\u00a0Corbisier<\/strong>, coordinatrice\u00a0QSE-RSE\u00a0du groupe h\u00e9raultais\u00a0Tec\u00a0Invest, sp\u00e9cialis\u00e9 dans la logistique, le transport et l\u2019innovation durable<\/p>\n<p><strong>&gt; Laurent-Emmanuel\u00a0Migeon<\/strong>, PDG de Bio-UV\u00a0Group, sp\u00e9cialiste h\u00e9raultais des solutions innovantes d\u00e9di\u00e9es au traitement de l\u2019eau<\/p>\n<p><strong>&gt;<\/strong>\u00a0<strong>Sylvain Panas<\/strong>, directeur r\u00e9gional de\u00a0TotalEnergies\u00a0Occitanie<\/p>\n<p><strong>&gt;<\/strong>\u00a0<strong>Julien\u00a0Tuffery<\/strong>, PDG de la soci\u00e9t\u00e9 loz\u00e9rienne Atelier\u00a0Tuffery, sp\u00e9cialis\u00e9e dans la confection de jeans<\/p>\n<p><strong>Entr\u00e9e gratuite sur inscription\u00a0<a href=\"https:\/\/www.lalettrem.fr\/inscription\/316296\" target=\"_blank\" rel=\"noopener\">ici<\/a>.<\/strong><\/p>\n","protected":false},"excerpt":{"rendered":"Elles innovent, recrutent, investissent et font vivre le tissu \u00e9conomique local. Le 16 d\u00e9cembre \u00e0 Montpellier,\u00a0La Lettre M\u00a0met&hellip;\n","protected":false},"author":2,"featured_media":580557,"comment_status":"","ping_status":"","sticky":false,"template":"","format":"standard","meta":{"footnotes":""},"categories":[9599],"tags":[1111,11,1777,674,1011,27,2208,12,2680,25],"class_list":{"0":"post-580556","1":"post","2":"type-post","3":"status-publish","4":"format-standard","5":"has-post-thumbnail","7":"category-montpellier","8":"tag-actu","9":"tag-actualites","10":"tag-eu","11":"tag-europe","12":"tag-fr","13":"tag-france","14":"tag-montpellier","15":"tag-news","16":"tag-occitanie","17":"tag-republique-francaise"},"share_on_mastodon":{"url":"https:\/\/pubeurope.com\/@fr\/115668713804699332","error":""},"_links":{"self":[{"href":"https:\/\/www.europesays.com\/fr\/wp-json\/wp\/v2\/posts\/580556","targetHints":{"allow":["GET"]}}],"collection":[{"href":"https:\/\/www.europesays.com\/fr\/wp-json\/wp\/v2\/posts"}],"about":[{"href":"https:\/\/www.europesays.com\/fr\/wp-json\/wp\/v2\/types\/post"}],"author":[{"embeddable":true,"href":"https:\/\/www.europesays.com\/fr\/wp-json\/wp\/v2\/users\/2"}],"replies":[{"embeddable":true,"href":"https:\/\/www.europesays.com\/fr\/wp-json\/wp\/v2\/comments?post=580556"}],"version-history":[{"count":0,"href":"https:\/\/www.europesays.com\/fr\/wp-json\/wp\/v2\/posts\/580556\/revisions"}],"wp:featuredmedia":[{"embeddable":true,"href":"https:\/\/www.europesays.com\/fr\/wp-json\/wp\/v2\/media\/580557"}],"wp:attachment":[{"href":"https:\/\/www.europesays.com\/fr\/wp-json\/wp\/v2\/media?parent=580556"}],"wp:term":[{"taxonomy":"category","embeddable":true,"href":"https:\/\/www.europesays.com\/fr\/wp-json\/wp\/v2\/categories?post=580556"},{"taxonomy":"post_tag","embeddable":true,"href":"https:\/\/www.europesays.com\/fr\/wp-json\/wp\/v2\/tags?post=580556"}],"curies":[{"name":"wp","href":"https:\/\/api.w.org\/{rel}","templated":true}]}}