{"id":580558,"date":"2025-12-05T19:54:14","date_gmt":"2025-12-05T19:54:14","guid":{"rendered":"https:\/\/www.europesays.com\/fr\/580558\/"},"modified":"2025-12-05T19:54:14","modified_gmt":"2025-12-05T19:54:14","slug":"la-ville-votera-t-elle-la-preemption-des-terres-agricoles-de-la-cite-bergere","status":"publish","type":"post","link":"https:\/\/www.europesays.com\/fr\/580558\/","title":{"rendered":"la Ville votera-t-elle la pr\u00e9emption des terres agricoles de la Cit\u00e9 Berg\u00e8re\u00a0?"},"content":{"rendered":"<p>                    Par<br \/>\n        <strong><br \/>\n            <a href=\"https:\/\/actu.fr\/auteur\/g-martin\" title=\"Consulter tous les articles de Gil Martin\" target=\"_blank\" rel=\"noopener\">Gil Martin<\/a><br \/>\n                    <\/strong><\/p>\n<p>        Publi\u00e9 le<\/p>\n<p>            5 d\u00e9c. 2025 \u00e0 20h38        <\/p>\n<p>Jeudi matin, Gr\u00e9gory Fouch\u00e9 et Lucie Mendes, les repr\u00e9sentants du <strong>collectif \u00ab pr\u00e9servons la cit\u00e9 Berg\u00e8re \u00bb<\/strong> (qui regrouperait une cinquantaine de riverains) ont tenu \u00e0 communiquer sur leur derni\u00e8re initiative\u00a0: proposer<strong> aux \u00e9lus de Montpellier<\/strong>, qui se r\u00e9unissent en Conseil municipal pour la derni\u00e8re fois de l\u2019ann\u00e9e ce 11 d\u00e9cembre 2025, <strong>d\u2019adopter un v\u0153u<\/strong> engageant la Ville <strong>\u00e0 pr\u00e9empter<\/strong> le site agricole urbain (situ\u00e9 aux Beaux-Arts, avenue Saint-Lazare) afin de sauver <strong>l\u2019ultime mara\u00eechage du centre-ville<\/strong> <strong>de la b\u00e9tonisation<\/strong>.<\/p>\n<p>\u00ab\u00a0Respect des engagements\u00a0\u00bb<\/p>\n<p class=\" wall-content\">\u00ab\u00a0Nous souhaitons que la Ville pr\u00e9empte\u00a0la totalit\u00e9 de la Cit\u00e9 Berg\u00e8re afin de pr\u00e9server l\u2019activit\u00e9 agricole historique du site\u00a0\u00bb, expliquent les riverains qui rappellent l\u2019engagement de la majorit\u00e9 de Micha\u00ebl Delafosse sur ce sujet\u00a0: \u00ab\u00a0L\u2019\u00e9lu \u00e9cologiste Manu Reynaud assurait en 2023 que le site agricole de la Cit\u00e9 Berg\u00e8re serait enti\u00e8rement prot\u00e9g\u00e9. Pourquoi la Ville ne tient-elle pas ses promesses\u00a0\u00bb, s\u2019interrogent les deux riverains ?<\/p>\n<p>R\u00e9sistance \u00e0 la b\u00e9tonisation<\/p>\n<p class=\" wall-content\">Lesquels ne s\u2019avouent (toujours) pas convaincu par les arguments de la Ville qui assure qu\u2019elle ne peut pas s\u2019opposer \u00e0 un projet immobilier sur un terrain priv\u00e9\u00a0: \u00ab\u00a0C\u2019est faux\u00a0: dans l\u2019histoire de Montpellier, des projets immobiliers ont \u00e9t\u00e9 annul\u00e9 pour pr\u00e9server des espaces verts, comme pour le parc Cl\u00e9menceau\u00a0\u00bb. Le collectif a re\u00e7u l\u2019aide d\u2019une association rompue \u00e0 cet exercice difficile de la r\u00e9sistance \u00e0 la b\u00e9tonisation\u00a0: l\u2019association des vrais amis du P\u00e8re Pr\u00e9vost qui a lutt\u00e9, d\u00e8s 2012, contre le projet d\u2019urbanisation du stade de foot des Beaux-Arts.<\/p>\n<blockquote class=\"ac-article-quote wall-content\">\n<p>\u00ab\u00a0Nous proposons \u00e0 la Ville de cr\u00e9er une ferme agricole participative, ce qui permettrait de sauver la totalit\u00e9 du maraichage. Avec le projet immobilier tel qu\u2019il est pr\u00e9vu, c\u2019est plus de 60% de surface cultiv\u00e9e qui va disparaitre, c\u2019est la mort assur\u00e9e de l\u2019activit\u00e9\u00a0\u00bb<\/p>\n<p>    <strong>Gr\u00e9gory Fouch\u00e9 et Lucie Mendes<\/strong><br \/>\n        Collectif \u00ab\u00a0pr\u00e9servons la cit\u00e9 Berg\u00e8re\u00a0\u00bb    <\/p><\/blockquote>\n<p>    <img   decoding=\"async\" loading=\"lazy\" src=\"https:\/\/www.europesays.com\/fr\/wp-content\/uploads\/2025\/12\/photo-banderolle-960x640.jpg\" alt=\"Les riverains demande au maire de Montpellier de \" width=\"960\" height=\"640\"\/><br \/>\n    Les riverains demande au maire de Montpellier de \u00ab\u00a0tenir ses engagements\u00a0\u00bb (\u00a9M\u00e9tropolitain)Vid\u00e9os : en ce moment sur Actu<\/p>\n<p class=\" wall-content\">Tony Chavard, repr\u00e9sentant tr\u00e8s actif de cette association, confirme que celle-ci soutien devant la justice le recours du collectif \u00ab\u00a0Pr\u00e9servons la Cit\u00e9 Berg\u00e8re\u00a0\u00bb, porte \u00e9galement par 13 riverains \u00e0 titre personnel. \u00ab\u00a0Nous soutenons la d\u00e9marche du collectif car il est \u00e9vident qu\u2019il faut pr\u00e9server cette parcelle d\u2019agriculture urbaine\u00a0en plein centre-ville \u00bb, t\u00e9moigne-t-il, \u00e9voquant la possibilit\u00e9 pour la Ville de classer en Zone Agricole, ce qui interdirait tout projet immobilier.\u00a0<\/p>\n<p>    <a href=\"https:\/\/www.google.com\/maps\/embed?pb=!3m2!1sfr!2sfr!4v1764915797355!5m2!1sfr!2sfr!6m8!1m7!1s6Jbwx27CWd82hNQ6wcGCGg!2m2!1d43.62078706520383!2d3.886519403381155!3f230.95786815793932!4f19.37232815824153!5f0.7820865974627469\" title=\"Ouvrie le lien\" target=\"_blank\" rel=\"noopener\">Cliquez ici pour visualiser le contenu<\/a><\/p>\n<p>Votre r\u00e9gion, votre actu !<\/p>\n<p>Recevez chaque jour les infos qui comptent pour vous.<\/p>\n<p>\t<a href=\"https:\/\/actu.fr\/newsletter\" class=\"ac-btn ac-btn--corner ac-btn--medium ac-btn--blue800\" target=\"_blank\" rel=\"noopener\">S&rsquo;incrire<\/a><br \/>\nSauver un patrimoine pr\u00e9cieux<\/p>\n<p class=\" wall-content\">\u00ab\u00a0Nous avons aussi des projets pour l\u2019avenir de de site\u00a0\u00bb, poursuivent Gr\u00e9gory Fouch\u00e9 et Lucie Mendes\u00a0: \u00ab\u00a0Nous proposons \u00e0 la Ville de cr\u00e9er ici une ferme agricole participative, ce qui permettrait de sauver la totalit\u00e9 du maraichage. Avec le projet immobilier sur le site, tel qu\u2019il est pr\u00e9vu, c\u2019est plus de 60% de surface cultiv\u00e9e qui va disparaitre, c\u2019est la mort assur\u00e9e de l\u2019activit\u00e9\u00a0\u00bb. Et pour rendre ce projet financi\u00e8rement viable, les riverains assurent qu\u2019ils sont pr\u00eats \u00e0 explorer diverses solutions, \u00ab\u00a0comme des montages coop\u00e9ratifs ou associatifs, pourquoi pas sous forme de SCOP, avec la participation des riverains, des habitats des Beaux-Arts ou d\u2019ailleurs\u00a0: \u00ab\u00a0Il s\u2019agit \u00e9galement de sauvegarder un patrimoine pr\u00e9cieux \u00e0 mettre au service des jeunes g\u00e9n\u00e9rations (\u00e9coles, coll\u00e8ges), de pr\u00e9server une m\u00e9moire vivante qui peut contribuer \u00e0 pr\u00e9figurer ce que pourrait \u00eatre la ville de demain\u00a0\u00bb, affirme Lucie Mend\u00e8s.<\/p>\n<p>Pour un engagement fort de la Ville<\/p>\n<p class=\" wall-content\">Gr\u00e9gory Fouch\u00e9, qui regrette encore \u00ab\u00a0le manque de transparence de la Ville qui travaille sur ce dossier depuis 3 ans mais qui n\u2019a jamais de ce projet aux habitants du quartier\u00a0\u00bb, explique que le collectif se sent bien soutenu \u00e9galement par les plus de 26 000 signataires de la p\u00e9tition demandant l\u2019arr\u00eat du projet immobilier sur les parcelles agricoles. Des conditions qui encouragent \u00e0 demander un engagement fort de la collectivit\u00e9\u00a0: l\u2019adoption du v\u0153u de pr\u00e9emption des terres agricoles de la Cit\u00e9 Berg\u00e8re, \u00ab\u00a0un v\u0153u qui sera formul\u00e9 par la Conseill\u00e8re municipale Alenka Doulain lors du Conseil municipal de ce 11 d\u00e9cembre\u00a0\u00bb.<\/p>\n<p class=\" wall-content\">Personnalisez votre actualit\u00e9 en ajoutant vos villes et m\u00e9dias en favori avec <a href=\"https:\/\/moncompte.actu.fr\" title=\"D\u00e9couvez Mon Actu\" rel=\"nofollow noopener\" data-trk=\"{&quot;cta&quot;:{&quot;action&quot;:&quot;https:\\\/\\\/moncompte.actu.fr&quot;,&quot;category&quot;:&quot;mon compte&quot;,&quot;from&quot;:&quot;article footer&quot;,&quot;name&quot;:&quot;Mon actu&quot;,&quot;type&quot;:&quot;cta&quot;}}\" target=\"_blank\">Mon Actu<\/a>.<\/p>\n","protected":false},"excerpt":{"rendered":"Par Gil Martin Publi\u00e9 le 5 d\u00e9c. 2025 \u00e0 20h38 Jeudi matin, Gr\u00e9gory Fouch\u00e9 et Lucie Mendes, les&hellip;\n","protected":false},"author":2,"featured_media":580559,"comment_status":"","ping_status":"","sticky":false,"template":"","format":"standard","meta":{"footnotes":""},"categories":[9599],"tags":[1111,11,1777,674,1011,27,2208,12,2680,25,104],"class_list":{"0":"post-580558","1":"post","2":"type-post","3":"status-publish","4":"format-standard","5":"has-post-thumbnail","7":"category-montpellier","8":"tag-actu","9":"tag-actualites","10":"tag-eu","11":"tag-europe","12":"tag-fr","13":"tag-france","14":"tag-montpellier","15":"tag-news","16":"tag-occitanie","17":"tag-republique-francaise","18":"tag-societe"},"share_on_mastodon":{"url":"https:\/\/pubeurope.com\/@fr\/115668718542483197","error":""},"_links":{"self":[{"href":"https:\/\/www.europesays.com\/fr\/wp-json\/wp\/v2\/posts\/580558","targetHints":{"allow":["GET"]}}],"collection":[{"href":"https:\/\/www.europesays.com\/fr\/wp-json\/wp\/v2\/posts"}],"about":[{"href":"https:\/\/www.europesays.com\/fr\/wp-json\/wp\/v2\/types\/post"}],"author":[{"embeddable":true,"href":"https:\/\/www.europesays.com\/fr\/wp-json\/wp\/v2\/users\/2"}],"replies":[{"embeddable":true,"href":"https:\/\/www.europesays.com\/fr\/wp-json\/wp\/v2\/comments?post=580558"}],"version-history":[{"count":0,"href":"https:\/\/www.europesays.com\/fr\/wp-json\/wp\/v2\/posts\/580558\/revisions"}],"wp:featuredmedia":[{"embeddable":true,"href":"https:\/\/www.europesays.com\/fr\/wp-json\/wp\/v2\/media\/580559"}],"wp:attachment":[{"href":"https:\/\/www.europesays.com\/fr\/wp-json\/wp\/v2\/media?parent=580558"}],"wp:term":[{"taxonomy":"category","embeddable":true,"href":"https:\/\/www.europesays.com\/fr\/wp-json\/wp\/v2\/categories?post=580558"},{"taxonomy":"post_tag","embeddable":true,"href":"https:\/\/www.europesays.com\/fr\/wp-json\/wp\/v2\/tags?post=580558"}],"curies":[{"name":"wp","href":"https:\/\/api.w.org\/{rel}","templated":true}]}}