{"id":580560,"date":"2025-12-05T19:55:17","date_gmt":"2025-12-05T19:55:17","guid":{"rendered":"https:\/\/www.europesays.com\/fr\/580560\/"},"modified":"2025-12-05T19:55:17","modified_gmt":"2025-12-05T19:55:17","slug":"le-restaurant-tartifoule-ouvre-sur-les-quais-de-rouen","status":"publish","type":"post","link":"https:\/\/www.europesays.com\/fr\/580560\/","title":{"rendered":"le restaurant Tartifoule ouvre sur les quais de Rouen"},"content":{"rendered":"<p>                    Par<br \/>\n        <strong><br \/>\n            <a href=\"https:\/\/actu.fr\/auteur\/adrien-filoche\" title=\"Consulter tous les articles de Adrien Filoche\" target=\"_blank\" rel=\"noopener\">Adrien Filoche<\/a><br \/>\n                    <\/strong><\/p>\n<p>        Publi\u00e9 le<\/p>\n<p>            5 d\u00e9c. 2025 \u00e0 20h06        <\/p>\n<p><strong>L\u2019hiver, c\u2019est la saison du gras.<\/strong> Et le gras rime avec la tartiflette\u2009! Pour satisfaire vos envies de fromages, le restaurant Tartifoule (et ses <strong>tartiflettes \u00e0 volont\u00e9)<\/strong> ouvre le 6\u00a0d\u00e9cembre 2025 sur les quais rive droite de <a href=\"https:\/\/actu.fr\/normandie\/rouen_76540\" target=\"_blank\" rel=\"noopener\">Rouen<\/a>, au niveau de <a href=\"https:\/\/actu.fr\/normandie\/rouen_76540\/bientot-a-rouen-une-dizaine-de-restaurants-en-un-decouvrez-l-entrepot-food-hall_59224257.html\" target=\"_blank\" rel=\"noopener\">l\u2019Entrep\u00f4t Food Hall.<\/a> Pour les connaisseurs, l\u2019\u00e9tablissement vient prendre la suite <a href=\"https:\/\/actu.fr\/normandie\/rouen_76540\/envie-de-moules-a-rouen-un-restaurant-a-ouvert-sur-les-quais-et-c-est-a-volonte_62836099.html\" target=\"_blank\" rel=\"noopener\">Foule Moule<\/a> qui proposait d\u00e9j\u00e0 une formule de moules \u00e0 volont\u00e9.<\/p>\n<p>Six vari\u00e9t\u00e9s diff\u00e9rentes de tartiflettes \u00e0 volont\u00e9<\/p>\n<p class=\" wall-content\">\u00ab\u2009On veut proposer des plats r\u00e9confortants\u2009\u00bb, souligne en souriant Ingrid Gu\u00e9ret, responsable de la communication de la Maison Gu\u00e9ret, le groupe qui g\u00e8re l\u2019Entrep\u00f4t Food Hall.<\/p>\n<p class=\" wall-content\">Pour ce qui est des tartiflettes, il y aura le choix entre six vari\u00e9t\u00e9s diff\u00e9rentes\u2009: la classique, <strong>la trois fromages<\/strong>, <strong>la Normandiflette<\/strong> (poulet, Camembert, pommes de terre, oignon, cr\u00e8me),<strong> la v\u00e9g\u00e9<\/strong> (Tomme de Savoie, chou-fleur, carottes, poireaux, oignons, cr\u00e8me), <strong>la saumon<\/strong> (saumon, gorgonzola, oignons, cr\u00e8me) ou <strong>la sp\u00e9ciale<\/strong> (joue de b\u0153uf, fromage \u00e0 raclette, oignons, cr\u00e8me). Le prix de cette formule \u00e0 volont\u00e9 est \u00e0 18,90 euros.<\/p>\n<p class=\" wall-content\"><a href=\"https:\/\/www.instagram.com\/p\/DR2P56KCKGu\/embed\" title=\"Ouvrir le lien sur Instagram\" target=\"_blank\" rel=\"noopener\">Visualiser le contenu sur Instagram<\/a><\/p>\n<p class=\" wall-content\">Sur la carte, on retrouve \u00e9galement des <strong>entr\u00e9es<\/strong> (assiette de charcuteries, saucisson, \u0153uf mimosa, soupes ou encore toast au Camembert), ainsi que des <strong>plats<\/strong> (poisson du march\u00e9, tartare de saumon, pi\u00e8ce du boucher, plat du jour et deux fondues (classique ou royale). Attention, seule la formule tartiflette est \u00e0 volont\u00e9. Pour l\u2019entr\u00e9e, comptez entre 6 et 7\u00a0euros en moyenne, 18\u00a0euros le plat et 25\u00a0euros les fondues.<\/p>\n<p>Foule Moule reviendra\u2009!<\/p>\n<p class=\" wall-content\">Et s\u2019il vous reste de la place pour le dessert, la carte propose le choix entre <strong>cr\u00e8me br\u00fbl\u00e9e, fondant au chocolat, tarte du moment<\/strong>, coupe de glace ou encore crumble aux pommes pour des prix variant entre 5 et 8\u00a0euros.<\/p>\n<p>Vid\u00e9os : en ce moment sur Actu<\/p>\n<p class=\" wall-content\">La bonne nouvelle pour les amateurs de moules, c\u2019est que Foule Moule fera son retour. \u00ab\u2009On a imagin\u00e9 une formule saisonni\u00e8re\u2009: pendant six mois, on fera des tartiflettes et les six autres mois des moules\u2009\u00bb, pr\u00e9cise Ingrid Gu\u00e9ret.<\/p>\n<p>Votre r\u00e9gion, votre actu !<\/p>\n<p>Recevez chaque jour les infos qui comptent pour vous.<\/p>\n<p>\t<a href=\"https:\/\/actu.fr\/newsletter\" class=\"ac-btn ac-btn--corner ac-btn--medium ac-btn--blue800\" target=\"_blank\" rel=\"noopener\">S&rsquo;incrire<\/a><br \/>\nSuivez l\u2019actualit\u00e9 de Rouen sur <a href=\"https:\/\/www.whatsapp.com\/channel\/0029VaKfnf99hXF2ddApFB1D\" target=\"_blank\" rel=\"noopener\">notre cha\u00eene WhatsApp<\/a> et sur <a href=\"https:\/\/www.tiktok.com\/@76actu.fr?lang=fr\" target=\"_blank\" rel=\"noopener\">notre compte TikTok<\/a><\/p>\n<p class=\" wall-content\">Personnalisez votre actualit\u00e9 en ajoutant vos villes et m\u00e9dias en favori avec <a href=\"https:\/\/moncompte.actu.fr\" title=\"D\u00e9couvez Mon Actu\" rel=\"nofollow noopener\" data-trk=\"{&quot;cta&quot;:{&quot;action&quot;:&quot;https:\\\/\\\/moncompte.actu.fr&quot;,&quot;category&quot;:&quot;mon compte&quot;,&quot;from&quot;:&quot;article footer&quot;,&quot;name&quot;:&quot;Mon actu&quot;,&quot;type&quot;:&quot;cta&quot;}}\" target=\"_blank\">Mon Actu<\/a>.<\/p>\n<p>                    <script async src=\"\/\/www.instagram.com\/embed.js\"><\/script><script async src=\"\/\/www.tiktok.com\/embed.js\"><\/script><\/p>\n","protected":false},"excerpt":{"rendered":"Par Adrien Filoche Publi\u00e9 le 5 d\u00e9c. 2025 \u00e0 20h06 L\u2019hiver, c\u2019est la saison du gras. Et le&hellip;\n","protected":false},"author":2,"featured_media":580561,"comment_status":"","ping_status":"","sticky":false,"template":"","format":"standard","meta":{"footnotes":""},"categories":[9587],"tags":[1111,11,9086,215,1777,674,1011,27,1652,12,5161,3147,25,9590],"class_list":{"0":"post-580560","1":"post","2":"type-post","3":"status-publish","4":"format-standard","5":"has-post-thumbnail","7":"category-rouen","8":"tag-actu","9":"tag-actualites","10":"tag-bon-plan-a-rouen","11":"tag-commerce","12":"tag-eu","13":"tag-europe","14":"tag-fr","15":"tag-france","16":"tag-loisirs-culture","17":"tag-news","18":"tag-normandie","19":"tag-nouveaux-commerces","20":"tag-republique-francaise","21":"tag-rouen"},"share_on_mastodon":{"url":"https:\/\/pubeurope.com\/@fr\/115668721865696007","error":""},"_links":{"self":[{"href":"https:\/\/www.europesays.com\/fr\/wp-json\/wp\/v2\/posts\/580560","targetHints":{"allow":["GET"]}}],"collection":[{"href":"https:\/\/www.europesays.com\/fr\/wp-json\/wp\/v2\/posts"}],"about":[{"href":"https:\/\/www.europesays.com\/fr\/wp-json\/wp\/v2\/types\/post"}],"author":[{"embeddable":true,"href":"https:\/\/www.europesays.com\/fr\/wp-json\/wp\/v2\/users\/2"}],"replies":[{"embeddable":true,"href":"https:\/\/www.europesays.com\/fr\/wp-json\/wp\/v2\/comments?post=580560"}],"version-history":[{"count":0,"href":"https:\/\/www.europesays.com\/fr\/wp-json\/wp\/v2\/posts\/580560\/revisions"}],"wp:featuredmedia":[{"embeddable":true,"href":"https:\/\/www.europesays.com\/fr\/wp-json\/wp\/v2\/media\/580561"}],"wp:attachment":[{"href":"https:\/\/www.europesays.com\/fr\/wp-json\/wp\/v2\/media?parent=580560"}],"wp:term":[{"taxonomy":"category","embeddable":true,"href":"https:\/\/www.europesays.com\/fr\/wp-json\/wp\/v2\/categories?post=580560"},{"taxonomy":"post_tag","embeddable":true,"href":"https:\/\/www.europesays.com\/fr\/wp-json\/wp\/v2\/tags?post=580560"}],"curies":[{"name":"wp","href":"https:\/\/api.w.org\/{rel}","templated":true}]}}