{"id":580566,"date":"2025-12-05T19:58:13","date_gmt":"2025-12-05T19:58:13","guid":{"rendered":"https:\/\/www.europesays.com\/fr\/580566\/"},"modified":"2025-12-05T19:58:13","modified_gmt":"2025-12-05T19:58:13","slug":"en-direct-ligue-2-nancy-vendange-face-a-grenoble-en-premiere-mi-temps","status":"publish","type":"post","link":"https:\/\/www.europesays.com\/fr\/580566\/","title":{"rendered":"En direct Ligue 2. Nancy vendange face \u00e0 Grenoble en premi\u00e8re mi-temps \u00a0!"},"content":{"rendered":"<p>&#13;<br \/>\n                                                    En direct&#13;<br \/>\n                        &#13;\n                                            <\/p>\n<p>C&rsquo;est un match qui vaut cher ce vendredi soir pour l&rsquo;ASNL. 17e avec 15 points au compteur, elle rend visite \u00e0 Grenoble, 12e mais qui ne compte que 2 unit\u00e9s de plus.\u00a0Nancy a r\u00e9alis\u00e9 une bonne premi\u00e8re p\u00e9riode, mais a manqu\u00e9 deux belles occasions de prendre les devants.<\/p>\n<p>&#13;<br \/>\n              Adrien Richard &#8211; &#13;<br \/>\n        &#13;<br \/>\n          Aujourd&rsquo;hui \u00e0 11:14&#13;<br \/>\n    &#13;<br \/>\n                  | mis \u00e0 jour aujourd&rsquo;hui \u00e0 20:50&#13;<br \/>\n              &#8211; Temps de lecture : &#13;<br \/>\n  &#13;<\/p>\n","protected":false},"excerpt":{"rendered":"&#13; En direct&#13; &#13; C&rsquo;est un match qui vaut cher ce vendredi soir pour l&rsquo;ASNL. 17e avec 15&hellip;\n","protected":false},"author":2,"featured_media":580567,"comment_status":"","ping_status":"","sticky":false,"template":"","format":"standard","meta":{"footnotes":""},"categories":[9566],"tags":[1111,11,3703,2430,3545,3602,1707,1704,1706,1705,10174,1777,674,1701,63,1011,27,2731,1702,12,25,517,1700],"class_list":{"0":"post-580566","1":"post","2":"type-post","3":"status-publish","4":"format-standard","5":"has-post-thumbnail","7":"category-grenoble","8":"tag-actu","9":"tag-actualites","10":"tag-asnl","11":"tag-auvergne-rhone-alpes","12":"tag-direct-sport","13":"tag-edition-bar-le-duc","14":"tag-edition-luneville","15":"tag-edition-nancy-et-agglomeration","16":"tag-edition-pont-a-mousson","17":"tag-edition-toul","18":"tag-edition-verdun","19":"tag-eu","20":"tag-europe","21":"tag-fil-info-sport","22":"tag-football","23":"tag-fr","24":"tag-france","25":"tag-grenoble","26":"tag-nancy","27":"tag-news","28":"tag-republique-francaise","29":"tag-sport","30":"tag-sport-lorrain"},"share_on_mastodon":{"url":"https:\/\/pubeurope.com\/@fr\/115668733410396965","error":""},"_links":{"self":[{"href":"https:\/\/www.europesays.com\/fr\/wp-json\/wp\/v2\/posts\/580566","targetHints":{"allow":["GET"]}}],"collection":[{"href":"https:\/\/www.europesays.com\/fr\/wp-json\/wp\/v2\/posts"}],"about":[{"href":"https:\/\/www.europesays.com\/fr\/wp-json\/wp\/v2\/types\/post"}],"author":[{"embeddable":true,"href":"https:\/\/www.europesays.com\/fr\/wp-json\/wp\/v2\/users\/2"}],"replies":[{"embeddable":true,"href":"https:\/\/www.europesays.com\/fr\/wp-json\/wp\/v2\/comments?post=580566"}],"version-history":[{"count":0,"href":"https:\/\/www.europesays.com\/fr\/wp-json\/wp\/v2\/posts\/580566\/revisions"}],"wp:featuredmedia":[{"embeddable":true,"href":"https:\/\/www.europesays.com\/fr\/wp-json\/wp\/v2\/media\/580567"}],"wp:attachment":[{"href":"https:\/\/www.europesays.com\/fr\/wp-json\/wp\/v2\/media?parent=580566"}],"wp:term":[{"taxonomy":"category","embeddable":true,"href":"https:\/\/www.europesays.com\/fr\/wp-json\/wp\/v2\/categories?post=580566"},{"taxonomy":"post_tag","embeddable":true,"href":"https:\/\/www.europesays.com\/fr\/wp-json\/wp\/v2\/tags?post=580566"}],"curies":[{"name":"wp","href":"https:\/\/api.w.org\/{rel}","templated":true}]}}