{"id":580570,"date":"2025-12-05T20:00:27","date_gmt":"2025-12-05T20:00:27","guid":{"rendered":"https:\/\/www.europesays.com\/fr\/580570\/"},"modified":"2025-12-05T20:00:27","modified_gmt":"2025-12-05T20:00:27","slug":"trans-musicales-de-rennes-qui-sont-ces-darons-qui-salignent-sur-ce-marathon-musical","status":"publish","type":"post","link":"https:\/\/www.europesays.com\/fr\/580570\/","title":{"rendered":"Trans Musicales de Rennes : Qui sont ces darons qui s\u2019alignent sur ce marathon musical ?"},"content":{"rendered":"<p class=\"mb-4 text-lg md:leading-8 break-words\"><strong>Jeunesse \u00e9ternelle &#8211; N\u00e9 en\u00a01979, le festival rennais continue d\u2019attirer un public \u00e2g\u00e9 et fid\u00e8le capable de tenir jusqu\u2019\u00e0 6 heures du matin<\/strong><\/p>\n<p class=\"mb-4 text-lg md:leading-8 break-words\">Dans les couloirs du Libert\u00e9, les premiers accords de musique r\u00e9sonnent d\u00e9j\u00e0. Il est 17 heures et St\u00e9phane entame sa premi\u00e8re pinte de bi\u00e8re. Sans doute pas la derni\u00e8re de ce marathon musical dont le d\u00e9part vient tout juste d\u2019\u00eatre donn\u00e9. Pendant quatre jours, Rennes va vibrer au rythme des <a href=\"https:\/\/www.20minutes.fr\/dossier\/transmusicales?at_medium=RSS%20feed&amp;at_campaign=ynews&amp;utm_source=yahoo&amp;utm_medium=rss&amp;utm_campaign=news_feed&amp;utm_content=in_article_link\" rel=\"nofollow noopener\" target=\"_blank\" data-ylk=\"slk:Trans Musicales;elm:context_link;itc:0;sec:content-canvas\" class=\"link \">Trans Musicales<\/a>, dont la 47e \u00e9dition s\u2019est ouverte jeudi. Au Libert\u00e9 ou au Parc-Expo, ce sont pas loin de 60.000 spectateurs qui viendront \u00e9couter <a href=\"https:\/\/www.20minutes.fr\/arts-stars\/culture\/musique\/4127863-20241206-trans-musicales-musique-pretexte-festivaliers-connaissent-groupe-prog?at_medium=RSS%20feed&amp;at_campaign=ynews&amp;utm_source=yahoo&amp;utm_medium=rss&amp;utm_campaign=news_feed&amp;utm_content=in_article_link\" rel=\"nofollow noopener\" target=\"_blank\" data-ylk=\"slk:des groupes que personne, ou presque, ne conna\u00eet;elm:context_link;itc:0;sec:content-canvas\" class=\"link \">des groupes que personne, ou presque, ne conna\u00eet<\/a>.<\/p>\n<p class=\"mb-4 text-lg md:leading-8 break-words\">La particularit\u00e9 de ce festival \u00ab\u00a0nouveau depuis\u00a01979\u00a0\u00bb comme le dit son slogan, c\u2019est d\u2019avoir un public tr\u00e8s fid\u00e8le qui le suit depuis longtemps. Un public qui a vieilli, dont les cheveux ont blanchi ou parfois m\u00eame disparu mais qui continue de venir. M\u00eame s\u2019il fait froid. M\u00eame si c\u2019est tard. Et m\u00eame si le lendemain, c\u2019est plus compliqu\u00e9 de s\u2019en relever que quand ils avaient 20 piges. \u00ab\u00a0Clairement, faire les trois jours, je ne peux plus\u00a0\u00bb, raconte St\u00e9phane, apr\u00e8s une premi\u00e8re gorg\u00e9e de bi\u00e8re. \u00ab\u00a0Je ne vais plus au Parc-Expo, parce que je trouve \u00e7a un peu grand. Mais je continue de venir au Libert\u00e9, on se retrouve avec des potes. C\u2019est le rituel annuel\u00a0\u00bb, poursuit le festivalier de 56 ans.<\/p>\n<p class=\"mb-4 text-lg md:leading-8 break-words\">Comme beaucoup, le Rennais a d\u00e9couvert les Trans quand il \u00e9tait \u00e9tudiant dans la capitale bretonne. Pour sa premi\u00e8re, il avait \u00e9t\u00e9 le t\u00e9moin d\u2019un \u00e9v\u00e9nement qui l\u2019avait marqu\u00e9 \u00e0 vie. \u00ab\u00a0J\u2019ai vu Nirvana. C\u2019\u00e9tait en\u00a01991 ici. C\u2019\u00e9tait fou furieux. Ils avaient tout balanc\u00e9 \u00e0 la fin du concert.\u00a0\u00bb Depuis cette date, St(&#8230;)<\/p>\n<p class=\"mb-4 text-lg md:leading-8 break-words\"><a href=\"https:\/\/www.20minutes.fr\/arts-stars\/culture\/musique\/4189935-20251205-trans-musicales-rennes-darons-alignent-marathon-musical?at_medium=RSS%20feed&amp;at_campaign=ynews&amp;utm_source=yahoo&amp;utm_medium=rss&amp;utm_campaign=news_feed&amp;utm_content=read_more_link&quot;\" rel=\"nofollow noopener\" target=\"_blank\" data-ylk=\"slk:Lire la suite sur 20minutes;elm:context_link;itc:0;sec:content-canvas\" class=\"link \">Lire la suite sur 20minutes<\/a><\/p>\n<p>\u00c0 lire aussi :<br \/><a href=\"https:\/\/www.20minutes.fr\/societe\/4176608-20251010-comme-sentiment-liberte-hommes-portent-kilt?at_medium=RSS%20feed&amp;at_campaign=ynews&amp;utm_source=yahoo&amp;utm_medium=rss&amp;utm_campaign=news_feed&amp;utm_content=related_content_link\" rel=\"nofollow noopener\" target=\"_blank\" data-ylk=\"slk:\u00ab\u00a0Comme un sentiment de libert\u00e9\u00a0\u00bb\u2026 Qui sont ces hommes qui portent le kilt\u00a0?;elm:context_link;itc:0;sec:content-canvas\" class=\"link \">\u00ab\u00a0Comme un sentiment de libert\u00e9\u00a0\u00bb\u2026 Qui sont ces hommes qui portent le kilt\u00a0?<\/a><br \/><a href=\"https:\/\/www.20minutes.fr\/nantes\/4189254-20251203-nantes-malgre-obstacles-300-concerts-programmes-festival-folle-journee-apres-depart-rene-martin?at_medium=RSS%20feed&amp;at_campaign=ynews&amp;utm_source=yahoo&amp;utm_medium=rss&amp;utm_campaign=news_feed&amp;utm_content=related_content_link\" rel=\"nofollow noopener\" target=\"_blank\" data-ylk=\"slk:Nantes\u00a0: Malgr\u00e9 \u00ab\u00a0les obstacles\u00a0\u00bb, 300 concerts programm\u00e9s au festival La Folle Journ\u00e9e apr\u00e8s le d\u00e9part de Ren\u00e9 Martin;elm:context_link;itc:0;sec:content-canvas\" class=\"link \">Nantes\u00a0: Malgr\u00e9 \u00ab\u00a0les obstacles\u00a0\u00bb, 300 concerts programm\u00e9s au festival La Folle Journ\u00e9e apr\u00e8s le d\u00e9part de Ren\u00e9 Martin<\/a><\/p>\n","protected":false},"excerpt":{"rendered":"Jeunesse \u00e9ternelle &#8211; N\u00e9 en\u00a01979, le festival rennais continue d\u2019attirer un public \u00e2g\u00e9 et fid\u00e8le capable de tenir&hellip;\n","protected":false},"author":2,"featured_media":580571,"comment_status":"","ping_status":"","sticky":false,"template":"","format":"standard","meta":{"footnotes":""},"categories":[2821],"tags":[1111,11,829,1777,674,1011,27,69453,12,57516,584,25,69454],"class_list":{"0":"post-580570","1":"post","2":"type-post","3":"status-publish","4":"format-standard","5":"has-post-thumbnail","7":"category-rennes","8":"tag-actu","9":"tag-actualites","10":"tag-bretagne","11":"tag-eu","12":"tag-europe","13":"tag-fr","14":"tag-france","15":"tag-jeunesse-eternelle","16":"tag-news","17":"tag-parc-expo","18":"tag-rennes","19":"tag-republique-francaise","20":"tag-sentiment-de-liberte"},"share_on_mastodon":{"url":"https:\/\/pubeurope.com\/@fr\/115668741379319614","error":""},"_links":{"self":[{"href":"https:\/\/www.europesays.com\/fr\/wp-json\/wp\/v2\/posts\/580570","targetHints":{"allow":["GET"]}}],"collection":[{"href":"https:\/\/www.europesays.com\/fr\/wp-json\/wp\/v2\/posts"}],"about":[{"href":"https:\/\/www.europesays.com\/fr\/wp-json\/wp\/v2\/types\/post"}],"author":[{"embeddable":true,"href":"https:\/\/www.europesays.com\/fr\/wp-json\/wp\/v2\/users\/2"}],"replies":[{"embeddable":true,"href":"https:\/\/www.europesays.com\/fr\/wp-json\/wp\/v2\/comments?post=580570"}],"version-history":[{"count":0,"href":"https:\/\/www.europesays.com\/fr\/wp-json\/wp\/v2\/posts\/580570\/revisions"}],"wp:featuredmedia":[{"embeddable":true,"href":"https:\/\/www.europesays.com\/fr\/wp-json\/wp\/v2\/media\/580571"}],"wp:attachment":[{"href":"https:\/\/www.europesays.com\/fr\/wp-json\/wp\/v2\/media?parent=580570"}],"wp:term":[{"taxonomy":"category","embeddable":true,"href":"https:\/\/www.europesays.com\/fr\/wp-json\/wp\/v2\/categories?post=580570"},{"taxonomy":"post_tag","embeddable":true,"href":"https:\/\/www.europesays.com\/fr\/wp-json\/wp\/v2\/tags?post=580570"}],"curies":[{"name":"wp","href":"https:\/\/api.w.org\/{rel}","templated":true}]}}